{"id":44791,"date":"2025-03-27T11:00:38","date_gmt":"2025-03-27T09:00:38","guid":{"rendered":"https:\/\/edublog.educastur.es\/ixuxu\/?p=44791"},"modified":"2025-03-27T15:56:11","modified_gmt":"2025-03-27T13:56:11","slug":"44791","status":"publish","type":"post","link":"https:\/\/edublog.educastur.es\/ixuxu\/2025\/03\/44791\/","title":{"rendered":"Asturies refuerza la so proyecci\u00f3n internacional como dest\u00edn sostenible n&#8217;Italia"},"content":{"rendered":"<div class=\"html-div xdj266r xat24cr x1mh8g0r xexx8yu x4uap5 x18d9i69 xkhd6sd x78zum5 x2lah0s xqtp20y x1emribx\">\n<div class=\"xc9qbxq x14qfxbe x6s0dn4 x78zum5 xl56j7k\">\n<div style=\"text-align: center\"><a href=\"https:\/\/actualidad.asturias.es\/documents\/537115\/2458420\/2025_03_26+vicepresidenta+reunion+italia+1+%281%29.jpg\/0e31bd7f-5c68-604b-f05e-f89d98a39537?t=1743015271792\"><img loading=\"lazy\" decoding=\"async\" class=\"aligncenter \" src=\"https:\/\/actualidad.asturias.es\/documents\/537115\/2458420\/2025_03_26+vicepresidenta+reunion+italia+1+%281%29.jpg\/0e31bd7f-5c68-604b-f05e-f89d98a39537?t=1743015271792\" width=\"764\" height=\"579\" \/><\/a><\/div>\n<div class=\"\">Asturies refuerza la so proyecci\u00f3n internacional como dest\u00edn sostenible y cercanu n&#8217;una presentaci\u00f3n tur\u00edstica nel V\u00e9netu. La vicepresidenta, Gimena Llamedo Gonz\u00e1lez , promociona&#8217;l Princip\u00e1u n&#8217;Italia, unu de los mercaos en crecedera: cada a\u00f1u lleguen a la comunid\u00e1 35.000 visitantes procedentes del pa\u00eds.<br \/>\nLa conex\u00f3n a\u00e9rea con ciudaes como Mil\u00e1n, Roma y Venecia facilita l&#8217;accesu a un territoriu con siete acutes de la biosfera y una marca mesma reconocida dende fai 40 a\u00f1os.<\/div>\n<\/div>\n<\/div>\n<div class=\"x78zum5 xdt5ytf xz62fqu x16ldp7u\">\n<div class=\"xu06os2 x1ok221b\">\n<div class=\"html-div xdj266r x11i5rnm xat24cr x1mh8g0r xexx8yu x4uap5 x18d9i69 xkhd6sd\" data-ad-rendering-role=\"profile_name\">\n<ul>\n<li class=\"html-h3 x11i5rnm xat24cr x1mh8g0r xexx8yu x4uap5 x18d9i69 xkhd6sd x1vvkbs x1heor9g x1qlqyl8 x1pd3egz x1a2a7pz x1gslohp x1yc453h\"><span class=\"x1lliihq x6ikm8r x10wlt62 x1n2onr6\"><span class=\"xt0psk2\"><span class=\"xjp7ctv\"><a class=\"x1i10hfl xjbqb8w x1ejq31n xd10rxx x1sy0etr x17r0tee x972fbf xcfux6l x1qhh985 xm0m39n x9f619 x1ypdohk xt0psk2 xe8uvvx xdj266r x11i5rnm xat24cr x1mh8g0r xexx8yu x4uap5 x18d9i69 xkhd6sd x16tdsg8 x1hl2dhg xggy1nq x1a2a7pz xkrqix3 x1sur9pj xzsf02u x1s688f\" role=\"link\" href=\"https:\/\/www.facebook.com\/gobiernodeasturias?__cft__[0]=AZXtSuO3k73558JUPpLW4AaW956LGbyJDzeswLFDUCK6OsTk17FXo0IR9FgFdqIw8rsiWB6BVhH1gJbu4jgFVRopsYYcJPbO2PeGN_5OL4GfyEq8I13OH48hZzczbNOZHhz9G2laYwUgrgea0G1jrY_vf8rN09jKELKJ6zEHr9fb-PdIqqWmFQwOvRpuHUEP3taEJQz4fs8wYkH0VJpHvw5HHzhEKNu7ATclaG4044_-3g&amp;__tn__=-UC%2CP-y-R\"><strong class=\"html-strong xdj266r x11i5rnm xat24cr x1mh8g0r xexx8yu x4uap5 x18d9i69 xkhd6sd x1hl2dhg x16tdsg8 x1vvkbs x1s688f\"><span class=\"html-span xdj266r x11i5rnm xat24cr x1mh8g0r xexx8yu x4uap5 x18d9i69 xkhd6sd x1hl2dhg x16tdsg8 x1vvkbs\">Principado de Asturias<\/span><\/strong><\/a><\/span><\/span><span class=\"html-span xdj266r x11i5rnm xat24cr x1mh8g0r xexx8yu x4uap5 x18d9i69 xkhd6sd x1hl2dhg x16tdsg8 x1vvkbs x1dor1uw x1n2onr6 xxymvpz\"> \/<\/span><\/span>M\u00e1s <span class=\"html-span xexx8yu x4uap5 x18d9i69 xkhd6sd x1hl2dhg x16tdsg8 x1vvkbs x3nfvp2 x1j61x8r x1fcty0u xdj266r xat24cr xgzva0m xhhsvwb xxymvpz xlup9mm x1kky2od\"><img loading=\"lazy\" decoding=\"async\" class=\"xz74otr x168nmei x13lgxp2 x5pf9jr xo71vjh\" src=\"https:\/\/static.xx.fbcdn.net\/images\/emoji.php\/v9\/t8e\/1\/16\/2139.png\" alt=\"\u2139\" width=\"16\" height=\"16\" \/><\/span><span class=\"html-span xexx8yu x4uap5 x18d9i69 xkhd6sd x1hl2dhg x16tdsg8 x1vvkbs x3nfvp2 x1j61x8r x1fcty0u xdj266r xat24cr xgzva0m xhhsvwb xxymvpz xlup9mm x1kky2od\"><img loading=\"lazy\" decoding=\"async\" class=\"xz74otr x168nmei x13lgxp2 x5pf9jr xo71vjh\" src=\"https:\/\/static.xx.fbcdn.net\/images\/emoji.php\/v9\/t4f\/1\/16\/1f447.png\" alt=\"\ud83d\udc47\" width=\"16\" height=\"16\" \/><\/span><span class=\"html-span xdj266r x11i5rnm xat24cr x1mh8g0r xexx8yu x4uap5 x18d9i69 xkhd6sd x1hl2dhg x16tdsg8 x1vvkbs\"><a class=\"x1i10hfl xjbqb8w x1ejq31n xd10rxx x1sy0etr x17r0tee x972fbf xcfux6l x1qhh985 xm0m39n x9f619 x1ypdohk xt0psk2 xe8uvvx xdj266r x11i5rnm xat24cr x1mh8g0r xexx8yu x4uap5 x18d9i69 xkhd6sd x16tdsg8 x1hl2dhg xggy1nq x1a2a7pz xkrqix3 x1sur9pj x1fey0fg x1s688f\" role=\"link\" href=\"https:\/\/l.facebook.com\/l.php?u=https%3A%2F%2Ftinyurl.com%2F8nu6h5c8%3Ffbclid%3DIwZXh0bgNhZW0CMTAAAR2-V_POKg31paDbU18EHVeyfWRLhxHn_3WRT-X5L-74B9UukXuesBheRK0_aem_GNYhl96Kga2uIyPtOVIgkg&amp;h=AT0dFMfL5SQGEDMVIgoTLqWZAqMoOny4eJhf7G0U20OTA29A3QmAncqjAzUy1Q_aeiIvm5xpRcaV_rYvzyLi56MdnBDABqVkGxY8uJ5ARUhkcQC0rUIki9FVLB0HHSleseJOASXSTzYjzg&amp;__tn__=-UK-y-R&amp;c[0]=AT1O5fK6SwvJXS_IGKT0dBy0BQJbZIcjPhJbqOD6cp3UTnOazSPI70oNoVe8tI34FBTOvRgDEu_1Dx8hnQwWrp7L6orqzDKeYkpIg_nPzUqzFxfRV3zFdRuWDS0K7cKVQkJhMqyOzQtjF-xZL5UKDMhba8u7rUQ3OR5hYFkWy8aB28JuIbixUTqhQyPO2cES-kHUi_QXFcNPVdOpvEEkYvdpKULr4OXEs1aW_yGmKuVUPXsCHA\" target=\"_blank\" rel=\"nofollow noopener noreferrer\">https:\/\/tinyurl.com\/8nu6h5c8<\/a><\/span><\/li>\n<\/ul>\n<p><em><!--more--><\/em><\/p>\n<p><em>\u201cEl viaxeru que busca autenticid\u00e1, naturaleza y calid\u00e1 atopa n&#8217;Asturies un para\u00edsu cercanu, un llugar onde alendar aire puro, percorrer pueblos con alma y esfrutar d&#8217;una cocina con raiga\u00f1os y paisaxes\u201d<\/em>, destac\u00f3 la vicepresidenta.<\/p>\n<p>Mientres la so intervenci\u00f3n, Llamedo record\u00f3 qu&#8217;Asturies \u201csupo caltener la so esencia mientres sabriese al mundu con una ufierta tur\u00edstica cada vez m\u00e1s diversificada y conectada\u201d y resalt\u00f3 que, con m\u00e1s d&#8217;un terciu del territoriu protex\u00edu y siete acutes de la Biosfera reconoc\u00edes pola UNESCO, la comunid\u00e1 \u201cye un modelu de sostenibilid\u00e1 tur\u00edstica y d&#8217;autenticid\u00e1\u201d.<\/p>\n<p>Tami\u00e9n punxo en valor el sellu Asturies Para\u00edsu Natural, una marca que cumple 40 a\u00f1os y qu&#8217;ampara \u201cun territoriu que combina mari\u00f1a y monte, patrimoniu, cultura, gastronom\u00eda y una manera de vida sele y atopadizu que cada vez seduz a m\u00e1s visitantes internacionales\u201d.<\/p>\n<p><strong>La cultura sidrera<\/strong><\/p>\n<p>La cultura sidrera asturiana, apocay\u00e1 declarada patrimoniu inmaterial de la humanid\u00e1 pola Unesco, ye unu de los recursos que&#8217;l Princip\u00e1u promociona estos d\u00edes n&#8217;Italia. L&#8217;actu celebr\u00e1u g\u00fcei en Padua cunt\u00f3 con una degustaci\u00f3n de productos asturianos, como quesos artesanos y sidra escanciao pola hostelera Alejandra\u00a0 Venegas. Les persones participantes tami\u00e9n pudieron probar un men\u00fa ellabor\u00e1u pol chef Luis Alberto Mart\u00ednez, del restor\u00e1n Casa Ferm\u00edn d&#8217;Uvi\u00e9u. La velada concluy\u00f3 cola proyecci\u00f3n del v\u00eddeu promocional Asturies, vuelve al para\u00edsu.<\/p>\n<p>M\u00e1s de 35.000 turistes italianos visiten cada a\u00f1u Asturies, atra\u00edos pol so patrimoniu natural, cultural y gastron\u00f3micu. Coles mires de consolidar esti encl\u00edn, el Princip\u00e1u intensific\u00f3 la so promoci\u00f3n nel pa\u00eds, col que se caltienen conexones directes a\u00e9rees dende Mil\u00e1n, Roma y Venecia. Estes rutes rexistraron una crecedera del 14,3% nel \u00faltimu a\u00f1u, con m\u00e1s de 103.000 pasaxeros en 2024.<\/p>\n<p>Estes rutes formen parte d&#8217;una estratexa m\u00e1s amplia d&#8217;internacionalizaci\u00f3n del dest\u00edn Asturies, que dobl\u00f3 en cinco a\u00f1os los vuelos directos dende&#8217;l so aeropuertu y multiplic\u00e1u por ocho los pasaxeros internacionales, que y\u00e1 representen el 23% del total.<\/p>\n<p>\u201cLa conectivid\u00e1 d\u00e9xanos averar Asturies al mundu, pero lo que namora ye lo que&#8217;l visitante #atopar al llegar: un para\u00edsu natural que sigue intactu\u201d, valor\u00f3 Llamedo, quien tami\u00e9n s&#8217;axunt\u00f3 en Padua cola directora de la Oficina Espa\u00f1ola de Turismu en Mil\u00e1n y conseyera de Turismu de la Embaxada d&#8217;Espa\u00f1a n&#8217;Italia, Blanca P\u00e9rez-Sauquillo.<\/p>\n<p>La internacionalizaci\u00f3n y la desestacionalizaci\u00f3n del turismu son dos de los retos qu&#8217;encaren el sector y el Gobiernu d&#8217;Asturies. El merc\u00e1u internacional apurre y\u00e1&#8217;l 22,6% de los visitantes y el 19,6% de les estancies de quien visiten el Princip\u00e1u, seg\u00fan el balance del <strong>Institutu Nacional d&#8217;Estad\u00edstiques (INE)<\/strong> correspondiente a 2024. Am\u00e1s, les mayores medr\u00edes de turistes t\u00e1n produci\u00e9ndose fora de temporada, con un 4,2%, frente al aumentu del 2,1% pel branu.<\/p>\n<\/div>\n<\/div>\n<\/div>\n<p>&nbsp;<\/p>\n","protected":false},"excerpt":{"rendered":"<p>Asturies refuerza la so proyecci\u00f3n internacional como dest\u00edn sostenible y cercanu n&#8217;una presentaci\u00f3n tur\u00edstica nel V\u00e9netu. La vicepresidenta, Gimena Llamedo Gonz\u00e1lez , promociona&#8217;l Princip\u00e1u n&#8217;Italia, unu de los mercaos en crecedera: cada a\u00f1u lleguen a la comunid\u00e1 35.000 visitantes procedentes del pa\u00eds. La conex\u00f3n a\u00e9rea con ciudaes como Mil\u00e1n, Roma y Venecia facilita l&#8217;accesu a [&hellip;]<\/p>\n","protected":false},"author":117,"featured_media":0,"comment_status":"open","ping_status":"open","sticky":false,"template":"","format":"standard","meta":{"footnotes":""},"categories":[18],"tags":[],"class_list":["post-44791","post","type-post","status-publish","format-standard","hentry","category-turismu"],"_links":{"self":[{"href":"https:\/\/edublog.educastur.es\/ixuxu\/wp-json\/wp\/v2\/posts\/44791","targetHints":{"allow":["GET"]}}],"collection":[{"href":"https:\/\/edublog.educastur.es\/ixuxu\/wp-json\/wp\/v2\/posts"}],"about":[{"href":"https:\/\/edublog.educastur.es\/ixuxu\/wp-json\/wp\/v2\/types\/post"}],"author":[{"embeddable":true,"href":"https:\/\/edublog.educastur.es\/ixuxu\/wp-json\/wp\/v2\/users\/117"}],"replies":[{"embeddable":true,"href":"https:\/\/edublog.educastur.es\/ixuxu\/wp-json\/wp\/v2\/comments?post=44791"}],"version-history":[{"count":3,"href":"https:\/\/edublog.educastur.es\/ixuxu\/wp-json\/wp\/v2\/posts\/44791\/revisions"}],"predecessor-version":[{"id":44794,"href":"https:\/\/edublog.educastur.es\/ixuxu\/wp-json\/wp\/v2\/posts\/44791\/revisions\/44794"}],"wp:attachment":[{"href":"https:\/\/edublog.educastur.es\/ixuxu\/wp-json\/wp\/v2\/media?parent=44791"}],"wp:term":[{"taxonomy":"category","embeddable":true,"href":"https:\/\/edublog.educastur.es\/ixuxu\/wp-json\/wp\/v2\/categories?post=44791"},{"taxonomy":"post_tag","embeddable":true,"href":"https:\/\/edublog.educastur.es\/ixuxu\/wp-json\/wp\/v2\/tags?post=44791"}],"curies":[{"name":"wp","href":"https:\/\/api.w.org\/{rel}","templated":true}]}}