{"id":44817,"date":"2025-03-27T18:00:40","date_gmt":"2025-03-27T16:00:40","guid":{"rendered":"https:\/\/edublog.educastur.es\/ixuxu\/?p=44817"},"modified":"2025-03-28T11:48:44","modified_gmt":"2025-03-28T09:48:44","slug":"festival-voces-nel-fornu-nuvieu","status":"publish","type":"post","link":"https:\/\/edublog.educastur.es\/ixuxu\/2025\/03\/festival-voces-nel-fornu-nuvieu\/","title":{"rendered":"Festival \u00abVoces nel Fornu\u00bbde poes\u00eda, n&#8217;Uvi\u00e9u"},"content":{"rendered":"<div class=\"html-div xdj266r xat24cr x1mh8g0r xexx8yu x4uap5 x18d9i69 xkhd6sd x78zum5 x2lah0s xqtp20y x1emribx\">\n<div class=\"xc9qbxq x1td3qas x6s0dn4 x78zum5 xl56j7k\">\n<div class=\"\" style=\"text-align: center\">\n<!-- iframe plugin v.6.0 wordpress.org\/plugins\/iframe\/ -->\n<iframe loading=\"lazy\" src=\"https:\/\/www.instagram.com\/reel\/DHvOOShCvFm\/embed\" width=\"640\" height=\"400\" 0=\"\/iframe\" scrolling=\"yes\" class=\"iframe-class\" frameborder=\"0\"><\/iframe>\n<\/div>\n<\/div>\n<\/div>\n<div class=\"x78zum5 xdt5ytf xz62fqu x16ldp7u\">\n<div class=\"xu06os2 x1ok221b\">\n<div class=\"html-div xdj266r x11i5rnm xat24cr x1mh8g0r xexx8yu x4uap5 x18d9i69 xkhd6sd\" data-ad-rendering-role=\"profile_name\">\n<ul>\n<li class=\"html-h3 x11i5rnm xat24cr x1mh8g0r xexx8yu x4uap5 x18d9i69 xkhd6sd x1vvkbs x1heor9g x1qlqyl8 x1pd3egz x1a2a7pz x1gslohp x1yc453h\"><span class=\"x1lliihq x6ikm8r x10wlt62 x1n2onr6\"><span class=\"xt0psk2\"><span class=\"xjp7ctv\"><a class=\"x1i10hfl xjbqb8w x1ejq31n xd10rxx x1sy0etr x17r0tee x972fbf xcfux6l x1qhh985 xm0m39n x9f619 x1ypdohk xt0psk2 xe8uvvx xdj266r x11i5rnm xat24cr x1mh8g0r xexx8yu x4uap5 x18d9i69 xkhd6sd x16tdsg8 x1hl2dhg xggy1nq x1a2a7pz xkrqix3 x1sur9pj xzsf02u x1s688f\" role=\"link\" href=\"https:\/\/www.facebook.com\/culturaoviedo?__cft__[0]=AZVrsCfVMFEKgwZWJ-M2H7sgWmKXen8qA70V4sQCgn7pE2FLEuhoOdLHUg7OUMBjIeEnAvJ44cE5dGb1kUBPb7aWX9H0nR8TiwfDjvKPJr-1kH7TDpLkY1_uS0I09h_9_KISGZiy_4aLnFNLPCpM8jYc5CaXmIX7qR1wcUlQDpGGI5R2QnZK8dcJY8MLbfLtatzANda6H2BskHneXShpxZ5zlJuhQYT5E25lWCyYrbQ3RQ&amp;__tn__=-UC%2CP-y-R\"><strong class=\"html-strong xdj266r x11i5rnm xat24cr x1mh8g0r xexx8yu x4uap5 x18d9i69 xkhd6sd x1hl2dhg x16tdsg8 x1vvkbs x1s688f\"><span class=\"html-span xdj266r x11i5rnm xat24cr x1mh8g0r xexx8yu x4uap5 x18d9i69 xkhd6sd x1hl2dhg x16tdsg8 x1vvkbs\">Cultura Oviedo<\/span><\/strong><\/a><\/span><\/span><\/span><span class=\"html-span xexx8yu x4uap5 x18d9i69 xkhd6sd x1hl2dhg x16tdsg8 x1vvkbs x3nfvp2 x1j61x8r x1fcty0u xdj266r xat24cr xgzva0m xhhsvwb xxymvpz\">\/ \ud83d\udc08\u200d<\/span> <span class=\"html-span xdj266r x11i5rnm xat24cr x1mh8g0r xexx8yu x4uap5 x18d9i69 xkhd6sd x1hl2dhg x16tdsg8 x1vvkbs\"><a class=\"x1i10hfl xjbqb8w x1ejq31n xd10rxx x1sy0etr x17r0tee x972fbf xcfux6l x1qhh985 xm0m39n x9f619 x1ypdohk xt0psk2 xe8uvvx xdj266r x11i5rnm xat24cr x1mh8g0r xexx8yu x4uap5 x18d9i69 xkhd6sd x16tdsg8 x1hl2dhg xggy1nq x1a2a7pz xkrqix3 x1sur9pj x1fey0fg x1s688f\" role=\"link\" href=\"https:\/\/www.facebook.com\/culturaoviedo?__cft__[0]=AZVrsCfVMFEKgwZWJ-M2H7sgWmKXen8qA70V4sQCgn7pE2FLEuhoOdLHUg7OUMBjIeEnAvJ44cE5dGb1kUBPb7aWX9H0nR8TiwfDjvKPJr-1kH7TDpLkY1_uS0I09h_9_KISGZiy_4aLnFNLPCpM8jYc5CaXmIX7qR1wcUlQDpGGI5R2QnZK8dcJY8MLbfLtatzANda6H2BskHneXShpxZ5zlJuhQYT5E25lWCyYrbQ3RQ&amp;__tn__=-]K-y-R\"><span class=\"xt0psk2\"><span class=\"xjp7ctv\">Cultura Oviedo<\/span><\/span><\/a><\/span>\/ <a href=\"https:\/\/www.oviedo.es\/-\/cultura-presenta-el-festival-voces-del-fornu-una-actividad-pionera-para-dotar-a-oviedo-de-un-programa-poetico-de-primer-nivel\"><strong>web<\/strong> <\/a>\/<a href=\"https:\/\/www.instagram.com\/vocesdelfornu\"><strong>@vocesdelfornu<\/strong><\/a> \/\u00a0 <span class=\"html-span xexx8yu x4uap5 x18d9i69 xkhd6sd x1hl2dhg x16tdsg8 x1vvkbs x3nfvp2 x1j61x8r x1fcty0u xdj266r xat24cr xgzva0m xhhsvwb xxymvpz xlup9mm x1kky2od\"><img loading=\"lazy\" decoding=\"async\" class=\"xz74otr x168nmei x13lgxp2 x5pf9jr xo71vjh\" src=\"https:\/\/static.xx.fbcdn.net\/images\/emoji.php\/v9\/t8e\/1\/16\/2139.png\" alt=\"\u2139\ufe0f\" width=\"16\" height=\"16\" \/><\/span> M\u00e1s\u00a0 <span class=\"html-span xdj266r x11i5rnm xat24cr x1mh8g0r xexx8yu x4uap5 x18d9i69 xkhd6sd x1hl2dhg x16tdsg8 x1vvkbs\"><a class=\"x1i10hfl xjbqb8w x1ejq31n xd10rxx x1sy0etr x17r0tee x972fbf xcfux6l x1qhh985 xm0m39n x9f619 x1ypdohk xt0psk2 xe8uvvx xdj266r x11i5rnm xat24cr x1mh8g0r xexx8yu x4uap5 x18d9i69 xkhd6sd x16tdsg8 x1hl2dhg xggy1nq x1a2a7pz xkrqix3 x1sur9pj x1fey0fg x1s688f\" role=\"link\" href=\"http:\/\/www.oviedo.es\/noticias?fbclid=IwZXh0bgNhZW0CMTAAAR3YWjwvnYwRp4hF0Zm_pRmcB92ttn8_yud4VEE7t3ZnZYiIh9fPuXYPWA4_aem_oEbrsK71ns-cR33veuBZwQ\" target=\"_blank\" rel=\"nofollow noopener noreferrer\">www.oviedo.es\/noticias<\/a><\/span>\u00a0\/ <span class=\"html-span xdj266r x11i5rnm xat24cr x1mh8g0r xexx8yu x4uap5 x18d9i69 xkhd6sd x1hl2dhg x16tdsg8 x1vvkbs\"><a class=\"x1i10hfl xjbqb8w x1ejq31n xd10rxx x1sy0etr x17r0tee x972fbf xcfux6l x1qhh985 xm0m39n x9f619 x1ypdohk xt0psk2 xe8uvvx xdj266r x11i5rnm xat24cr x1mh8g0r xexx8yu x4uap5 x18d9i69 xkhd6sd x16tdsg8 x1hl2dhg xggy1nq x1a2a7pz xkrqix3 x1sur9pj x1fey0fg x1s688f\" role=\"link\" href=\"https:\/\/l.facebook.com\/l.php?u=https%3A%2F%2Fwww.instagram.com%2F_u%2Foviedocapital2031%3Ffbclid%3DIwZXh0bgNhZW0CMTAAAR1ktuk5YhQh7cM6c1d6OqUx51emsZKwKhi9Uw9rALPQioXtoMOoHmQO_Lk_aem_vUfTjz1b05DZmbujfd43QA&amp;h=AT0j84cvt0n-cEvJclkAV_jSkMY6AQPoedjXK4Xv8GnosoD0WaMbjPcaJm7zFjurIoBm5mNwJfETdglhqsCa-lhzCpTogP7C4_ie5AdOtCU66PJoK_Ubt5EfXnnwHXMQTw&amp;__tn__=-UK-y-R&amp;c[0]=AT0Tbnul-GvhaVOQ67bivf97c6UiKX2rirdwS_NpIr2iHujzh_IfQ6wYzyUDNY4KG26iFyVuKmE54p-wYjf8u-Fzx8YRld9OiU1Lm6JpMRxeCqM3pu-9uE0DlVQi-T0fbKL-wQuzTNmGTvUPgZCodgZoUZl6wVTdZ9GXOy6VJtHAikB7TzO1LBxnQ3sZpH15SA9OUJyAsZlLqwb6z__8pUTjE3FCJa74ysVBUjmNRMhxo0QNjA\" target=\"_blank\" rel=\"nofollow noopener noreferrer\">@oviedocapital2031<\/a><\/span><\/li>\n<\/ul>\n<p>Cultura uvi\u00e9u presenta&#8217;l \ud835\udc05\ud835\udc1e\ud835\udc2c\ud835\udc2d\ud835\udc22\ud835\udc2f\ud835\udc1a\ud835\udc25 \ud835\udc15\ud835\udc28\ud835\udc1c\ud835\udc1e\ud835\udc2c \ud835\udc1d\ud835\udc1e\ud835\udc25 \ud835\udc05\ud835\udc28\ud835\udc2b\ud835\udc27\ud835\udc2e, una activid\u00e1 pionera para dotar a Uvi\u00e9u d&#8217;un programa po\u00e9ticu de primer nivel. El programa, que se va desenvolver <strong>na plaza de Trascorrales, el 26 d&#8217;abril<\/strong>, a les 19:00 hores, naz cola vocaci\u00f3n de convertise en referente a\u00f1al nel mundu de la poes\u00eda. El presidente de la Fundaci\u00f3n Municipal de Cultura, el conceyal @davidalvarezovd presentolo g\u00fcei acompa\u00f1\u00e1u del so organizador, <a href=\"https:\/\/www.facebook.com\/monteavaro\"><strong>Miguel Rodr\u00edguez Monteavaro.<\/strong><\/a><\/p>\n<p><!--more--><\/p>\n<div class=\"x11i5rnm xat24cr x1mh8g0r x1vvkbs xtlvy1s x126k92a\">\n<div dir=\"auto\"><strong>Actuaciones<\/strong>:<\/div>\n<div dir=\"auto\">\n<p class=\"_ap3a _aaco _aacu _aacx _aad7 _aade\" dir=\"auto\">&#8211;<a class=\"x1i10hfl xjbqb8w x1ejq31n xd10rxx x1sy0etr x17r0tee x972fbf xcfux6l x1qhh985 xm0m39n x9f619 x1ypdohk xt0psk2 xe8uvvx xdj266r x11i5rnm xat24cr x1mh8g0r xexx8yu x4uap5 x18d9i69 xkhd6sd x16tdsg8 x1hl2dhg xggy1nq x1a2a7pz notranslate _a6hd\" role=\"link\" href=\"https:\/\/www.instagram.com\/elvelcroelectrorapsodia\/\">@elvelcroelectrorapsodia<\/a> (<a class=\"x1i10hfl xjbqb8w x1ejq31n xd10rxx x1sy0etr x17r0tee x972fbf xcfux6l x1qhh985 xm0m39n x9f619 x1ypdohk xt0psk2 xe8uvvx xdj266r x11i5rnm xat24cr x1mh8g0r xexx8yu x4uap5 x18d9i69 xkhd6sd x16tdsg8 x1hl2dhg xggy1nq x1a2a7pz notranslate _a6hd\" role=\"link\" href=\"https:\/\/www.instagram.com\/asturiesunderground\/\">@asturiesunderground<\/a> y <a class=\"x1i10hfl xjbqb8w x1ejq31n xd10rxx x1sy0etr x17r0tee x972fbf xcfux6l x1qhh985 xm0m39n x9f619 x1ypdohk xt0psk2 xe8uvvx xdj266r x11i5rnm xat24cr x1mh8g0r xexx8yu x4uap5 x18d9i69 xkhd6sd x16tdsg8 x1hl2dhg xggy1nq x1a2a7pz notranslate _a6hd\" role=\"link\" href=\"https:\/\/www.instagram.com\/duducortines\/\">@duducortines<\/a>)<br \/>\n&#8211;<a class=\"x1i10hfl xjbqb8w x1ejq31n xd10rxx x1sy0etr x17r0tee x972fbf xcfux6l x1qhh985 xm0m39n x9f619 x1ypdohk xt0psk2 xe8uvvx xdj266r x11i5rnm xat24cr x1mh8g0r xexx8yu x4uap5 x18d9i69 xkhd6sd x16tdsg8 x1hl2dhg xggy1nq x1a2a7pz notranslate _a6hd\" role=\"link\" href=\"https:\/\/www.instagram.com\/cintaadhesiva___\/\">@cintaadhesiva___<\/a> (<a class=\"x1i10hfl xjbqb8w x1ejq31n xd10rxx x1sy0etr x17r0tee x972fbf xcfux6l x1qhh985 xm0m39n x9f619 x1ypdohk xt0psk2 xe8uvvx xdj266r x11i5rnm xat24cr x1mh8g0r xexx8yu x4uap5 x18d9i69 xkhd6sd x16tdsg8 x1hl2dhg xggy1nq x1a2a7pz notranslate _a6hd\" role=\"link\" href=\"https:\/\/www.instagram.com\/silvia_penas_estevez\/\">@silvia_penas_estevez<\/a>)<br \/>\n&#8211;<a class=\"x1i10hfl xjbqb8w x1ejq31n xd10rxx x1sy0etr x17r0tee x972fbf xcfux6l x1qhh985 xm0m39n x9f619 x1ypdohk xt0psk2 xe8uvvx xdj266r x11i5rnm xat24cr x1mh8g0r xexx8yu x4uap5 x18d9i69 xkhd6sd x16tdsg8 x1hl2dhg xggy1nq x1a2a7pz notranslate _a6hd\" role=\"link\" href=\"https:\/\/www.instagram.com\/insta.miriamreyes\/\">@insta.miriamreyes<\/a><br \/>\n&#8211;<a class=\"x1i10hfl xjbqb8w x1ejq31n xd10rxx x1sy0etr x17r0tee x972fbf xcfux6l x1qhh985 xm0m39n x9f619 x1ypdohk xt0psk2 xe8uvvx xdj266r x11i5rnm xat24cr x1mh8g0r xexx8yu x4uap5 x18d9i69 xkhd6sd x16tdsg8 x1hl2dhg xggy1nq x1a2a7pz notranslate _a6hd\" role=\"link\" href=\"https:\/\/www.instagram.com\/ch_rosenvinge\/\">@ch_rosenvinge<\/a><\/p>\n<\/div>\n<\/div>\n<p>La poes\u00eda ye la manera m\u00e1s fayadiza de dicir cualquier cosa y por eso dende la Fundaci\u00f3n Municipal de Cultura vimos la necesid\u00e1 de reivindicala dientro de la nuesa pol\u00edtica cultural, una ll\u00ednea program\u00e1tica que nun tuvo muncha visibilid\u00e1 hasta esti momentu, nun foi lo suficientemente curiada nos t\u00e9rminos calidable y honestid\u00e1 que se rique cualquier proyectu y por eso surdi\u00f3 de la mano de Miguel Rodr\u00edguez Monteavaro\u201d, el so organizador y presidente de l&#8217;Asociaci\u00f3n Mez\u00e1.<\/p>\n<p><em>\u201cEsti festival, nesta primer edici\u00f3n, consta cuatro actuaciones de poes\u00eda bien contemporanea, pero un llau tenemos a Pablo X. Su\u00e1rez y Dudu Garc\u00eda que van presentar un espect\u00e1culu po\u00e9ticu que se llama El Velcro de poes\u00eda asturiana. Dempu\u00e9s vamos tener Silvia Penes y Jes\u00fas Andr\u00e9s que faen un espect\u00e1culu que se llama Cinta de pegar. Tami\u00e9n vamos cuntar con Miriam Reyes, de Barcelona y con raiga\u00f1os en Galicia y el broche d&#8217;oru pondr\u00e1lo Christina Rosenvinge, que vien a d\u00fau a presentar l&#8217;\u00faltimu trabayu, Versos s\u00e1ficos. Hai poes\u00eda, hai m\u00fasica, hai intimismos, van ser dos guitarres nel escenariu y yo creo que va ser una pasada\u201d<\/em>, adelantr\u00f3 Monteavaro.<\/p>\n<\/div>\n<\/div>\n<\/div>\n<p>&nbsp;<\/p>\n","protected":false},"excerpt":{"rendered":"<p>Cultura Oviedo\/ \ud83d\udc08\u200d Cultura Oviedo\/ web \/@vocesdelfornu \/\u00a0 M\u00e1s\u00a0 www.oviedo.es\/noticias\u00a0\/ @oviedocapital2031 Cultura uvi\u00e9u presenta&#8217;l \ud835\udc05\ud835\udc1e\ud835\udc2c\ud835\udc2d\ud835\udc22\ud835\udc2f\ud835\udc1a\ud835\udc25 \ud835\udc15\ud835\udc28\ud835\udc1c\ud835\udc1e\ud835\udc2c \ud835\udc1d\ud835\udc1e\ud835\udc25 \ud835\udc05\ud835\udc28\ud835\udc2b\ud835\udc27\ud835\udc2e, una activid\u00e1 pionera para dotar a Uvi\u00e9u d&#8217;un programa po\u00e9ticu de primer nivel. El programa, que se va desenvolver na plaza de Trascorrales, el 26 d&#8217;abril, a les 19:00 hores, naz cola vocaci\u00f3n de convertise en referente [&hellip;]<\/p>\n","protected":false},"author":117,"featured_media":0,"comment_status":"open","ping_status":"open","sticky":false,"template":"","format":"standard","meta":{"footnotes":""},"categories":[38,204,39],"tags":[],"class_list":["post-44817","post","type-post","status-publish","format-standard","hentry","category-cultura","category-festivales","category-poesia"],"_links":{"self":[{"href":"https:\/\/edublog.educastur.es\/ixuxu\/wp-json\/wp\/v2\/posts\/44817","targetHints":{"allow":["GET"]}}],"collection":[{"href":"https:\/\/edublog.educastur.es\/ixuxu\/wp-json\/wp\/v2\/posts"}],"about":[{"href":"https:\/\/edublog.educastur.es\/ixuxu\/wp-json\/wp\/v2\/types\/post"}],"author":[{"embeddable":true,"href":"https:\/\/edublog.educastur.es\/ixuxu\/wp-json\/wp\/v2\/users\/117"}],"replies":[{"embeddable":true,"href":"https:\/\/edublog.educastur.es\/ixuxu\/wp-json\/wp\/v2\/comments?post=44817"}],"version-history":[{"count":7,"href":"https:\/\/edublog.educastur.es\/ixuxu\/wp-json\/wp\/v2\/posts\/44817\/revisions"}],"predecessor-version":[{"id":44849,"href":"https:\/\/edublog.educastur.es\/ixuxu\/wp-json\/wp\/v2\/posts\/44817\/revisions\/44849"}],"wp:attachment":[{"href":"https:\/\/edublog.educastur.es\/ixuxu\/wp-json\/wp\/v2\/media?parent=44817"}],"wp:term":[{"taxonomy":"category","embeddable":true,"href":"https:\/\/edublog.educastur.es\/ixuxu\/wp-json\/wp\/v2\/categories?post=44817"},{"taxonomy":"post_tag","embeddable":true,"href":"https:\/\/edublog.educastur.es\/ixuxu\/wp-json\/wp\/v2\/tags?post=44817"}],"curies":[{"name":"wp","href":"https:\/\/api.w.org\/{rel}","templated":true}]}}