{"id":44833,"date":"2025-03-28T08:20:50","date_gmt":"2025-03-28T06:20:50","guid":{"rendered":"https:\/\/edublog.educastur.es\/ixuxu\/?p=44833"},"modified":"2025-03-28T09:57:22","modified_gmt":"2025-03-28T07:57:22","slug":"estau-del-tiempu-vienres-28-marzu-2025","status":"publish","type":"post","link":"https:\/\/edublog.educastur.es\/ixuxu\/2025\/03\/estau-del-tiempu-vienres-28-marzu-2025\/","title":{"rendered":"Est\u00e1u del tiempu: vienres 28 marzu 2025"},"content":{"rendered":"<div class=\"xu06os2 x1ok221b\">\n<div class=\"html-div xdj266r x11i5rnm xat24cr x1mh8g0r xexx8yu x4uap5 x18d9i69 xkhd6sd\" data-ad-rendering-role=\"profile_name\">\n<ul>\n<li id=\"\u00abrl0\u00bb\" class=\"html-h2 x11i5rnm xat24cr x1mh8g0r xexx8yu x4uap5 x18d9i69 xkhd6sd x1vvkbs x1heor9g x1qlqyl8 x1pd3egz x1a2a7pz x1gslohp x1yc453h\"><span class=\"xt0psk2\"><span class=\"xjp7ctv\"><a class=\"x1i10hfl xjbqb8w x1ejq31n xd10rxx x1sy0etr x17r0tee x972fbf xcfux6l x1qhh985 xm0m39n x9f619 x1ypdohk xt0psk2 xe8uvvx xdj266r x11i5rnm xat24cr x1mh8g0r xexx8yu x4uap5 x18d9i69 xkhd6sd x16tdsg8 x1hl2dhg xggy1nq x1a2a7pz xkrqix3 x1sur9pj xzsf02u x1s688f\" role=\"link\" href=\"https:\/\/www.facebook.com\/eltiempuenasturies?__cft__[0]=AZVoC770Qzv-xk1FPfhBxFzbplzYjtPpUV8GKHGPwipqCMlueZMpx5nDm--69WyX1yWv0FWoLv9TF_gplvKugp4ELYaqAFrT-BMCdL-VEg22xBWgCleHZQ6zjzUVd9Z6mKxPE1yjqaQsEQI2NHA_o7u5aXvufnvJ3qq_6gLS9LLfgLMYzrjaJWRJaZ7-aWE155o&amp;__tn__=-UC%2CP-R\"><strong class=\"html-strong xdj266r x11i5rnm xat24cr x1mh8g0r xexx8yu x4uap5 x18d9i69 xkhd6sd x1hl2dhg x16tdsg8 x1vvkbs x1s688f\"><span class=\"html-span xdj266r x11i5rnm xat24cr x1mh8g0r xexx8yu x4uap5 x18d9i69 xkhd6sd x1hl2dhg x16tdsg8 x1vvkbs\">El Tiempu n&#8217;Asturies.<\/span><\/strong><\/a><\/span><\/span><\/li>\n<\/ul>\n<p style=\"text-align: center\"><a href=\"http:\/\/edublog.educastur.es\/ixuxu\/files\/2024\/11\/467747825_894074599540617_1227988172354431857_n.jpg\"><img loading=\"lazy\" decoding=\"async\" class=\"aligncenter  wp-image-36071\" src=\"http:\/\/edublog.educastur.es\/ixuxu\/files\/2024\/11\/467747825_894074599540617_1227988172354431857_n.jpg\" alt=\"\" width=\"221\" height=\"153\" srcset=\"https:\/\/edublog.educastur.es\/ixuxu\/files\/2024\/11\/467747825_894074599540617_1227988172354431857_n.jpg 450w, https:\/\/edublog.educastur.es\/ixuxu\/files\/2024\/11\/467747825_894074599540617_1227988172354431857_n-300x208.jpg 300w, https:\/\/edublog.educastur.es\/ixuxu\/files\/2024\/11\/467747825_894074599540617_1227988172354431857_n-433x300.jpg 433w\" sizes=\"auto, (max-width: 221px) 100vw, 221px\" \/><\/a><\/p>\n<\/div>\n<\/div>\n<div class=\"xu06os2 x1ok221b\"><\/div>\n<div class=\"html-div xdj266r x11i5rnm xat24cr x1mh8g0r xexx8yu x4uap5 x18d9i69 xkhd6sd\" dir=\"auto\">\n<div class=\"html-div xdj266r x11i5rnm xat24cr x1mh8g0r xexx8yu x4uap5 x18d9i69 xkhd6sd\" data-ad-rendering-role=\"story_message\">\n<div id=\"\u00abrl2\u00bb\" class=\"x1l90r2v x1iorvi4 x1ye3gou xn6708d\" data-ad-comet-preview=\"message\" data-ad-preview=\"message\">\n<div class=\"x78zum5 xdt5ytf xz62fqu x16ldp7u\">\n<div class=\"xu06os2 x1ok221b\">\n<div class=\"x11i5rnm xat24cr x1mh8g0r x1vvkbs xtlvy1s x126k92a\">\n<ul>\n<li dir=\"auto\"><span style=\"color: #008080\"><strong>Alborecemos<\/strong> <\/span>con nubosid\u00e1 estratificada na fastera central asturiana, tando poco nuboso o escampl\u00e1u nel restu con unes temperatures que tan alrodiu de los 7\u00baC, rexistr\u00e1ndose nel puirtu Payares -0,5\u00baC.<\/li>\n<\/ul>\n<\/div>\n<div class=\"x11i5rnm xat24cr x1mh8g0r x1vvkbs xtlvy1s x126k92a\">\n<ul>\n<li dir=\"auto\"><strong><span style=\"color: #008080\">G\u00fcei<\/span><\/strong> dir\u00e1 n&#8217;aumentu la nubosid\u00e1 baxa na met\u00e1 norte d&#8217;Asturies, sobre too al finar el d\u00eda cuando pue cayer dalgo d&#8217;orp\u00edn. Na cordelera y fastera surocidental va tar poco nuboso o escampl\u00e1u con unes temperatures que van camudar poco, calteni\u00e9ndose un ambiente seliquino al mediud\u00eda.<\/li>\n<\/ul>\n<p><!--more--><\/p>\n<\/div>\n<div class=\"x11i5rnm xat24cr x1mh8g0r x1vvkbs xtlvy1s x126k92a\">\n<ul>\n<li dir=\"auto\"><strong><span style=\"color: #008080\">Ma\u00f1ana s\u00e1badu<\/span><\/strong> dir\u00e1n dixebr\u00e1ndose les nubes pa abrise grandes claros o abancios con un ascensu de les temperatures, tantu les m\u00ednimes como les m\u00e1simes, sicas\u00ed l&#8217;aire nord\u00e9s o de la cuaresma dir\u00e1 coyendo puxu nel llitoral y zones espuestes pa quedar cafiante y baxanos la sensaci\u00f3n t\u00e9rmica.<\/li>\n<\/ul>\n<\/div>\n<div class=\"x11i5rnm xat24cr x1mh8g0r x1vvkbs xtlvy1s x126k92a\">\n<ul>\n<li dir=\"auto\"><strong><span style=\"color: #008080\">El domingu<\/span> <\/strong>va tar m\u00e1s escampl\u00e1u en toa Asturies anque l&#8217;aire la cuaresma seguir\u00e1 presente na costa con unes temperatures m\u00e1simes que siguen subiendo mentantu les m\u00ednimes baxar\u00e1n por mor de la escasa nubosid\u00e1.<\/li>\n<\/ul>\n<\/div>\n<div class=\"x11i5rnm xat24cr x1mh8g0r x1vvkbs xtlvy1s x126k92a\">\n<ul>\n<li dir=\"auto\"><strong><span style=\"color: #008080\">El llunes<\/span><\/strong> tendremos un d\u00eda mui primaveral con unes temperatures al mediud\u00eda que puen algamar los 20\u00baC en amplies zones d&#8217;Asturies col cielu poco nuboso o escampl\u00e1u.<\/li>\n<\/ul>\n<\/div>\n<\/div>\n<\/div>\n<\/div>\n<\/div>\n<\/div>\n<p>&nbsp;<\/p>\n","protected":false},"excerpt":{"rendered":"<p>El Tiempu n&#8217;Asturies. Alborecemos con nubosid\u00e1 estratificada na fastera central asturiana, tando poco nuboso o escampl\u00e1u nel restu con unes temperatures que tan alrodiu de los 7\u00baC, rexistr\u00e1ndose nel puirtu Payares -0,5\u00baC. G\u00fcei dir\u00e1 n&#8217;aumentu la nubosid\u00e1 baxa na met\u00e1 norte d&#8217;Asturies, sobre too al finar el d\u00eda cuando pue cayer dalgo d&#8217;orp\u00edn. Na cordelera [&hellip;]<\/p>\n","protected":false},"author":117,"featured_media":0,"comment_status":"open","ping_status":"open","sticky":false,"template":"","format":"standard","meta":{"footnotes":""},"categories":[5],"tags":[],"class_list":["post-44833","post","type-post","status-publish","format-standard","hentry","category-tiempu"],"_links":{"self":[{"href":"https:\/\/edublog.educastur.es\/ixuxu\/wp-json\/wp\/v2\/posts\/44833","targetHints":{"allow":["GET"]}}],"collection":[{"href":"https:\/\/edublog.educastur.es\/ixuxu\/wp-json\/wp\/v2\/posts"}],"about":[{"href":"https:\/\/edublog.educastur.es\/ixuxu\/wp-json\/wp\/v2\/types\/post"}],"author":[{"embeddable":true,"href":"https:\/\/edublog.educastur.es\/ixuxu\/wp-json\/wp\/v2\/users\/117"}],"replies":[{"embeddable":true,"href":"https:\/\/edublog.educastur.es\/ixuxu\/wp-json\/wp\/v2\/comments?post=44833"}],"version-history":[{"count":1,"href":"https:\/\/edublog.educastur.es\/ixuxu\/wp-json\/wp\/v2\/posts\/44833\/revisions"}],"predecessor-version":[{"id":44834,"href":"https:\/\/edublog.educastur.es\/ixuxu\/wp-json\/wp\/v2\/posts\/44833\/revisions\/44834"}],"wp:attachment":[{"href":"https:\/\/edublog.educastur.es\/ixuxu\/wp-json\/wp\/v2\/media?parent=44833"}],"wp:term":[{"taxonomy":"category","embeddable":true,"href":"https:\/\/edublog.educastur.es\/ixuxu\/wp-json\/wp\/v2\/categories?post=44833"},{"taxonomy":"post_tag","embeddable":true,"href":"https:\/\/edublog.educastur.es\/ixuxu\/wp-json\/wp\/v2\/tags?post=44833"}],"curies":[{"name":"wp","href":"https:\/\/api.w.org\/{rel}","templated":true}]}}