{"id":44850,"date":"2025-03-28T11:54:14","date_gmt":"2025-03-28T09:54:14","guid":{"rendered":"https:\/\/edublog.educastur.es\/ixuxu\/?p=44850"},"modified":"2025-03-28T11:59:43","modified_gmt":"2025-03-28T09:59:43","slug":"44850","status":"publish","type":"post","link":"https:\/\/edublog.educastur.es\/ixuxu\/2025\/03\/44850\/","title":{"rendered":"Mus\u00e9u Etnogr\u00e1ficu \u00abPepe&#8217;l Ferreiro\u00bb en Grandas de Salime"},"content":{"rendered":"<p style=\"text-align: center\">\n<!-- iframe plugin v.6.0 wordpress.org\/plugins\/iframe\/ -->\n<iframe loading=\"lazy\" src=\"https:\/\/www.facebook.com\/plugins\/video.php?height=476&#038;href=https%3A%2F%2Fwww.facebook.com%2Freel%2F644845908135973%2F&#038;show_text=false&#038;width=267&#038;t=0\" width=\"267\" height=\"476\" style=\"border:none;overflow:hidden\" scrolling=\"no\" frameborder=\"0\" allowfullscreen=\"true\" allow=\"autoplay; clipboard-write; encrypted-media; picture-in-picture; web-share\" 0=\"\/iframe\" class=\"iframe-class\"><\/iframe>\n<\/p>\n<ul>\n<li><a href=\"https:\/\/www.facebook.com\/reel\/644845908135973\">Reel <\/a>\/<a href=\"https:\/\/www.facebook.com\/Museograndas\/\"> Facebook Mus\u00e9u<\/a> \/ <a href=\"https:\/\/www.museodegrandas.es\">web<\/a> \/ <a href=\"http:\/\/www.museodegrandas.es\/wp-content\/uploads\/2020\/07\/logo-granate-2020.png\">X<\/a> \/ <a href=\"https:\/\/www.museodegrandas.es\/visita-guiada-al-museo\/?fbclid=IwY2xjawJTUj1leHRuA2FlbQIxMAABHZlIzL5SGP72LbpONXXW6_Fo5TqwYDOlRVKn9a9coxIkoPnnWwpxECncJQ_aem_lRPM-edDpmzboU62OKCY9Q\">Horarios<\/a> \/<\/li>\n<\/ul>\n<p style=\"text-align: center\"><a href=\"http:\/\/www.museodegrandas.es\/wp-content\/uploads\/2020\/07\/logo-granate-2020.png\"><img loading=\"lazy\" decoding=\"async\" class=\"aligncenter size-large\" src=\"http:\/\/www.museodegrandas.es\/wp-content\/uploads\/2020\/07\/logo-granate-2020.png\" width=\"399\" height=\"123\" \/><\/a><\/p>\n<p>El Mus\u00e9u Etnogr\u00e1ficu de Grandas de Salime \u201cPepe&#8217;l Ferreiro\u201d ye un mus\u00e9u p\u00fablicu de calter comarcal, que la so misi\u00f3n ye axuntar, curiar, caltener, investigar, comunicar y espublizar el patrimoniu material ya inmaterial de calter etnogr\u00e1ficu de les comunidaes del Occidente d&#8217;Asturies.<\/p>\n<p>El Mus\u00e9u foi fund\u00e1u nel a\u00f1u 1984 sobro la base de la colecci\u00f3n etnogr\u00e1fica aconceyada por J. M\u00aa Naveiras Escanlar, \u201cPepe&#8217;l Ferreiro\u201d, quien foi&#8217;l so impulsor y director hasta l&#8217;a\u00f1u 2010. Primeramente instal\u00e1u nos baxos del Conceyu de Grandas de Salime, el Mus\u00e9u treslladose al so actual allugamientu en 1989, ocupando l&#8217;antigua Casa Rectoral de la villa, que foi rehabilitada pa la ocasi\u00f3n.<\/p>\n<p>&nbsp;<\/p>\n","protected":false},"excerpt":{"rendered":"<p>Reel \/ Facebook Mus\u00e9u \/ web \/ X \/ Horarios \/ El Mus\u00e9u Etnogr\u00e1ficu de Grandas de Salime \u201cPepe&#8217;l Ferreiro\u201d ye un mus\u00e9u p\u00fablicu de calter comarcal, que la so misi\u00f3n ye axuntar, curiar, caltener, investigar, comunicar y espublizar el patrimoniu material ya inmaterial de calter etnogr\u00e1ficu de les comunidaes del Occidente d&#8217;Asturies. El Mus\u00e9u [&hellip;]<\/p>\n","protected":false},"author":117,"featured_media":0,"comment_status":"open","ping_status":"open","sticky":false,"template":"","format":"standard","meta":{"footnotes":""},"categories":[15],"tags":[],"class_list":["post-44850","post","type-post","status-publish","format-standard","hentry","category-museos"],"_links":{"self":[{"href":"https:\/\/edublog.educastur.es\/ixuxu\/wp-json\/wp\/v2\/posts\/44850","targetHints":{"allow":["GET"]}}],"collection":[{"href":"https:\/\/edublog.educastur.es\/ixuxu\/wp-json\/wp\/v2\/posts"}],"about":[{"href":"https:\/\/edublog.educastur.es\/ixuxu\/wp-json\/wp\/v2\/types\/post"}],"author":[{"embeddable":true,"href":"https:\/\/edublog.educastur.es\/ixuxu\/wp-json\/wp\/v2\/users\/117"}],"replies":[{"embeddable":true,"href":"https:\/\/edublog.educastur.es\/ixuxu\/wp-json\/wp\/v2\/comments?post=44850"}],"version-history":[{"count":6,"href":"https:\/\/edublog.educastur.es\/ixuxu\/wp-json\/wp\/v2\/posts\/44850\/revisions"}],"predecessor-version":[{"id":44856,"href":"https:\/\/edublog.educastur.es\/ixuxu\/wp-json\/wp\/v2\/posts\/44850\/revisions\/44856"}],"wp:attachment":[{"href":"https:\/\/edublog.educastur.es\/ixuxu\/wp-json\/wp\/v2\/media?parent=44850"}],"wp:term":[{"taxonomy":"category","embeddable":true,"href":"https:\/\/edublog.educastur.es\/ixuxu\/wp-json\/wp\/v2\/categories?post=44850"},{"taxonomy":"post_tag","embeddable":true,"href":"https:\/\/edublog.educastur.es\/ixuxu\/wp-json\/wp\/v2\/tags?post=44850"}],"curies":[{"name":"wp","href":"https:\/\/api.w.org\/{rel}","templated":true}]}}