{"id":44857,"date":"2025-03-20T09:10:12","date_gmt":"2025-03-20T07:10:12","guid":{"rendered":"https:\/\/edublog.educastur.es\/ixuxu\/?p=44857"},"modified":"2025-03-28T12:18:37","modified_gmt":"2025-03-28T10:18:37","slug":"entamu-de-la-primavera","status":"publish","type":"post","link":"https:\/\/edublog.educastur.es\/ixuxu\/2025\/03\/entamu-de-la-primavera\/","title":{"rendered":"Entamu de la primavera"},"content":{"rendered":"<p style=\"text-align: center\"><a href=\"https:\/\/viajes.nationalgeographic.com.es\/medio\/2025\/03\/24\/manzanos-en-flor-en-rio-molin-original-1_c4226c0d_250324145750_1280x960.webp\"><img loading=\"lazy\" decoding=\"async\" class=\"aligncenter \" src=\"https:\/\/viajes.nationalgeographic.com.es\/medio\/2025\/03\/24\/manzanos-en-flor-en-rio-molin-original-1_c4226c0d_250324145750_1280x960.webp\" width=\"760\" height=\"570\" \/><\/a><\/p>\n<p>La primavera de 2025 nel hemisferiu norte va empezar el d\u00eda 20 de marzu a les 10 hores 2 minutos hora oficial peninsular seg\u00fan c\u00e1lculos del<strong> Observatoriu Astron\u00f3micu Nacional (Institutu Xeogr\u00e1ficu Nacional &#8211; Ministeriu de Tresportes y Movilid\u00e1 Sostenible)<\/strong>. Esta estaci\u00f3n va durar aprosimao 92 d\u00edes y 18 hores, y va terminar el 21 de xunu col empiezu del branu. Nel momentu que la primavera empieza nel hemisferiu norte, nel hemisferiu sur empieza la seronda.<\/p>\n<ul>\n<li><a href=\"https:\/\/astronomia.ign.es\/web\/guest\/inicio-estaciones\/primavera?fbclid=IwY2xjawJTU5ZleHRuA2FlbQIxMAABHSYIGuhALapXRok9AiuzNlYbHeJ_m8uZdyj8xpfnrwb--yIPc1guOWmgYQ_aem_saot1nB1FzbL1bVwo_rujw\">Observatoriu Astron\u00f3micu Nacional: IGN<\/a> \/<a href=\"https:\/\/astronomia.ign.es\/rknowsys-theme\/images\/webAstro\/paginas\/documentos\/Agendas_Astronomicas\/Agenda_astronomica_2025.pdf\"> Axenda astron\u00f3mica 2025<\/a> \/<a href=\"https:\/\/astronomia.ign.es\/\"><strong> IGN Web<\/strong><\/a> \/<\/li>\n<li><a href=\"https:\/\/viajes.nationalgeographic.com.es\/promociones\/asi-es-como-asturias-despierta-primavera_22260\">National G.<\/a> \/<\/li>\n<\/ul>\n<p><!--more--><\/p>\n<p>L&#8217;entamu de la primavera nel hemisferiu norte ta defin\u00edu pol intre en que la Tierra pasa pol puntu de la so \u00f3rbita dende&#8217;l cual el centru del Sol crucia l&#8217;ecuador celeste nel so movimientu aparente escontra&#8217;l norte. El d\u00eda en qu&#8217;esto asocede la duraci\u00f3n del d\u00eda y la nueche pr\u00e1cticamente coinciden. A esta circunstancia se la llapada tami\u00e9n equinocciu de primavera.<\/p>\n<p style=\"text-align: center\"><a href=\"http:\/\/astronomia.ign.es\/rknowsys-theme\/images\/webAstro\/paginas\/primavera.jpg\"><img loading=\"lazy\" decoding=\"async\" class=\"aligncenter \" src=\"http:\/\/astronomia.ign.es\/rknowsys-theme\/images\/webAstro\/paginas\/primavera.jpg\" width=\"706\" height=\"641\" \/><\/a><\/p>\n<p><strong>Equinocciu de primavera.\u00a0<\/strong>El cielu tres la puesta de Sol va empezar la estaci\u00f3n con Marte y X\u00fapiter, pero esti postreru va dexar de ser visible a primeros de xunu. Tami\u00e9n a primeros d&#8217;esi mes Mercuriu va faer la so apaici\u00f3n nel cielu vespert\u00edn.<\/p>\n<p>Los amaneceres, per otra parte, van empezar la primavera ensin neng\u00fan planeta visible. Venus va empezar a vese dende finales de marzu, ente que a primeros d&#8217;abril, van apaecer Saturno y Mercuriu. Esti postreru va dexar de vese a finales de mayu.<\/p>\n<p>Tocantes a constelaciones, de primeres de la primavera inda podr\u00e1n vese al anochecer delles t\u00edpiques del iviernu, como Ori\u00f3n, Can Mayor o G\u00e9minis. A midida que avancen les selmanes, estes constelaciones dir\u00e1n aver\u00e1ndose al Sol y van dar pasu a constelaciones m\u00e1s caracter\u00edstiques de la primavera, como Lleo, cola so llamativa forma d&#8217;interrogaci\u00f3n invertida terminada na estrella R\u00e9gulo, Virgo, cola brillosa Espiga, y el Boyero, cola colorada estrella Arturo.<\/p>\n<p><strong>Mientres la primavera de 2025 va tener llugar un ecl\u00eds parcial, de Sol.<\/strong> Va Ser el 29 de marzu y va poder vese dende&#8217;l noroeste d&#8217;Europa, Rusia y \u00c1frica, Groenlandia y l&#8217;estremu nord\u00e9s d&#8217;Am\u00e9rica. Va Ser visible dende toa Espa\u00f1a con magnit\u00faes medies-baxes. Este ye&#8217;l primeru d&#8217;una serie d&#8217;eclises de Sol que van ser visibles dende Espa\u00f1a nos pr\u00f3ximos a\u00f1os: el 12 d&#8217;agostu de 2026 y el 2 d&#8217;agostu de 2027 vamos poder esfrutar de dos eclises totales, sigu\u00edos d&#8217;unu anular el 26 de xineru de 2028 .<\/p>\n<p><strong>Camb\u00e9u d&#8217;hora.\u00a0<\/strong>Anque tanto&#8217;l Parlamentu Europ\u00e9u como la Comisi\u00f3n pronunci\u00e1ronse a favor d&#8217;esaniciar los cambeos d&#8217;hora nel futuru, inda nun esiste xuna decisi\u00f3n definitiva al respeutu. Por ello, mientres 2025 va siguir a valir el tradicional camb\u00e9u d&#8217;hora que tien llugar l&#8217;\u00faltimu domingu de marzu. Esi d\u00eda, el 30 de marzu, a les 2 de la madrugada hora peninsular, vamos adelantrar los rel\u00f3es xuna hora para marcar les 3. En Canaries, la 1 de la madrugada va pasar a ser les 2.<\/p>\n<p><strong>Dellos intereses sobre la primavera.\u00a0<\/strong>A lo llargo del sieglu XXI, l&#8217;entamu de la primavera puede dase, a lo sumo, en tr\u00e9s feches distintes del calendariu (del 19, 20 y 21 de marzu), siendo&#8217;l so entamu m\u00e1s tempraneru&#8217;l del a\u00f1u 2096 y l&#8217;entamu m\u00e1s tard\u00edu&#8217;l de 2003. Les variaciones d&#8217;un a\u00f1u a otru son deb\u00edes a la manera en qu&#8217;encaxa la secuencia d&#8217;a\u00f1os seg\u00fan el calendariu (unos bisiestos, otros non) cola duraci\u00f3n de cada \u00f3rbita de la Tierra alredor del Sol.<\/p>\n<p>L&#8217;entamu de la primavera ye la d\u00f3mina del a\u00f1u en que&#8217;l llargor del d\u00eda all\u00e1rgase m\u00e1s r\u00e1pido. A les llatit\u00faes de la pen\u00ednsula, el Sol sale peles ma\u00f1anes m\u00e1s d&#8217;un minutu primero que&#8217;l d\u00eda anterior, y pela tarde ponse m\u00e1s d&#8217;un minutu dempu\u00e9s. De resultes, al entamu de la primavera, el tiempu en que&#8217;l Sol ta percima del horizonte aumenta casi tr\u00e9s minutos acald\u00eda.<\/p>\n<p>Para m\u00e1s informaci\u00f3n sobre los fen\u00f3menos astron\u00f3micos del a\u00f1u puede consultase l&#8217;Anuariu del Observatoriu Astron\u00f3micu, que publica l&#8217;Institutu Xeogr\u00e1ficu Nacional.<\/p>\n<p>Informaci\u00f3n proporcionada pol Observatoriu Astron\u00f3micu Nacional (IGN, Ministeriu de Tresportes y Movilid\u00e1 Sostenible). Autor\u00edzase la reproducci\u00f3n total o parcial citando la so procedencia.<\/p>\n","protected":false},"excerpt":{"rendered":"<p>La primavera de 2025 nel hemisferiu norte va empezar el d\u00eda 20 de marzu a les 10 hores 2 minutos hora oficial peninsular seg\u00fan c\u00e1lculos del Observatoriu Astron\u00f3micu Nacional (Institutu Xeogr\u00e1ficu Nacional &#8211; Ministeriu de Tresportes y Movilid\u00e1 Sostenible). Esta estaci\u00f3n va durar aprosimao 92 d\u00edes y 18 hores, y va terminar el 21 de [&hellip;]<\/p>\n","protected":false},"author":117,"featured_media":0,"comment_status":"open","ping_status":"open","sticky":false,"template":"","format":"standard","meta":{"footnotes":""},"categories":[46],"tags":[],"class_list":["post-44857","post","type-post","status-publish","format-standard","hentry","category-estaciones"],"_links":{"self":[{"href":"https:\/\/edublog.educastur.es\/ixuxu\/wp-json\/wp\/v2\/posts\/44857","targetHints":{"allow":["GET"]}}],"collection":[{"href":"https:\/\/edublog.educastur.es\/ixuxu\/wp-json\/wp\/v2\/posts"}],"about":[{"href":"https:\/\/edublog.educastur.es\/ixuxu\/wp-json\/wp\/v2\/types\/post"}],"author":[{"embeddable":true,"href":"https:\/\/edublog.educastur.es\/ixuxu\/wp-json\/wp\/v2\/users\/117"}],"replies":[{"embeddable":true,"href":"https:\/\/edublog.educastur.es\/ixuxu\/wp-json\/wp\/v2\/comments?post=44857"}],"version-history":[{"count":3,"href":"https:\/\/edublog.educastur.es\/ixuxu\/wp-json\/wp\/v2\/posts\/44857\/revisions"}],"predecessor-version":[{"id":44862,"href":"https:\/\/edublog.educastur.es\/ixuxu\/wp-json\/wp\/v2\/posts\/44857\/revisions\/44862"}],"wp:attachment":[{"href":"https:\/\/edublog.educastur.es\/ixuxu\/wp-json\/wp\/v2\/media?parent=44857"}],"wp:term":[{"taxonomy":"category","embeddable":true,"href":"https:\/\/edublog.educastur.es\/ixuxu\/wp-json\/wp\/v2\/categories?post=44857"},{"taxonomy":"post_tag","embeddable":true,"href":"https:\/\/edublog.educastur.es\/ixuxu\/wp-json\/wp\/v2\/tags?post=44857"}],"curies":[{"name":"wp","href":"https:\/\/api.w.org\/{rel}","templated":true}]}}