{"id":44867,"date":"2025-03-28T08:00:40","date_gmt":"2025-03-28T06:00:40","guid":{"rendered":"https:\/\/edublog.educastur.es\/ixuxu\/?p=44867"},"modified":"2025-03-28T13:15:49","modified_gmt":"2025-03-28T11:15:49","slug":"44867","status":"publish","type":"post","link":"https:\/\/edublog.educastur.es\/ixuxu\/2025\/03\/44867\/","title":{"rendered":"La cueva de Pe\u00f1a Castil, cada vegada con menos xelu"},"content":{"rendered":"<div class=\"html-div xdj266r xat24cr x1mh8g0r xexx8yu x4uap5 x18d9i69 xkhd6sd x78zum5 x2lah0s xqtp20y x1emribx\">\n<div class=\"xc9qbxq x14qfxbe x6s0dn4 x78zum5 xl56j7k\">\n<div class=\"\" style=\"text-align: center\"><a href=\"https:\/\/estaticos-cdn.prensaiberica.es\/clip\/6b25ef07-c21c-438d-a2d6-9d93182e5bfd_source-aspect-ratio_default_0.jpg\"><img loading=\"lazy\" decoding=\"async\" class=\"aligncenter size-large\" src=\"https:\/\/estaticos-cdn.prensaiberica.es\/clip\/6b25ef07-c21c-438d-a2d6-9d93182e5bfd_source-aspect-ratio_default_0.jpg\" width=\"1000\" height=\"667\" \/><\/a><\/div>\n<\/div>\n<\/div>\n<div class=\"x78zum5 xdt5ytf xz62fqu x16ldp7u\">\n<div class=\"xu06os2 x1ok221b\">\n<div class=\"html-div xdj266r x11i5rnm xat24cr x1mh8g0r xexx8yu x4uap5 x18d9i69 xkhd6sd\" data-ad-rendering-role=\"profile_name\">\n<ul>\n<li class=\"html-h3 x11i5rnm xat24cr x1mh8g0r xexx8yu x4uap5 x18d9i69 xkhd6sd x1vvkbs x1heor9g x1qlqyl8 x1pd3egz x1a2a7pz x1gslohp x1yc453h\"><span class=\"x1lliihq x6ikm8r x10wlt62 x1n2onr6\"><span class=\"xt0psk2\"><span class=\"xjp7ctv\"><a class=\"x1i10hfl xjbqb8w x1ejq31n xd10rxx x1sy0etr x17r0tee x972fbf xcfux6l x1qhh985 xm0m39n x9f619 x1ypdohk xt0psk2 xe8uvvx xdj266r x11i5rnm xat24cr x1mh8g0r xexx8yu x4uap5 x18d9i69 xkhd6sd x16tdsg8 x1hl2dhg xggy1nq x1a2a7pz xkrqix3 x1sur9pj xzsf02u x1s688f\" role=\"link\" href=\"https:\/\/www.facebook.com\/nuevaespana?__cft__[0]=AZWv4Q-1HIPpol2DrY1BLtHx34lesp58CtLGtCOzR1RjD692q3VR3_tiKFGG-INS2LWPBZIw2pPXLNtkdNipp6GLE0HsU6BiLdRDoX-ZpzOrj2tN4B36FyaHqJ5UPfk94VXUWkTA6lrpdfSHWDE99VuP2Amh3-gcHyuhXC_dzIccKM12-BF2bP-CEEI8Zyb3yX2haX0EYFHsl2FT9VggMbTl1BomxqB0DyYeEcouh1dJmg&amp;__tn__=-UC%2CP-y-R\"><strong class=\"html-strong xdj266r x11i5rnm xat24cr x1mh8g0r xexx8yu x4uap5 x18d9i69 xkhd6sd x1hl2dhg x16tdsg8 x1vvkbs x1s688f\"><span class=\"html-span xdj266r x11i5rnm xat24cr x1mh8g0r xexx8yu x4uap5 x18d9i69 xkhd6sd x1hl2dhg x16tdsg8 x1vvkbs\">LNE.es<\/span><\/strong><\/a><\/span><\/span><span class=\"html-span xdj266r x11i5rnm xat24cr x1mh8g0r xexx8yu x4uap5 x18d9i69 xkhd6sd x1hl2dhg x16tdsg8 x1vvkbs x1dor1uw x1n2onr6 xxymvpz\"> \/ <a href=\"https:\/\/www.lne.es\/asturias\/2025\/03\/26\/alerta-picos-europa-hielo-primitivo-115688467.html?utm_term=Autofeed&amp;utm_campaign=Echobox&amp;utm_medium=Social&amp;utm_source=Facebook&amp;fbclid=IwY2xjawJTYvZleHRuA2FlbQIxMAABHddJJGXKC1fFT2xfYfYLh5T19TZvBx0sRXmQJHr1N6yXUgQpu8pA_dQNlg_aem_bPPOrETz2q0GyWNBQA0uZg#Echobox=1742974090\">LNE<\/a> \/ <a href=\"https:\/\/www.lne.es\/fotos\/oviedo\/2017\/07\/29\/cueva-hielo-pena-castil-14742960.html\">galer\u00eda de semeyes<\/a> \/<br \/>\n<\/span><\/span><\/li>\n<\/ul>\n<\/div>\n<\/div>\n<\/div>\n<div class=\"html-div xdj266r x11i5rnm xat24cr x1mh8g0r xexx8yu x4uap5 x18d9i69 xkhd6sd x1q0g3np\"><\/div>\n<div class=\"html-div xdj266r x11i5rnm xat24cr x1mh8g0r xexx8yu x4uap5 x18d9i69 xkhd6sd\" dir=\"auto\">\n<div class=\"html-div xdj266r x11i5rnm xat24cr x1mh8g0r xexx8yu x4uap5 x18d9i69 xkhd6sd\" data-ad-rendering-role=\"story_message\">\n<div class=\"x1l90r2v x1iorvi4 x1ye3gou xn6708d\" data-ad-comet-preview=\"message\" data-ad-preview=\"message\">\n<div class=\"x78zum5 xdt5ytf xz62fqu x16ldp7u\">\n<div class=\"xu06os2 x1ok221b\">\n<div class=\"xdj266r x11i5rnm xat24cr x1mh8g0r x1vvkbs x126k92a\">\n<div dir=\"auto\">Los cient\u00edficos sollerten de la desapaici\u00f3n d&#8217;importantes arquivos de datos paleoambientales pola xubida de temperatures y l&#8217;amenorgamientu de nieve. Nun ye nenguna noved\u00e1 que la cueva de xelu de Pe\u00f1a Castil va ser cada vez menos, y que <strong>esti famosu cu\u00e9vanu nel Macizu Central de los Picos d&#8217;Europa, a m\u00e1s de 2.400 metros d&#8217;altit\u00fa<\/strong>, ve cada a\u00f1u que pasa dilise les sos par\u00e9s y suelu.<\/div>\n<div dir=\"auto\"><!--more--><\/div>\n<div dir=\"auto\"><\/div>\n<div dir=\"auto\">Agora, nel \u00faltimu<a href=\"https:\/\/www.aemet.es\/es\/noticias\/2025\/03\/informe_clivar_24\"><strong> \u00abinforme Clivar\u00bb, de 2024<\/strong><\/a>, nel que cient\u00edficos de too el mundu analicen l&#8217;impactu del camb\u00e9u clim\u00e1ticu, sollerten de que l&#8217;amenorgamientu de xelu pon en riesgu los denominaos \u00abarquivos de datos paleoambientales\u00bb. Son estos cuerpos de xelu perenne, los m\u00e1s antiguos, que guarden informaci\u00f3n de gran valor sobro los \u00faltimos milenios. T\u00e1n en riesgu los de Castil y dalguna cueva m\u00e1s nos Picos, y tami\u00e9n nos Pirineos.<\/div>\n<div dir=\"auto\" style=\"text-align: center\"><a href=\"https:\/\/estaticos-cdn.prensaiberica.es\/clip\/f96d1aa1-5dea-4f65-9f89-27483f7fe9eb_source-aspect-ratio_default_0.jpg\"><img loading=\"lazy\" decoding=\"async\" class=\"aligncenter size-large\" src=\"https:\/\/estaticos-cdn.prensaiberica.es\/clip\/f96d1aa1-5dea-4f65-9f89-27483f7fe9eb_source-aspect-ratio_default_0.jpg\" width=\"504\" height=\"700\" \/><\/a><\/div>\n<\/div>\n<div dir=\"auto\" style=\"text-align: center\"><a href=\"https:\/\/estaticos-cdn.prensaiberica.es\/clip\/6490d950-6e9f-453f-95f6-ba9976b5b1fc_source-aspect-ratio_default_0.jpg\"><img loading=\"lazy\" decoding=\"async\" class=\"aligncenter size-large\" src=\"https:\/\/estaticos-cdn.prensaiberica.es\/clip\/6490d950-6e9f-453f-95f6-ba9976b5b1fc_source-aspect-ratio_default_0.jpg\" width=\"1000\" height=\"667\" \/><\/a><\/div>\n<\/div>\n<\/div>\n<\/div>\n<\/div>\n<\/div>\n<p>&nbsp;<\/p>\n","protected":false},"excerpt":{"rendered":"<p>LNE.es \/ LNE \/ galer\u00eda de semeyes \/ Los cient\u00edficos sollerten de la desapaici\u00f3n d&#8217;importantes arquivos de datos paleoambientales pola xubida de temperatures y l&#8217;amenorgamientu de nieve. Nun ye nenguna noved\u00e1 que la cueva de xelu de Pe\u00f1a Castil va ser cada vez menos, y que esti famosu cu\u00e9vanu nel Macizu Central de los Picos [&hellip;]<\/p>\n","protected":false},"author":117,"featured_media":0,"comment_status":"open","ping_status":"open","sticky":false,"template":"","format":"standard","meta":{"footnotes":""},"categories":[383],"tags":[],"class_list":["post-44867","post","type-post","status-publish","format-standard","hentry","category-calentamientu-global"],"_links":{"self":[{"href":"https:\/\/edublog.educastur.es\/ixuxu\/wp-json\/wp\/v2\/posts\/44867","targetHints":{"allow":["GET"]}}],"collection":[{"href":"https:\/\/edublog.educastur.es\/ixuxu\/wp-json\/wp\/v2\/posts"}],"about":[{"href":"https:\/\/edublog.educastur.es\/ixuxu\/wp-json\/wp\/v2\/types\/post"}],"author":[{"embeddable":true,"href":"https:\/\/edublog.educastur.es\/ixuxu\/wp-json\/wp\/v2\/users\/117"}],"replies":[{"embeddable":true,"href":"https:\/\/edublog.educastur.es\/ixuxu\/wp-json\/wp\/v2\/comments?post=44867"}],"version-history":[{"count":4,"href":"https:\/\/edublog.educastur.es\/ixuxu\/wp-json\/wp\/v2\/posts\/44867\/revisions"}],"predecessor-version":[{"id":44871,"href":"https:\/\/edublog.educastur.es\/ixuxu\/wp-json\/wp\/v2\/posts\/44867\/revisions\/44871"}],"wp:attachment":[{"href":"https:\/\/edublog.educastur.es\/ixuxu\/wp-json\/wp\/v2\/media?parent=44867"}],"wp:term":[{"taxonomy":"category","embeddable":true,"href":"https:\/\/edublog.educastur.es\/ixuxu\/wp-json\/wp\/v2\/categories?post=44867"},{"taxonomy":"post_tag","embeddable":true,"href":"https:\/\/edublog.educastur.es\/ixuxu\/wp-json\/wp\/v2\/tags?post=44867"}],"curies":[{"name":"wp","href":"https:\/\/api.w.org\/{rel}","templated":true}]}}