{"id":4497,"date":"2021-03-20T11:00:13","date_gmt":"2021-03-20T09:00:13","guid":{"rendered":"https:\/\/edublog.educastur.es\/ixuxu\/?p=4497"},"modified":"2021-03-21T00:15:23","modified_gmt":"2021-03-20T22:15:23","slug":"dia-mundial-del-gorrion","status":"publish","type":"post","link":"https:\/\/edublog.educastur.es\/ixuxu\/2021\/03\/dia-mundial-del-gorrion\/","title":{"rendered":"D\u00eda Mundial del Gorri\u00f3n"},"content":{"rendered":"<p style=\"text-align: left\"><a href=\"https:\/\/d7lju56vlbdri.cloudfront.net\/var\/ezwebin_site\/storage\/images\/_aliases\/seo\/agenda\/dia-mundial-del-gorrion\/5352447-1-esl-MX\/Dia-Mundial-del-Gorrion.jpg\"><img loading=\"lazy\" decoding=\"async\" class=\"alignleft\" src=\"https:\/\/d7lju56vlbdri.cloudfront.net\/var\/ezwebin_site\/storage\/images\/_aliases\/seo\/agenda\/dia-mundial-del-gorrion\/5352447-1-esl-MX\/Dia-Mundial-del-Gorrion.jpg\" alt=\"\" width=\"169\" height=\"151\" \/><\/a> \/ <a href=\"https:\/\/diario.madrid.es\/wp-content\/uploads\/2016\/03\/gorrionComun-diariomadrid-seo-750x304.jpg\"><img loading=\"lazy\" decoding=\"async\" class=\"alignnone\" src=\"https:\/\/diario.madrid.es\/wp-content\/uploads\/2016\/03\/gorrionComun-diariomadrid-seo-750x304.jpg\" alt=\"\" width=\"402\" height=\"163\" \/><\/a><\/p>\n<p>El 20 de marzu ye&#8217;l <span style=\"color: #008080\"><strong>D\u00eda Mundial del Gorri\u00f3n (World Sparrow Day)<\/strong><\/span>, una iniciativa de la <a href=\"https:\/\/www.natureforever.org\/\"><span style=\"color: #008080\">Nature Forever Society de la India<\/span><\/a> y otres organizaciones conservacionistas de too el mundu, coles mires de <strong>llamar l&#8217;atenci\u00f3n sobro l&#8217;importante cayente de la especie.<\/strong> <span class=\"css-901oao css-16my406 r-poiln3 r-bcqeeo r-qvutc0\">La so poblaci\u00f3n sufre un importante descensu, especialmente.<\/span><\/p>\n<p><!--more--><\/p>\n<p style=\"text-align: center\"><a href=\"https:\/\/seo.org\/wp-content\/uploads\/2015\/03\/Captura-de-pantalla-2015-03-20-a-las-10.41.19.png\"><img loading=\"lazy\" decoding=\"async\" class=\"alignnone\" src=\"https:\/\/seo.org\/wp-content\/uploads\/2015\/03\/Captura-de-pantalla-2015-03-20-a-las-10.41.19.png\" alt=\"\" width=\"835\" height=\"601\" \/><\/a><\/p>\n<p>El gorri\u00f3n ye una ave bastante com\u00fan que puedes en casi cualquier ciud\u00e1 del mundu, pero \u00bfte afitasti en que cada vez hai menos gorriones?<\/p>\n<p>Realmente, que les poblaciones de gorri\u00f3n tean menguando ten de ser un motivu m\u00e1s que suficiente pa estudiar qu\u00e9 ta asocediendo, una y bones la desapaici\u00f3n d&#8217;una sola especie incfluye descomanadamente na biodiversid\u00e1 y na sal\u00fa del planeta, y poro, na sal\u00fa de la Humanid\u00e1.<\/p>\n<p><a href=\"https:\/\/blognasua.files.wordpress.com\/2015\/03\/house_sparrow_by_c1n3kk.jpg\"><img loading=\"lazy\" decoding=\"async\" class=\"aligncenter\" src=\"https:\/\/blognasua.files.wordpress.com\/2015\/03\/house_sparrow_by_c1n3kk.jpg\" alt=\"\" width=\"800\" height=\"536\" \/><\/a><\/p>\n<ul>\n<li><a href=\"https:\/\/blognasua.wordpress.com\/2015\/03\/20\/dia-mundial-del-gorrion-10-cosas-que-no-sabias-de-este-pajaro\/\">Fonte: BLOG NASUA: <strong><span style=\"font-size: 16px\">D\u00eda mundial del gorri\u00f3n: 10 cosas que no sab\u00edas de este\u00a0p\u00e1jaro<\/span><\/strong><\/a><\/li>\n<\/ul>\n<p style=\"text-align: center\"><a href=\"https:\/\/ecourbedotorg.files.wordpress.com\/2018\/03\/dc3ada-mundial-del-gorric3b3n.png?w=740\"><img loading=\"lazy\" decoding=\"async\" class=\"alignnone\" src=\"https:\/\/ecourbedotorg.files.wordpress.com\/2018\/03\/dc3ada-mundial-del-gorric3b3n.png?w=740\" alt=\"\" width=\"740\" height=\"620\" \/><\/a><\/p>\n<ul>\n<li><a href=\"https:\/\/ecourbe.org\/2018\/03\/20\/las-causas-del-declive-del-gorrion-comun\/\">Fonte: ECOURBE<\/a><\/li>\n<\/ul>\n<p><span style=\"text-decoration: underline\"><strong><span style=\"font-size: 20px;color: #008080\"><em>Estes son les causes del so declive:<\/em><\/span><\/strong><\/span><\/p>\n<p><span style=\"font-size: 20px;color: #008080\"><em>1- L&#8217;escesu de contaminaci\u00f3n nes ciudaes afecta a la sal\u00fa de los gorriones urbanos.<\/em><\/span><br \/>\n<span style=\"font-size: 20px;color: #008080\"><em>2- Sufren d\u00b4estr\u00e9s ambiental, lo que debilita&#8217;l so sistema inmunol\u00f3xicu.<\/em><\/span><br \/>\n<span style=\"font-size: 20px;color: #008080\"><em>3- L&#8217;usu de pesticidas #dexar ensin alimentu nel campu.<\/em><\/span><br \/>\n<span style=\"font-size: 20px;color: #008080\"><em>4- L&#8217;alimentaci\u00f3n a base de los nuesos bagazos nun ye sanu y les enferma y debilita.<\/em><\/span><br \/>\n<span style=\"font-size: 20px;color: #008080\"><em>5- El nuesu conceutu de parque orden\u00e1u y asfalt\u00e1u\u201d dexa ensin plantes con grana o insectos de los qu&#8217;alimentase, fonte de prote\u00ednes en d\u00f3mina de cr\u00eda.<\/em><\/span><br \/>\n<span style=\"font-size: 20px;color: #008080\"><em>6- Falta d&#8217;abelugu y \u00e1rea de cr\u00eda, ausencia de zones verdes.<\/em><\/span><br \/>\n<span style=\"font-size: 20px;color: #008080\"><em>7- Competencia con especies invasores.<\/em><\/span><\/p>\n<p>&nbsp;<\/p>\n<p>&nbsp;<\/p>\n","protected":false},"excerpt":{"rendered":"<p>\/ El 20 de marzu ye&#8217;l D\u00eda Mundial del Gorri\u00f3n (World Sparrow Day), una iniciativa de la Nature Forever Society de la India y otres organizaciones conservacionistas de too el mundu, coles mires de llamar l&#8217;atenci\u00f3n sobro l&#8217;importante cayente de la especie. La so poblaci\u00f3n sufre un importante descensu, especialmente.<\/p>\n","protected":false},"author":117,"featured_media":0,"comment_status":"open","ping_status":"open","sticky":false,"template":"","format":"standard","meta":{"footnotes":""},"categories":[6],"tags":[],"class_list":["post-4497","post","type-post","status-publish","format-standard","hentry","category-dia-de"],"_links":{"self":[{"href":"https:\/\/edublog.educastur.es\/ixuxu\/wp-json\/wp\/v2\/posts\/4497","targetHints":{"allow":["GET"]}}],"collection":[{"href":"https:\/\/edublog.educastur.es\/ixuxu\/wp-json\/wp\/v2\/posts"}],"about":[{"href":"https:\/\/edublog.educastur.es\/ixuxu\/wp-json\/wp\/v2\/types\/post"}],"author":[{"embeddable":true,"href":"https:\/\/edublog.educastur.es\/ixuxu\/wp-json\/wp\/v2\/users\/117"}],"replies":[{"embeddable":true,"href":"https:\/\/edublog.educastur.es\/ixuxu\/wp-json\/wp\/v2\/comments?post=4497"}],"version-history":[{"count":2,"href":"https:\/\/edublog.educastur.es\/ixuxu\/wp-json\/wp\/v2\/posts\/4497\/revisions"}],"predecessor-version":[{"id":4499,"href":"https:\/\/edublog.educastur.es\/ixuxu\/wp-json\/wp\/v2\/posts\/4497\/revisions\/4499"}],"wp:attachment":[{"href":"https:\/\/edublog.educastur.es\/ixuxu\/wp-json\/wp\/v2\/media?parent=4497"}],"wp:term":[{"taxonomy":"category","embeddable":true,"href":"https:\/\/edublog.educastur.es\/ixuxu\/wp-json\/wp\/v2\/categories?post=4497"},{"taxonomy":"post_tag","embeddable":true,"href":"https:\/\/edublog.educastur.es\/ixuxu\/wp-json\/wp\/v2\/tags?post=4497"}],"curies":[{"name":"wp","href":"https:\/\/api.w.org\/{rel}","templated":true}]}}