{"id":44993,"date":"2025-03-31T08:24:44","date_gmt":"2025-03-31T06:24:44","guid":{"rendered":"https:\/\/edublog.educastur.es\/ixuxu\/?p=44993"},"modified":"2025-04-02T12:26:13","modified_gmt":"2025-04-02T10:26:13","slug":"el-tiempu-nasturies-8","status":"publish","type":"post","link":"https:\/\/edublog.educastur.es\/ixuxu\/2025\/03\/el-tiempu-nasturies-8\/","title":{"rendered":"El tiempu n&#8217;Asturies"},"content":{"rendered":"<div class=\"html-div xdj266r xat24cr x1mh8g0r xexx8yu x4uap5 x18d9i69 xkhd6sd x78zum5 x2lah0s xqtp20y x1emribx\">\n<div class=\"x1vqgdyp x100vrsf\">\n<ul>\n<li>Fonte: <a href=\"https:\/\/www.elcomercio.es\/asturias\/tiempo-asturias-prevision-lunes-31-marzo-gijon-oviedo-aviles-20250330183808-nt.html\">El Comercio<\/a><\/li>\n<\/ul>\n<div style=\"text-align: center\">\n<p style=\"text-align: left\">Tres la soleyera xornada del domingu, esti llunes volveremos tener un d\u00eda marc\u00e1u pelos cielos pocu nublos o estenos en tol Princip\u00e1u d&#8217;Asturies. Con \u00e9ses vamos concluyir el mes con unes condiciones meteorol\u00f3xiques totalmente estables. Am\u00e1s, <strong>les temperatures van siguir a l&#8217;alza.<\/strong><\/p>\n<\/div>\n<p style=\"text-align: center\"><a href=\"https:\/\/s2.ppllstatics.com\/elcomercio\/www\/multimedia\/2025\/03\/30\/tiempo-asturias-lunes-31-marzo-ktHB-U230515504088AlE-1200x840@El%20Comercio.jpg\"><img loading=\"lazy\" decoding=\"async\" class=\"aligncenter size-large\" src=\"https:\/\/s2.ppllstatics.com\/elcomercio\/www\/multimedia\/2025\/03\/30\/tiempo-asturias-lunes-31-marzo-ktHB-U230515504088AlE-1200x840@El%20Comercio.jpg\" width=\"1197\" height=\"840\" \/><\/a><\/p>\n<div style=\"text-align: center\">\n<p><!--more--><\/p>\n<ul>\n<li style=\"text-align: left\">Les temperatures m\u00e1ximes van xubir hasta 5 \u00baC na met\u00e1 sur, ente que na met\u00e1 norte l&#8217;ascensu va ser m\u00e1s moder\u00e1u que va rondar los 3 \u00baC aprosimao. D&#8217;esta forma, munches poblaciones podr\u00eden averase a los 20 \u00baC. Les m\u00ednimes nun van variar enforma pero s\u00ed que va haber zones que, de forma local, puedan esperimentar dellos ascensos (especialmente na zona oriental asturiana). Los vientos van ser fluexos y variables nel interior, y de componente este na mari\u00f1a con raches moderaes.<\/li>\n<li style=\"text-align: left\"><strong>El martes<\/strong> vamos empecipiar el mes d&#8217;abril con otra xornada con bon tiempu.<\/li>\n<li style=\"text-align: left\">Pero,<strong> para los siguientes d\u00edes<\/strong>, ye posible que veamos influy\u00edos pola presencia d&#8217;una umbada atl\u00e1ntica que podr\u00eda dexar dellos bastios, siquier, nel cordal y sector occidental. Los vientos van predominar de sur para esos d\u00edes polo que nun se preve que baxen les temperatures. Tou apunta a una situaci\u00f3n t\u00edpica na que cuanto m\u00e1s nos movamos escontra l&#8217;oriente y escontra la mari\u00f1a menos se van notar les consecuencies de la umbada atl\u00e1ntica.<\/li>\n<\/ul>\n<\/div>\n<\/div>\n<\/div>\n<p>&nbsp;<\/p>\n<div class=\"html-div xdj266r x11i5rnm xat24cr x1mh8g0r xexx8yu x4uap5 x18d9i69 xkhd6sd x1iyjqo2 xeuugli\">\n<div class=\"x78zum5 xdt5ytf xz62fqu x16ldp7u\">\n<div class=\"xu06os2 x1ok221b\">\n<div class=\"html-div xdj266r x11i5rnm xat24cr x1mh8g0r xexx8yu x4uap5 x18d9i69 xkhd6sd\" data-ad-rendering-role=\"profile_name\">\n<ul>\n<li id=\"\u00abr6e\u00bb\" class=\"html-h4 x11i5rnm xat24cr x1mh8g0r xexx8yu x4uap5 x18d9i69 xkhd6sd x1vvkbs x1heor9g x1qlqyl8 x1pd3egz x1a2a7pz x1gslohp x1yc453h\"><span class=\"xt0psk2\"><span class=\"xjp7ctv\"><a class=\"x1i10hfl xjbqb8w x1ejq31n xd10rxx x1sy0etr x17r0tee x972fbf xcfux6l x1qhh985 xm0m39n x9f619 x1ypdohk xt0psk2 xe8uvvx xdj266r x11i5rnm xat24cr x1mh8g0r xexx8yu x4uap5 x18d9i69 xkhd6sd x16tdsg8 x1hl2dhg xggy1nq x1a2a7pz xkrqix3 x1sur9pj xzsf02u x1s688f\" role=\"link\" href=\"https:\/\/www.facebook.com\/eltiempodejavimo?__cft__[0]=AZUmAfoZx_2cVO8GAwvKFsW-gDwxt6PJCoJvMyaUkFnCtUGcd2I3Z7jKW6v17xoifKjwcg-M37jNa7-aN4ey13_Hblr81MNOlzuONNd8TplD4ENARX0PHP9dxCJY89SVukNiA9zgFT_gAL-t_N4BVQ1GSXIsRkVL_DsGvySvfqnHAEMZewbVS6U7MWVDhUUdzcqF99xcSiGDxInqFHuZjfo0K6tZnzCMbncFdWTj1gesLQ&amp;__tn__=-UC%2CP-R\"><strong class=\"html-strong xdj266r x11i5rnm xat24cr x1mh8g0r xexx8yu x4uap5 x18d9i69 xkhd6sd x1hl2dhg x16tdsg8 x1vvkbs x1s688f\"><span class=\"html-span xdj266r x11i5rnm xat24cr x1mh8g0r xexx8yu x4uap5 x18d9i69 xkhd6sd x1hl2dhg x16tdsg8 x1vvkbs\">El tiempo de Javimo<\/span><\/strong><\/a><\/span><\/span><span class=\"html-span xdj266r x11i5rnm xat24cr x1mh8g0r xexx8yu x4uap5 x18d9i69 xkhd6sd x1hl2dhg x16tdsg8 x1vvkbs x1dor1uw x1n2onr6 xxymvpz\"> \/ visita <span class=\"html-span xdj266r x11i5rnm xat24cr x1mh8g0r xexx8yu x4uap5 x18d9i69 xkhd6sd x1hl2dhg x16tdsg8 x1vvkbs\"><a class=\"x1i10hfl xjbqb8w x1ejq31n xd10rxx x1sy0etr x17r0tee x972fbf xcfux6l x1qhh985 xm0m39n x9f619 x1ypdohk xt0psk2 xe8uvvx xdj266r x11i5rnm xat24cr x1mh8g0r xexx8yu x4uap5 x18d9i69 xkhd6sd x16tdsg8 x1hl2dhg xggy1nq x1a2a7pz xkrqix3 x1sur9pj x1fey0fg x1s688f\" role=\"link\" href=\"https:\/\/l.facebook.com\/l.php?u=http%3A%2F%2Fwww.eltiempodejavimo.es%2F%3Ffbclid%3DIwZXh0bgNhZW0CMTAAAR0qvLBgNjGwzLzBSFKNCu3HuvdqKa70dH7zVZYQdCO07ibf7WDveIVNCQA_aem_VCuMkhw1nHfLO4q0EKc44w&amp;h=AT0HSs3ZCkg5qjuNyO61CJ014ftqL2pfgaJdVoUaq0yhhHnvcM2wAKEWuH0HNzUF4bxumuEMtYB4MNpUOqkknkDSWQv5_y3gI5W1ElB7aJIY2jB4hiYsK8mfBHGs2aPLCmk5D42jDlcVBw&amp;__tn__=-UK-R&amp;c[0]=AT0EK9A_9azpR4uO_vGpdVr5S45LHs5mJ5m3QR__ijyqeOpTBZOhISSsgvle2nQIHVQlA1TnQT_fbOT3FUvyDBjQRHp7fXZWwQ56n7UVKK25W7wJFDOtjWmGqSx3gZL4UihL4bOH8iB8670OfKBErk8T1fB3M1LXXy3kdNdJf4sAurEJ5FIqINnr5quzzfaMmYKyJfP-nhskVW5d1T2colYyr2K59Q_VtSNKbGKx0ZOY9Rqm7ZANp44\" target=\"_blank\" rel=\"nofollow noopener noreferrer\">www.eltiempodejavimo.es<\/a><\/span><br \/>\n<\/span><\/li>\n<li><\/li>\n<\/ul>\n<\/div>\n<\/div>\n<\/div>\n<\/div>\n<div class=\"html-div xdj266r x11i5rnm xat24cr x1mh8g0r xexx8yu x4uap5 x18d9i69 xkhd6sd\" dir=\"auto\">\n<div class=\"html-div xdj266r x11i5rnm xat24cr x1mh8g0r xexx8yu x4uap5 x18d9i69 xkhd6sd\" data-ad-rendering-role=\"story_message\">\n<div id=\"\u00abr6g\u00bb\" class=\"x1l90r2v x1iorvi4 x1ye3gou xn6708d\" data-ad-comet-preview=\"message\" data-ad-preview=\"message\">\n<div class=\"x78zum5 xdt5ytf xz62fqu x16ldp7u\">\n<div class=\"xu06os2 x1ok221b\">\n<div class=\"xdj266r x11i5rnm xat24cr x1mh8g0r x1vvkbs x126k92a\">\n<div dir=\"auto\">La primavera es \u00e9poca de locuras, as\u00ed que el tiempo, no iba a ser menos para esta primera semana de abril&#8230; Prep\u00e1rate que vamos&#8230;.<\/div>\n<div dir=\"auto\" style=\"text-align: center\">\n<!-- iframe plugin v.6.0 wordpress.org\/plugins\/iframe\/ -->\n<iframe loading=\"lazy\" src=\"https:\/\/www.facebook.com\/plugins\/video.php?height=314&#038;href=https%3A%2F%2Fwww.facebook.com%2FRTPAoficial%2Fvideos%2F1423856615270933%2F&#038;show_text=false&#038;width=560&#038;t=0\" width=\"560\" height=\"314\" style=\"border:none;overflow:hidden\" scrolling=\"no\" frameborder=\"0\" allowfullscreen=\"true\" allow=\"autoplay; clipboard-write; encrypted-media; picture-in-picture; web-share\" 0=\"\/iframe\" class=\"iframe-class\"><\/iframe>\n<\/div>\n<div dir=\"auto\"><\/div>\n<\/div>\n<\/div>\n<\/div>\n<\/div>\n<\/div>\n<\/div>\n","protected":false},"excerpt":{"rendered":"<p>Fonte: El Comercio Tres la soleyera xornada del domingu, esti llunes volveremos tener un d\u00eda marc\u00e1u pelos cielos pocu nublos o estenos en tol Princip\u00e1u d&#8217;Asturies. Con \u00e9ses vamos concluyir el mes con unes condiciones meteorol\u00f3xiques totalmente estables. Am\u00e1s, les temperatures van siguir a l&#8217;alza.<\/p>\n","protected":false},"author":117,"featured_media":0,"comment_status":"open","ping_status":"open","sticky":false,"template":"","format":"standard","meta":{"footnotes":""},"categories":[5],"tags":[],"class_list":["post-44993","post","type-post","status-publish","format-standard","hentry","category-tiempu"],"_links":{"self":[{"href":"https:\/\/edublog.educastur.es\/ixuxu\/wp-json\/wp\/v2\/posts\/44993","targetHints":{"allow":["GET"]}}],"collection":[{"href":"https:\/\/edublog.educastur.es\/ixuxu\/wp-json\/wp\/v2\/posts"}],"about":[{"href":"https:\/\/edublog.educastur.es\/ixuxu\/wp-json\/wp\/v2\/types\/post"}],"author":[{"embeddable":true,"href":"https:\/\/edublog.educastur.es\/ixuxu\/wp-json\/wp\/v2\/users\/117"}],"replies":[{"embeddable":true,"href":"https:\/\/edublog.educastur.es\/ixuxu\/wp-json\/wp\/v2\/comments?post=44993"}],"version-history":[{"count":2,"href":"https:\/\/edublog.educastur.es\/ixuxu\/wp-json\/wp\/v2\/posts\/44993\/revisions"}],"predecessor-version":[{"id":45007,"href":"https:\/\/edublog.educastur.es\/ixuxu\/wp-json\/wp\/v2\/posts\/44993\/revisions\/45007"}],"wp:attachment":[{"href":"https:\/\/edublog.educastur.es\/ixuxu\/wp-json\/wp\/v2\/media?parent=44993"}],"wp:term":[{"taxonomy":"category","embeddable":true,"href":"https:\/\/edublog.educastur.es\/ixuxu\/wp-json\/wp\/v2\/categories?post=44993"},{"taxonomy":"post_tag","embeddable":true,"href":"https:\/\/edublog.educastur.es\/ixuxu\/wp-json\/wp\/v2\/tags?post=44993"}],"curies":[{"name":"wp","href":"https:\/\/api.w.org\/{rel}","templated":true}]}}