{"id":44995,"date":"2025-03-31T09:36:36","date_gmt":"2025-03-31T07:36:36","guid":{"rendered":"https:\/\/edublog.educastur.es\/ixuxu\/?p=44995"},"modified":"2025-03-31T09:41:02","modified_gmt":"2025-03-31T07:41:02","slug":"aeropuetu-dasturies-la-mayor-ufierta-de-la-hestoria","status":"publish","type":"post","link":"https:\/\/edublog.educastur.es\/ixuxu\/2025\/03\/aeropuetu-dasturies-la-mayor-ufierta-de-la-hestoria\/","title":{"rendered":"Aeropuetu d&#8217;Asturies: la mayor ufierta de la hestoria"},"content":{"rendered":"<p style=\"text-align: center\"><a href=\"https:\/\/actualidad.asturias.es\/documents\/537115\/2464118\/mapa+rutas+aeropuertoverano25.jpg\/70f095eb-2903-6aca-d5b1-c3bc03e79a67?t=1743233904225\"><img loading=\"lazy\" decoding=\"async\" class=\"aligncenter size-large\" src=\"https:\/\/actualidad.asturias.es\/documents\/537115\/2464118\/mapa+rutas+aeropuertoverano25.jpg\/70f095eb-2903-6aca-d5b1-c3bc03e79a67?t=1743233904225\" width=\"1920\" height=\"1080\" \/><\/a><\/p>\n<ul>\n<li><a href=\"https:\/\/actualidad.asturias.es\/documents\/537115\/2464118\/mapa+rutas+aeropuertoverano25.jpg\/70f095eb-2903-6aca-d5b1-c3bc03e79a67?t=1743233904225\">Mapa<\/a> \/<a href=\"https:\/\/actualidad.asturias.es\/-\/asturias-estrena-temporada-verano-aeropuerto?redirect=%2Fnoticias\"> Actualid\u00e1 Asturies<\/a> \/<\/li>\n<\/ul>\n<p><strong>Asturies estrena la temporada de branu del aeropuertu con 30 destinos directos<\/strong>, la mayor ufierta de la hestoria.\u00a0 Hasta ochobre t\u00e1n previstos 8.686 vuelos regulares, de los cualos 2.006 van ser internacionales, y un total de 1,4 millones de places. El Princip\u00e1u va tener conex\u00f3n directa per primer vegada con cuatro ciudaes andaluces y colos tr\u00e9s capitales de la Comunidad Valenciana.<\/p>\n<p><!--more--><br \/>\nLa Estratexa de Conectivid\u00e1 A\u00e9rea asitia la terminal de <strong>Santiago del Monte como la octava del pa\u00eds con m\u00e1s rutes nacionales y la segunda de la Espa\u00f1a Verde.\u00a0<\/strong>Asturies estrena esta medianueche la temporada de branu del aeropuertu cola mayor ufierta de la hestoria: 30 destinos directos, que van suponer una ufierta global de 1.460.000 places en rutes regulares.<\/p>\n<p>La Estratexa de Conectivid\u00e1 A\u00e9rea que punxo en marcha&#8217;l Gobiernu del Princip\u00e1u en 2019 llogr\u00f3 que la terminal de Santiago del Monte as\u00edtiese como <strong>la octava del pa\u00eds con mayor ufierta de destinos nacionales (19) y la segunda de la Espa\u00f1a Verde, solo por detr\u00e1s de Bilbao.<\/strong> Per delantre del aeropuertu d&#8217;Asturies en n\u00famberu de rutes interiores as\u00edtiense Mallorca (32), Barcelona (30), Madrid (29), M\u00e1laga (22), Valencia (22), Sevilla (20) y Bilbao (20).<\/p>\n<p>Dende&#8217;l 30 de marzu al 25 d&#8217;ochobre, t\u00e1n previstos 8.686 vuelos regulares: 2.006 a destinos internacionales y 6.680 a aeropuertos espa\u00f1oles.<\/p>\n<p>Angua\u00f1o incorp\u00f3rense al cat\u00e1logu de rutes directes les de Xerez, Castell\u00f3n y Melilla, coles que s&#8217;algama 19 destinos nacionales. Asina, nos pr\u00f3ximos meses podr\u00e1 volar ensin escales dende Santiago del Monte<strong> a Madrid, Barcelona, Sevilla, Valencia, Alicante, Castell\u00f3n, Palma de Mallorca, Menorca, Eivissa, Xerez, Granada, M\u00e1laga, Gran Canaria, Tenerife Sur, Tenerife Norte, Fuerteventura, Lanzarote, Melilla y Murcia.<\/strong><\/p>\n<p>Per primer vegada, Asturies va tar conectada simult\u00e1neamente con cuatro ciudaes andaluces: Sevilla, M\u00e1laga, Xerez y Granada. Les conexones con Andaluc\u00eda, operaes por Volotea, algamen les 537 frecuencies d&#8217;ida y vuelta y 170.000 places directes ente les dos comunidaes mientres la temporada de branu. Sevilla y M\u00e1laga van cuntar con siete frecuencies selmanales y Granada y Xerez, con dos.<\/p>\n<p>Am\u00e1s, Asturies va tar conectada colos tr\u00e9s aeropuertos de la Comunidad Valenciana, tami\u00e9n per primer vegada. P&#8217;Alicante y Valencia va haber siete frecuencies selmanales y para Castell\u00f3n, dos. D&#8217;esta miente, van algamase casi 150.000 places nes 465 conexones que Volotea tien programaes hasta finales d&#8217;ochobre.<\/p>\n<p><strong>350.000 places internacionales.\u00a0<\/strong>La ufierta de places internacionales na temporada de branu va algamar les 350.000 a once destinos europeos. D&#8217;\u00faltimes, van efectuase 2.006 operaciones nes rutes regulares a<strong> Lisboa, Londres, Bruxeles, Par\u00eds, \u00c1msterdam, D\u00fcsseldorf, M\u00fanich, Frankfurt, Mil\u00e1n, Roma y Venecia.<\/strong><\/p>\n<p>Cabo se\u00f1alar l&#8217;aumentu a cinco frecuencies selmanales de la ruta a Par\u00eds, seg\u00fan la medr\u00eda de los vuelos a Bruxeles con tr\u00e9s conexones selmanales, que y\u00e1 s&#8217;ufierta dende febreru. Nel casu de Londres, l&#8217;aeropuertu de Gatwick va tener xuna salida diaria (sacante los xueves) operada por Vueling.<\/p>\n<p>El tr\u00e1ficu internacional represent\u00f3 en 2024 el 22,8% del total nel aeropuertu asturianu, xuna cifra que se multiplic\u00f3 por ocho en cinco a\u00f1os. Les rutes qu&#8217;esperimentaron mayor crecedera fueron les de Francia (31,5%), Portugal (28,6%) ya Italia (14,3%).<\/p>\n<p>El Gobiernu d&#8217;Asturies caltien el so apueste por impulsar la Estratexa de Conectivid\u00e1 A\u00e9rea p&#8217;algamar los <strong>38 destinos directos y los 2,5 millones de pasaxeros a\u00f1ales en 2033.<\/strong> Con esti fin, el Princip\u00e1u volver\u00e1 tar presente a principios d&#8217;abril na feria Routes Europe, el mayor foru europ\u00e9u profesional del sector de l&#8217;aviaci\u00f3n, qu&#8217;angua\u00f1o se celebrar\u00e1 en Sevilla.<\/p>\n<p>Per otra parte, a la ufierta de rutes regulares d&#8217;esta temporada sumar\u00e1nse aquelles impulsaes por operadores tur\u00edsticos y axencies de viaxes, 18 en total, pa destinos como <strong>Marrakech, Cracovia, Cabu Verde, Madeira, Atenes, Eslovenia, Escandinavia o Exiptu.<\/strong><\/p>\n<p>El <strong>Consorciu de Tresportes d&#8217;Asturies (CTA)<\/strong> va caltener nestos meses la ufierta de 60 frecuencies diaries pa conectar Uvi\u00e9u, Xix\u00f3n, Avil\u00e9s y Castrill\u00f3n col aeropuertu. Esta parrilla de servicios toma tola operativa a\u00e9rea y facilita la llegada a la terminal en tresporte p\u00fablicu, con un serviciu incluy\u00edu dientro de la plataforma de movilid\u00e1 CONECTA.<\/p>\n<p style=\"text-align: center\"><a href=\"https:\/\/s1.ppllstatics.com\/elcomercio\/www\/multimedia\/2025\/03\/14\/avion-iberia-RNqPXTpPd9w6Qk0qs4ekKQP-1200x840@El%20Comercio.jpg\"><img loading=\"lazy\" decoding=\"async\" class=\"aligncenter size-large\" src=\"https:\/\/s1.ppllstatics.com\/elcomercio\/www\/multimedia\/2025\/03\/14\/avion-iberia-RNqPXTpPd9w6Qk0qs4ekKQP-1200x840@El%20Comercio.jpg\" width=\"1200\" height=\"840\" \/><\/a><\/p>\n<p>Madrid vuelve dar nales a Asturies.\u00a0 La ruta a\u00e9rea con Baraxes recupera&#8217;l lideralgu nel aeropuertu asturianu al ser utilizada por unu de cada cinco viaxeros.<\/p>\n<p>&nbsp;<\/p>\n<p>&nbsp;<\/p>\n","protected":false},"excerpt":{"rendered":"<p>Mapa \/ Actualid\u00e1 Asturies \/ Asturies estrena la temporada de branu del aeropuertu con 30 destinos directos, la mayor ufierta de la hestoria.\u00a0 Hasta ochobre t\u00e1n previstos 8.686 vuelos regulares, de los cualos 2.006 van ser internacionales, y un total de 1,4 millones de places. El Princip\u00e1u va tener conex\u00f3n directa per primer vegada con [&hellip;]<\/p>\n","protected":false},"author":117,"featured_media":0,"comment_status":"open","ping_status":"open","sticky":false,"template":"","format":"standard","meta":{"footnotes":""},"categories":[232],"tags":[],"class_list":["post-44995","post","type-post","status-publish","format-standard","hentry","category-tresportes"],"_links":{"self":[{"href":"https:\/\/edublog.educastur.es\/ixuxu\/wp-json\/wp\/v2\/posts\/44995","targetHints":{"allow":["GET"]}}],"collection":[{"href":"https:\/\/edublog.educastur.es\/ixuxu\/wp-json\/wp\/v2\/posts"}],"about":[{"href":"https:\/\/edublog.educastur.es\/ixuxu\/wp-json\/wp\/v2\/types\/post"}],"author":[{"embeddable":true,"href":"https:\/\/edublog.educastur.es\/ixuxu\/wp-json\/wp\/v2\/users\/117"}],"replies":[{"embeddable":true,"href":"https:\/\/edublog.educastur.es\/ixuxu\/wp-json\/wp\/v2\/comments?post=44995"}],"version-history":[{"count":2,"href":"https:\/\/edublog.educastur.es\/ixuxu\/wp-json\/wp\/v2\/posts\/44995\/revisions"}],"predecessor-version":[{"id":44998,"href":"https:\/\/edublog.educastur.es\/ixuxu\/wp-json\/wp\/v2\/posts\/44995\/revisions\/44998"}],"wp:attachment":[{"href":"https:\/\/edublog.educastur.es\/ixuxu\/wp-json\/wp\/v2\/media?parent=44995"}],"wp:term":[{"taxonomy":"category","embeddable":true,"href":"https:\/\/edublog.educastur.es\/ixuxu\/wp-json\/wp\/v2\/categories?post=44995"},{"taxonomy":"post_tag","embeddable":true,"href":"https:\/\/edublog.educastur.es\/ixuxu\/wp-json\/wp\/v2\/tags?post=44995"}],"curies":[{"name":"wp","href":"https:\/\/api.w.org\/{rel}","templated":true}]}}