{"id":45008,"date":"2025-03-29T09:00:59","date_gmt":"2025-03-29T07:00:59","guid":{"rendered":"https:\/\/edublog.educastur.es\/ixuxu\/?p=45008"},"modified":"2025-04-01T21:10:27","modified_gmt":"2025-04-01T19:10:27","slug":"dia-mundial-del-piano","status":"publish","type":"post","link":"https:\/\/edublog.educastur.es\/ixuxu\/2025\/03\/dia-mundial-del-piano\/","title":{"rendered":"D\u00eda Mundial del piano"},"content":{"rendered":"<div class=\"html-div xdj266r xat24cr x1mh8g0r xexx8yu x4uap5 x18d9i69 xkhd6sd x78zum5 x2lah0s xqtp20y x1emribx\">\n<div class=\"xc9qbxq x1td3qas x6s0dn4 x78zum5 xl56j7k\">\n<div style=\"text-align: center\">\n<!-- iframe plugin v.6.0 wordpress.org\/plugins\/iframe\/ -->\n<iframe loading=\"lazy\" width=\"640\" height=\"360\" src=\"https:\/\/www.youtube.com\/embed\/6du1lo0-7KA\" title=\"Xaime Arias &#039;&#039;Ya sabes que tengo gaita&#039;&#039;\" frameborder=\"0\" allow=\"accelerometer; autoplay; clipboard-write; encrypted-media; gyroscope; picture-in-picture; web-share\" referrerpolicy=\"strict-origin-when-cross-origin\" 0=\"allowfullscreen\" 1=\"\/iframe\" scrolling=\"yes\" class=\"iframe-class\"><\/iframe>\n<\/div>\n<\/div>\n<\/div>\n<div class=\"x78zum5 xdt5ytf xz62fqu x16ldp7u\">\n<div class=\"xu06os2 x1ok221b\">\n<div class=\"html-div xdj266r x11i5rnm xat24cr x1mh8g0r xexx8yu x4uap5 x18d9i69 xkhd6sd\" data-ad-rendering-role=\"profile_name\">\n<ul>\n<li class=\"html-h3 x11i5rnm xat24cr x1mh8g0r xexx8yu x4uap5 x18d9i69 xkhd6sd x1vvkbs x1heor9g x1qlqyl8 x1pd3egz x1a2a7pz x1gslohp x1yc453h\"><span class=\"x1lliihq x6ikm8r x10wlt62 x1n2onr6\"><span class=\"xt0psk2\"><span class=\"xjp7ctv\"><a class=\"x1i10hfl xjbqb8w x1ejq31n xd10rxx x1sy0etr x17r0tee x972fbf xcfux6l x1qhh985 xm0m39n x9f619 x1ypdohk xt0psk2 xe8uvvx xdj266r x11i5rnm xat24cr x1mh8g0r xexx8yu x4uap5 x18d9i69 xkhd6sd x16tdsg8 x1hl2dhg xggy1nq x1a2a7pz xkrqix3 x1sur9pj xzsf02u x1s688f\" role=\"link\" href=\"https:\/\/www.facebook.com\/radioclasicartve?__cft__[0]=AZWkGqn5BSl08v3Pzgf10o8-N7poemsx5DyfkvXlufOEBzlqgk1bzVOV2Ff9WJlxoCw5cbatPH2ajw7PS-kXVY03d5bQ5M-Jl23Z3mTfXz-fBdYrlYY7hVWo7qRuzmciXsh0V0Kn3dBmU-Y08PoFg3_L3NlflgJ8tO9i7YcFZ463YRNUl0tK-IUsrDQASUroyhvIZexmpIsFrx9umLbeyDW-&amp;__tn__=-UC%2CP-y-R\"><strong class=\"html-strong xdj266r x11i5rnm xat24cr x1mh8g0r xexx8yu x4uap5 x18d9i69 xkhd6sd x1hl2dhg x16tdsg8 x1vvkbs x1s688f\"><span class=\"html-span xdj266r x11i5rnm xat24cr x1mh8g0r xexx8yu x4uap5 x18d9i69 xkhd6sd x1hl2dhg x16tdsg8 x1vvkbs\">Radio Cl\u00e1sica<\/span><\/strong><\/a><\/span><\/span> <\/span>\/\u00a0 <span class=\"html-span xdj266r x11i5rnm xat24cr x1mh8g0r xexx8yu x4uap5 x18d9i69 xkhd6sd x1hl2dhg x16tdsg8 x1vvkbs\"><a class=\"x1i10hfl xjbqb8w x1ejq31n xd10rxx x1sy0etr x17r0tee x972fbf xcfux6l x1qhh985 xm0m39n x9f619 x1ypdohk xt0psk2 xe8uvvx xdj266r x11i5rnm xat24cr x1mh8g0r xexx8yu x4uap5 x18d9i69 xkhd6sd x16tdsg8 x1hl2dhg xggy1nq x1a2a7pz xkrqix3 x1sur9pj x1fey0fg x1s688f\" role=\"link\" href=\"https:\/\/www.facebook.com\/hashtag\/diamundialdelpiano?__eep__=6&amp;__cft__[0]=AZWkGqn5BSl08v3Pzgf10o8-N7poemsx5DyfkvXlufOEBzlqgk1bzVOV2Ff9WJlxoCw5cbatPH2ajw7PS-kXVY03d5bQ5M-Jl23Z3mTfXz-fBdYrlYY7hVWo7qRuzmciXsh0V0Kn3dBmU-Y08PoFg3_L3NlflgJ8tO9i7YcFZ463YRNUl0tK-IUsrDQASUroyhvIZexmpIsFrx9umLbeyDW-&amp;__tn__=*NK-y-R\">#DiaMundialdelPiano<\/a><\/span> <span class=\"html-span xexx8yu x4uap5 x18d9i69 xkhd6sd x1hl2dhg x16tdsg8 x1vvkbs x3nfvp2 x1j61x8r x1fcty0u xdj266r xat24cr xgzva0m xhhsvwb xxymvpz xlup9mm x1kky2od\"><img loading=\"lazy\" decoding=\"async\" class=\"xz74otr x168nmei x13lgxp2 x5pf9jr xo71vjh\" src=\"https:\/\/static.xx.fbcdn.net\/images\/emoji.php\/v9\/ta2\/1\/16\/1f3b9.png\" alt=\"\ud83c\udfb9\" width=\"16\" height=\"16\" \/><\/span>.\/<a href=\"http:\/\/rtve.es\/play\/radio\/colecciones\/dia-mundial-del-piano\/1253?fbclid=IwZXh0bgNhZW0CMTAAAR351Ry7FJ3b4xqDKnMtK5T19PJHhcI_3yrO3GtdXMe14z3Pa_Nd_M4qxj4_aem_OsK0dNl1xIipR3-5Lih1kw\"> Programes RTVE<\/a> \/<\/li>\n<\/ul>\n<\/div>\n<\/div>\n<\/div>\n<div class=\"html-div xdj266r x11i5rnm xat24cr x1mh8g0r xexx8yu x4uap5 x18d9i69 xkhd6sd\" dir=\"auto\">\n<div class=\"html-div xdj266r x11i5rnm xat24cr x1mh8g0r xexx8yu x4uap5 x18d9i69 xkhd6sd\" dir=\"auto\">\n<div class=\"html-div xdj266r x11i5rnm xat24cr x1mh8g0r xexx8yu x4uap5 x18d9i69 xkhd6sd\" data-ad-rendering-role=\"story_message\">\n<div class=\"x1l90r2v x1iorvi4 x1ye3gou xn6708d\" data-ad-comet-preview=\"message\" data-ad-preview=\"message\">\n<div class=\"x78zum5 xdt5ytf xz62fqu x16ldp7u\">\n<div class=\"xu06os2 x1ok221b\">\u00bfSabes por qu\u00e9 se celebra g\u00fcei?\u00a0 Esti d\u00eda ye&#8217;l n\u00famberu 88 del a\u00f1u, coincidiendo colos sos 88 tecles. Foi iniciativa del pianista alem\u00e1n Nils Frahm.<\/div>\n<\/div>\n<div><\/div>\n<div class=\"x78zum5 xdt5ytf xz62fqu x16ldp7u\">\n<div><!--more--><\/div>\n<div>\n<p>El pianu ye un pres\u00e9u que tuvo los sos or\u00edxenes a partir d&#8217;otros preseos musicales que s&#8217;inventaron fai miles d&#8217;a\u00f1os. A partir del sieglu XVIII foi desenvueltu tal que lo conocemos agora gracies a Bartolomeo Cristofori. Primero que esistiera&#8217;l pianu y\u00e1 s&#8217;inventaren munchos preseos de cuerda como la c\u00edtula, el monocordio, la zanfon\u00eda, l&#8217;escaque, hasta llegar al clavicordiu, que tien un gran paec\u00edu al pianu contemporaneu.<\/p>\n<p>&nbsp;<\/p>\n<p><strong><span style=\"color: #008080\">Distintos tipos de pianu.\u00a0<\/span><\/strong>Nel mundu de la m\u00fasica podemos atopar tr\u00e9s tipos distintos de pianu como son:<\/p>\n<ul>\n<li><strong>Pianu de cola<\/strong>: Ye&#8217;l m\u00e1s grande y \u00e9sti de la mesma estr\u00e9mase nel llam\u00e1u pianu mignon, pianu cuartu de cola, media cola y el de gran cola.<\/li>\n<\/ul>\n<p><a href=\"https:\/\/dibujalia.com\/files\/preview\/800x968\/11593625015iyrdjxu5goldcl9mrfdlbjlo70elwnyulxhtmj8zfqxio895tqbxdswucyork2a3pzlogzor0aynevezpm0n32do0p99ie3qcg7s.jpg\"><img loading=\"lazy\" decoding=\"async\" class=\"aligncenter size-large\" src=\"https:\/\/dibujalia.com\/files\/preview\/800x968\/11593625015iyrdjxu5goldcl9mrfdlbjlo70elwnyulxhtmj8zfqxio895tqbxdswucyork2a3pzlogzor0aynevezpm0n32do0p99ie3qcg7s.jpg\" width=\"480\" height=\"581\" \/><\/a><\/p>\n<ul>\n<li><strong>Pianu vertical:<\/strong> Ye&#8217;l m\u00e1s utiliz\u00e1u polos m\u00fasicos, y\u00e1 que ocupa menos. Esisten otres variantes como&#8217;l pianu vertical espineta, el de consola, el d&#8217;estudiu y el vertical antiguu.<\/li>\n<\/ul>\n<p style=\"text-align: center\"><a href=\"https:\/\/www.supercoloring.com\/sites\/default\/files\/styles\/coloring_full\/public\/cif\/2022\/01\/piano-coloring-page_3.png\"><img loading=\"lazy\" decoding=\"async\" class=\"aligncenter \" src=\"https:\/\/www.supercoloring.com\/sites\/default\/files\/styles\/coloring_full\/public\/cif\/2022\/01\/piano-coloring-page_3.png\" width=\"476\" height=\"425\" \/><\/a><\/p>\n<ul>\n<li><strong>Pianu electr\u00f3nicu<\/strong>: Ye la versi\u00f3n m\u00e1s moderna y dexa producir son\u00edos d&#8217;otros preseos musicales.<\/li>\n<\/ul>\n<p style=\"text-align: center\"><a href=\"https:\/\/m.media-amazon.com\/images\/I\/91K5Jqu0rUL.jpg\"><img loading=\"lazy\" decoding=\"async\" class=\"aligncenter \" src=\"https:\/\/m.media-amazon.com\/images\/I\/91K5Jqu0rUL.jpg\" width=\"466\" height=\"466\" \/><\/a><\/p>\n<p><strong><span style=\"color: #008080\">Los meyores cinco pianistes del mundu<\/span>.\u00a0<\/strong>Al travi\u00e9s de la hestoria, el mundu pudo esfrutar de la maxa de grandes pianistes que marcaron un antes y un dempu\u00e9s nel fascinante mundu de la m\u00fasica. Equ\u00ed dex\u00e1moste una llista de los cinco meyores pianistes de tolos tiempos:<\/p>\n<ul>\n<li><strong>Ludwig Van Beethoven (1770-1827)<\/strong>: Un verdaderu xeniu, que naci\u00f3 pa brinda-y al mundu&#8217;l so gran talentu a la de tocar el pianu. Pod\u00eda componer ya interpretar melod\u00edes con gran virtuosismu y yera capaz d&#8217;embruxar al espectador con ca\u00fana de les sos notes.<\/li>\n<li><strong>Fr\u00e9d\u00e9ric Chopin (1810-1849)<\/strong>: Consider\u00e1u&#8217;l compositor m\u00e1s importante de Polonia y unu de los m\u00e1s famosos hasta&#8217;l d\u00eda de g\u00fcei. Con un estilu propiu, foi un m\u00fasicu que se caracteriz\u00f3 por crear obres llenes de gracia, estilu y muncha orixinalid\u00e1.<\/li>\n<li><strong>Wolfgang Amadeus Mozart (1756-1791):<\/strong> Un m\u00fasicu prodixosu dende bien ne\u00f1u. Capaz de componer les sos propies sinfon\u00edes, siendo \u00abConciertu pa Pianu non. 21\u00bb una de les mundialmente conoc\u00edes.<\/li>\n<li><strong>Franz Liszt (1811-1886):<\/strong> D&#8217;orixe h\u00fangaru, esti virtuosu compositor y pianista ta consider\u00e1u como unu de los grandes del sieglu XIX. Goci\u00f3 de gran popularid\u00e1 y fama, comparada a la que tuvo Chopin<strong>.<\/strong><\/li>\n<li><strong>Clara Schumann (1819-1896):<\/strong> Pero&#8217;l mundu del pianu non y\u00e1 foi privilexu de los homes, tami\u00e9n esistieron grandes compositores como Clara Schumann, esposa del tami\u00e9n reconoc\u00edu pianista alem\u00e1n Robert Schumann. Con un talentu escepcional pa escribir composiciones sublimes, que llevaes al pianu, provocaben una verdadera fascinaci\u00f3n.<\/li>\n<\/ul>\n<p style=\"text-align: center\">\n<!-- iframe plugin v.6.0 wordpress.org\/plugins\/iframe\/ -->\n<iframe loading=\"lazy\" width=\"100%\" height=\"423\" src=\"https:\/\/www.youtube.com\/embed\/zrX_pYsQEp8\" title=\"Chopin - Vals de Primavera (Mariage d&#039;Amour) - Toscana, Italia 4K\" frameborder=\"0\" allow=\"accelerometer; autoplay; clipboard-write; encrypted-media; gyroscope; picture-in-picture; web-share\" referrerpolicy=\"strict-origin-when-cross-origin\" 0=\"allowfullscreen\" 1=\"\/iframe\" scrolling=\"yes\" class=\"iframe-class\"><\/iframe>\n<\/p>\n<p style=\"text-align: center\">\n<!-- iframe plugin v.6.0 wordpress.org\/plugins\/iframe\/ -->\n<iframe loading=\"lazy\" width=\"665\" height=\"374\" src=\"https:\/\/www.youtube.com\/embed\/bAjtVMhQyWw\" title=\"The Pianist, Nocturne C Sharp Minor Chopin.\" frameborder=\"0\" allow=\"accelerometer; autoplay; clipboard-write; encrypted-media; gyroscope; picture-in-picture; web-share\" referrerpolicy=\"strict-origin-when-cross-origin\" 0=\"allowfullscreen\" 1=\"\/iframe\" scrolling=\"yes\" class=\"iframe-class\"><\/iframe>\n<\/p>\n<p><a href=\"https:\/\/upload.wikimedia.org\/wikipedia\/commons\/e\/e1\/AlbenizAsturiasLeyenda.JPG\"><img loading=\"lazy\" decoding=\"async\" class=\"aligncenter size-large\" src=\"https:\/\/upload.wikimedia.org\/wikipedia\/commons\/e\/e1\/AlbenizAsturiasLeyenda.JPG\" width=\"337\" height=\"166\" \/><\/a><span id=\"snippet-text\" class=\"style-scope ytd-text-inline-expander\"><span class=\"yt-core-attributed-string yt-core-attributed-string--white-space-pre-wrap\" dir=\"auto\" role=\"text\"><span class=\"yt-core-attributed-string--link-inherit-color\" dir=\"auto\">\u00abSI QUIERES QUE TE CORTEXE\u00bb ye \u00fan de los temes del llibru \u00ab10 Canciones asturianes pa gaita y pianu\u00bb de Xaime Arias. El pianista Xaime Arias igu\u00f3 diez canciones del universu de la tonada en formatu gaita y pianu.<\/span><\/span><\/span><\/p>\n<p style=\"text-align: center\">\n<!-- iframe plugin v.6.0 wordpress.org\/plugins\/iframe\/ -->\n<iframe loading=\"lazy\" width=\"640\" height=\"360\" src=\"https:\/\/www.youtube.com\/embed\/D4YrrkElNjw\" title=\"Si quieres que te cortexe - Gaita y Piano\" frameborder=\"0\" allow=\"accelerometer; autoplay; clipboard-write; encrypted-media; gyroscope; picture-in-picture; web-share\" referrerpolicy=\"strict-origin-when-cross-origin\" 0=\"allowfullscreen\" 1=\"\/iframe\" scrolling=\"yes\" class=\"iframe-class\"><\/iframe>\n<\/p>\n<\/div>\n<\/div>\n<\/div>\n<\/div>\n<\/div>\n<\/div>\n<p>&nbsp;<\/p>\n","protected":false},"excerpt":{"rendered":"<p>Radio Cl\u00e1sica \/\u00a0 #DiaMundialdelPiano .\/ Programes RTVE \/ \u00bfSabes por qu\u00e9 se celebra g\u00fcei?\u00a0 Esti d\u00eda ye&#8217;l n\u00famberu 88 del a\u00f1u, coincidiendo colos sos 88 tecles. Foi iniciativa del pianista alem\u00e1n Nils Frahm.<\/p>\n","protected":false},"author":117,"featured_media":0,"comment_status":"open","ping_status":"open","sticky":false,"template":"","format":"standard","meta":{"footnotes":""},"categories":[6,35],"tags":[],"class_list":["post-45008","post","type-post","status-publish","format-standard","hentry","category-dia-de","category-musica"],"_links":{"self":[{"href":"https:\/\/edublog.educastur.es\/ixuxu\/wp-json\/wp\/v2\/posts\/45008","targetHints":{"allow":["GET"]}}],"collection":[{"href":"https:\/\/edublog.educastur.es\/ixuxu\/wp-json\/wp\/v2\/posts"}],"about":[{"href":"https:\/\/edublog.educastur.es\/ixuxu\/wp-json\/wp\/v2\/types\/post"}],"author":[{"embeddable":true,"href":"https:\/\/edublog.educastur.es\/ixuxu\/wp-json\/wp\/v2\/users\/117"}],"replies":[{"embeddable":true,"href":"https:\/\/edublog.educastur.es\/ixuxu\/wp-json\/wp\/v2\/comments?post=45008"}],"version-history":[{"count":6,"href":"https:\/\/edublog.educastur.es\/ixuxu\/wp-json\/wp\/v2\/posts\/45008\/revisions"}],"predecessor-version":[{"id":45135,"href":"https:\/\/edublog.educastur.es\/ixuxu\/wp-json\/wp\/v2\/posts\/45008\/revisions\/45135"}],"wp:attachment":[{"href":"https:\/\/edublog.educastur.es\/ixuxu\/wp-json\/wp\/v2\/media?parent=45008"}],"wp:term":[{"taxonomy":"category","embeddable":true,"href":"https:\/\/edublog.educastur.es\/ixuxu\/wp-json\/wp\/v2\/categories?post=45008"},{"taxonomy":"post_tag","embeddable":true,"href":"https:\/\/edublog.educastur.es\/ixuxu\/wp-json\/wp\/v2\/tags?post=45008"}],"curies":[{"name":"wp","href":"https:\/\/api.w.org\/{rel}","templated":true}]}}