{"id":45030,"date":"2025-04-01T09:30:38","date_gmt":"2025-04-01T07:30:38","guid":{"rendered":"https:\/\/edublog.educastur.es\/ixuxu\/?p=45030"},"modified":"2025-04-01T20:41:28","modified_gmt":"2025-04-01T18:41:28","slug":"dia-mundial-de-les-camperes-o-pastos-marinos","status":"publish","type":"post","link":"https:\/\/edublog.educastur.es\/ixuxu\/2025\/04\/dia-mundial-de-les-camperes-o-pastos-marinos\/","title":{"rendered":"D\u00eda Mundial de les Camperes o pastos Marinos"},"content":{"rendered":"<p>El 1 de marzu conmemora&#8217;l D\u00eda Mundial de les Camperes Marines, unu de los ecosistemes m\u00e1s importantes na meyora de les condiciones del camb\u00e9u clim\u00e1ticu nel planeta.\u00a0Les camperes marines son plantes acu\u00e1tiques que s&#8217;afaen al llechu mar\u00edn, allugaes en zones de cierta fondura en mares y oc\u00e9anos.<\/p>\n<p style=\"text-align: center\"><a href=\"https:\/\/www.scienceinschool.org\/wp-content\/uploads\/2024\/03\/Diagram-1-892x600.png\"><img loading=\"lazy\" decoding=\"async\" class=\"aligncenter size-large\" src=\"https:\/\/www.scienceinschool.org\/wp-content\/uploads\/2024\/03\/Diagram-1-892x600.png\" width=\"892\" height=\"600\" \/><\/a><\/p>\n<p><!--more--><\/p>\n<p>Conformen estenses \u00e1rees d&#8217;una sola especie, denominaes prader\u00edes monoespec\u00edfiques, o de delles especies conoc\u00edes como prader\u00edes mistes. Constit\u00fain unu de los ecosistemes fundamentales del planeta, por cuenta de que prinden unes 83 millones de tonelaes m\u00e9triques a\u00f1ales de di\u00f3xidu de carbonu, almacen\u00e1ndolo nos sos sedimentos de manera permanente.<\/p>\n<p>Esta acci\u00f3n ye fundamental na mitigaci\u00f3n del camb\u00e9u clim\u00e1ticu y l&#8217;acidificaci\u00f3n de los oc\u00e9anos y mares. Am\u00e1s contrib\u00fai a apangar la producci\u00f3n de gases efecto invernaderu del planeta.<\/p>\n<p><strong>Beneficios de les camperes marines<\/strong>. <strong><span style=\"color: #008080\">Les principales ventayes y beneficios que brinden les camperes marines son los siguientes:<\/span><\/strong><\/p>\n<ul>\n<li><span style=\"color: #008080\"><em>Ye la principal fonte d&#8217;alimentu y h\u00e1bitat de les poblaciones de pexes y otres formes de vida marina, en mares y oc\u00e9anos.<\/em><\/span><\/li>\n<li><span style=\"color: #008080\"><em>Les prader\u00edes submarines son unu de los h\u00e1bitats costeros con mayor cobertoria na Tierra, con una estensi\u00f3n cimera a los 300.000 km2, tomando a unos 159 pa\u00edses.<\/em><\/span><\/li>\n<li><span style=\"color: #008080\"><em>Contrib\u00fain a debilitar les marexaes cicl\u00f3niques.<\/em><\/span><\/li>\n<li><span style=\"color: #008080\"><em>Purifiquen l&#8217;agua.<\/em><\/span><\/li>\n<li><span style=\"color: #008080\"><em>Son ecosistemes biol\u00f3gicamente ricos y granibles, que constit\u00fain h\u00e1bitats de cr\u00eda a m\u00e1s de 20% de les pesquer\u00edas m\u00e1s grandes del mundu.<\/em><\/span><\/li>\n<li><span style=\"color: #008080\"><em>Peneren axentes pat\u00f3xenos, bacteries y contaminantes.<\/em><\/span><\/li>\n<li><span style=\"color: #008080\"><em>Alluguen especies en peligru d&#8217;estinci\u00f3n, tales como los caballinos de mar y les tort\u00faes marines.<\/em><\/span><\/li>\n<li><span style=\"color: #008080\"><em>Ayuden a amenorgar la erosi\u00f3n costera.<\/em><\/span><\/li>\n<\/ul>\n<p><strong>Amenaces qu&#8217;encaren les camperes marines.\u00a0<\/strong>Les camperes marines t\u00e1n siendo amenaciaos por pr\u00e1ctiques humanes nocives, siendo de vital importancia la execuci\u00f3n d&#8217;acciones que contribuyan al so cuidu y preservaci\u00f3n. <strong><em><span style=\"color: #008080\">Encaren les siguientes amenaces:<\/span><\/em><\/strong><\/p>\n<ul>\n<li><strong><em><span style=\"color: #008080\">La escorrent\u00eda urbana, industrial y agr\u00edcola.<\/span><\/em><\/strong><\/li>\n<li><strong><em><span style=\"color: #008080\">El desenvolvimientu costeru.<\/span><\/em><\/strong><\/li>\n<li><strong><em><span style=\"color: #008080\">El drag\u00e1u d&#8217;embarcaciones.<\/span><\/em><\/strong><\/li>\n<li><strong><em><span style=\"color: #008080\">La pesca.<\/span><\/em><\/strong><\/li>\n<li><strong><em><span style=\"color: #008080\">Les actividaes de sal\u00e9u illegales y non regulaes.<\/span><\/em><\/strong><\/li>\n<li><strong><em><span style=\"color: #008080\">El camb\u00e9u clim\u00e1ticu.<\/span><\/em><\/strong><\/li>\n<\/ul>\n","protected":false},"excerpt":{"rendered":"<p>El 1 de marzu conmemora&#8217;l D\u00eda Mundial de les Camperes Marines, unu de los ecosistemes m\u00e1s importantes na meyora de les condiciones del camb\u00e9u clim\u00e1ticu nel planeta.\u00a0Les camperes marines son plantes acu\u00e1tiques que s&#8217;afaen al llechu mar\u00edn, allugaes en zones de cierta fondura en mares y oc\u00e9anos.<\/p>\n","protected":false},"author":117,"featured_media":0,"comment_status":"open","ping_status":"open","sticky":false,"template":"","format":"standard","meta":{"footnotes":""},"categories":[6],"tags":[],"class_list":["post-45030","post","type-post","status-publish","format-standard","hentry","category-dia-de"],"_links":{"self":[{"href":"https:\/\/edublog.educastur.es\/ixuxu\/wp-json\/wp\/v2\/posts\/45030","targetHints":{"allow":["GET"]}}],"collection":[{"href":"https:\/\/edublog.educastur.es\/ixuxu\/wp-json\/wp\/v2\/posts"}],"about":[{"href":"https:\/\/edublog.educastur.es\/ixuxu\/wp-json\/wp\/v2\/types\/post"}],"author":[{"embeddable":true,"href":"https:\/\/edublog.educastur.es\/ixuxu\/wp-json\/wp\/v2\/users\/117"}],"replies":[{"embeddable":true,"href":"https:\/\/edublog.educastur.es\/ixuxu\/wp-json\/wp\/v2\/comments?post=45030"}],"version-history":[{"count":2,"href":"https:\/\/edublog.educastur.es\/ixuxu\/wp-json\/wp\/v2\/posts\/45030\/revisions"}],"predecessor-version":[{"id":45032,"href":"https:\/\/edublog.educastur.es\/ixuxu\/wp-json\/wp\/v2\/posts\/45030\/revisions\/45032"}],"wp:attachment":[{"href":"https:\/\/edublog.educastur.es\/ixuxu\/wp-json\/wp\/v2\/media?parent=45030"}],"wp:term":[{"taxonomy":"category","embeddable":true,"href":"https:\/\/edublog.educastur.es\/ixuxu\/wp-json\/wp\/v2\/categories?post=45030"},{"taxonomy":"post_tag","embeddable":true,"href":"https:\/\/edublog.educastur.es\/ixuxu\/wp-json\/wp\/v2\/tags?post=45030"}],"curies":[{"name":"wp","href":"https:\/\/api.w.org\/{rel}","templated":true}]}}