{"id":45033,"date":"2025-04-02T09:00:23","date_gmt":"2025-04-02T07:00:23","guid":{"rendered":"https:\/\/edublog.educastur.es\/ixuxu\/?p=45033"},"modified":"2025-04-03T18:17:40","modified_gmt":"2025-04-03T16:17:40","slug":"el-2-dabril-celebral-dia-internacional-del-llibru-infantil","status":"publish","type":"post","link":"https:\/\/edublog.educastur.es\/ixuxu\/2025\/04\/el-2-dabril-celebral-dia-internacional-del-llibru-infantil\/","title":{"rendered":"D\u00eda Internacional del Llibru Infantil y Xuvenil"},"content":{"rendered":"<div class=\"html-div xdj266r xat24cr x1mh8g0r xexx8yu x4uap5 x18d9i69 xkhd6sd x78zum5 x2lah0s xqtp20y x1emribx\">\n<div class=\"x1vqgdyp x100vrsf\">\n<div style=\"text-align: center\"><span style=\"font-size: 24px\"><em><span style=\"color: #008080\">\u201c<strong>Fai dibuxos pal mio poema<\/strong>, pero si\u00e9ntite llibre:<br \/>\nson tuyes estes palabres que salieron de la mio boca\u201d<\/span><\/em><\/span><\/div>\n<div><\/div>\n<div class=\"\" style=\"text-align: center\"><a href=\"https:\/\/revistababar.com\/wp\/wp-content\/uploads\/dia-int-libro-2025-cartel.jpg\"><img loading=\"lazy\" decoding=\"async\" class=\"aligncenter \" src=\"https:\/\/revistababar.com\/wp\/wp-content\/uploads\/dia-int-libro-2025-cartel.jpg\" width=\"444\" height=\"630\" \/><\/a><\/div>\n<\/div>\n<div><\/div>\n<div class=\"x1vqgdyp x100vrsf\">\n<div class=\"\">L&#8217;oxetivu, ye espertar l&#8217;inter\u00e9s y amor polos llibros y la llectura de los ne\u00f1os y nuevos y faer d&#8217;ello, un vezu de vida. La tema d&#8217;angua\u00f1o ye<strong><span style=\"color: #008080\">\u201cLa llibert\u00e1 de la imaxinaci\u00f3n\u201d<\/span>,<\/strong> y el lema ye la \u00faltima frase del poema Llinguaxe visual:<strong><span style=\"color: #008080\"> \u201cFai dibuxos pal mio poema, pero si\u00e9ntite llibre: son tuyes estes palabres que salieron de la mio boca\u201d<\/span>.<\/strong> El poema provien de la colecci\u00f3n ilustrada de poes\u00eda a <a href=\"https:\/\/www.bol.com\/nl\/nl\/p\/alle-wensen-van-de-wereld\/9300000042444848\/\" target=\"_blank\" rel=\"noopener\"><em>Alle wensen van de wereld<\/em><\/a> (2021) de Rian Visser y la ilustradora Janneke Ipenburg.<\/div>\n<ul>\n<li><a href=\"https:\/\/revistababar.com\/wp\/wp-content\/uploads\/dia-int-libro-2025-cartel.jpg\">Cartelu<\/a> \/ <a href=\"https:\/\/www.ibby.org\/awards-activities\/activities\/international-childrens-book-day\/2025-icbd-material-for-download\">materiales descargar<\/a> \/<strong><a href=\"https:\/\/www.ibby.org\/fileadmin\/user_upload\/icbd\/icbd_2025\/PosterICBD25_ENG_online_01.pdf\">ICBD poster 2025 (digital use; format: pdf)<\/a><\/strong>\/\u00a0<strong><a href=\"https:\/\/www.dropbox.com\/scl\/fi\/smyloqe58et06c68h86u5\/PosterICBD25_ENGforPrint.pdf?rlkey=4byme8ce5eqt7klfn351oqtad&amp;dl=0\" target=\"_blank\" rel=\"noopener\">ICBD poster 2025 (to print; format: pdf)<\/a><\/strong>\/<strong><a href=\"https:\/\/www.dropbox.com\/scl\/fi\/mczcpuvn24380h636a5g3\/BrochureICBD25_ENG_print.pdf?rlkey=jg1dl3l59gaauyqa412l43x4n&amp;dl=0\" target=\"_blank\" rel=\"noopener\">ICBD flyer 2025 (for print; format: PDF)<\/a><\/strong><\/li>\n<\/ul>\n<div><\/div>\n<\/div>\n<\/div>\n<p><!--more--><\/p>\n<div class=\"html-div xdj266r x11i5rnm xat24cr x1mh8g0r xexx8yu x4uap5 x18d9i69 xkhd6sd x1iyjqo2 xeuugli\">\n<div class=\"x78zum5 xdt5ytf xz62fqu x16ldp7u\">\n<div class=\"xu06os2 x1ok221b\">\n<div class=\"html-div xdj266r x11i5rnm xat24cr x1mh8g0r xexx8yu x4uap5 x18d9i69 xkhd6sd\" data-ad-rendering-role=\"profile_name\">\n<p>Andersen, foi&#8217;l ceador de dalgunos de los cuentos cl\u00e1sicos infantiles m\u00e1s lle\u00edos en tol mundu como&#8217;l Patito Feu, Pulgarcita, el Sold\u00e1u de Chombu o la Serenita y que tami\u00e9n fueron llevaos al teatru y a la gran pantalla.<\/p>\n<\/div>\n<ul>\n<li>\u00a0<a href=\"https:\/\/www.ibby.org\/awards-activities\/activities\/international-childrens-book-day\" target=\"_blank\" rel=\"noopener\">D\u00eda Internacional del Libro Infantil<\/a> \/ a <a href=\"https:\/\/www.bol.com\/nl\/nl\/p\/alle-wensen-van-de-wereld\/9300000042444848\/\" target=\"_blank\" rel=\"noopener\"><em>Alle wensen van de wereld<\/em><\/a> (2021)\u00a0 \/<a href=\"https:\/\/lh3.googleusercontent.com\/p\/AF1QipNA9gmktQVWz7lFaat5OsELllDKFewUMn6osBN5=s1360-w1360-h1020\"> estatua Andersen Dinamarca<\/a> \/<\/li>\n<\/ul>\n<p>Dende 1967, el 2 d&#8217;abril, coincidiendo cola fecha de la nacencia del escritor dan\u00e9s Hans Christian Andersen, l&#8217;<strong>IBBY promueve la celebraci\u00f3n del D\u00eda Internacional del Llibru Infantil<\/strong> col fin de promocionar los bonos llibros infantiles y xuveniles y la llectura ente los m\u00e1s nuevos.<\/p>\n<p>Cada a\u00f1u, una secci\u00f3n nacional del IBBY tien la oportunid\u00e1 de ser la patrocinadora internacional del D\u00eda del Llibru Infantil y escueye un escritor representativu y a un reconoc\u00edu ilustrador del so pa\u00eds por qu&#8217;ellaboren el mensaxe empobin\u00e1u a tolos ne\u00f1os del mundu y el cartelu que se distrib\u00fai por tol mundu, y se promueva la celebraci\u00f3n nes biblioteques, centros escolares, llibrer\u00edes, etc.<\/p>\n<p>En 2025, el d\u00eda ye patrocin\u00e1u pola secci\u00f3n d&#8217;IBBY de Pa\u00edses Baxos, y el cartelu ta fechu por dos creadores holandeses de llibros infantiles. <strong>La tema d&#8217;angua\u00f1o ye \u201cLa llibert\u00e1 de la imaxinaci\u00f3n\u201d,<\/strong> y el lema ye la \u00faltima frase del poema Llinguaxe visual:<span style=\"color: #008080\"><strong> \u201cFai dibuxos pal mio poema, pero si\u00e9ntite llibre: son tuyes estes palabres que salieron de la mio boca\u201d.<\/strong><\/span> El poema provien de la colecci\u00f3n ilustrada de poes\u00eda a <a href=\"https:\/\/www.bol.com\/nl\/nl\/p\/alle-wensen-van-de-wereld\/9300000042444848\/\" target=\"_blank\" rel=\"noopener\"><em>Alle wensen van de wereld<\/em><\/a> (2021) de Rian Visser y la ilustradora Janneke Ipenburg.<\/p>\n<p><a href=\"http:\/\/www.rianvisser.nl\/\" target=\"_blank\" rel=\"noopener\">Rian Visser<\/a> (1966) ye una escritora y poeta holandesa de llibros infantiles. Escribe testos risonderos y emocionantes. Xuntu cola ilustradora Janneke Ipenburg, cre\u00f3 les colecciones de poes\u00eda Alle wensen van de wereld (2021) y Het is een zachte dag vandaag (2024). En 2022, Rian Visser gan\u00f3 un Zilveren Griffel y la Gouden Po\u00ebziemedaille (Medaya d&#8217;Oru de Poes\u00eda). <strong>Rian Visser ye bien activa en temes educatives.<\/strong> Dise\u00f1a llecciones dixitales sobro escritura creativo y promoci\u00f3n de la llectura que los maestros pueden usar de forma gratuita. Dende 2024 hasta 2026, foi oficialmente nomada Poeta Infantil de los Pa\u00edses Baxos.<\/p>\n<p><a href=\"http:\/\/www.jannekeipenburg.com\/\" target=\"_blank\" rel=\"noopener\">Janneke Ipenburg<\/a> (1979) ye una ilustradora holandesa de llibros infantiles. Realiz\u00f3 dos colecciones de poes\u00eda con Rian Visser. En 2023 fixo&#8217;l llibru ilustr\u00e1u Voor altijd bij h.ou (2023). Am\u00e1s del so trabayu como ilustradora, Janneke trabay\u00f3 en delles pel\u00edcules d&#8217;animaci\u00f3n y angua\u00f1o ta trabayando como dise\u00f1adora de personaxes nuna gran animaci\u00f3n *stop-motion china. En 2023, Janneke tuvo na llista de finalistes de los World Illustration Awards.<\/p>\n<p>Angua\u00f1o, Rian Visser fixo suxerencies d&#8217;actividaes pa tr\u00e9s grupos d&#8217;ed\u00e1 distintes: de 4 a 6 a\u00f1os, de 6 a 9 a\u00f1os y de 9 a 14 a\u00f1os. <a href=\"https:\/\/www.vir2biz.nl\/cms2\/userfiles\/ibby-nederlandnl\/files\/ICBD2025_ENG_lesson.pdf\">Puedes descargales nesti enllaz (n&#8217;ingl\u00e9s).<\/a><\/p>\n<p>Am\u00e1s, IBBY-Pa\u00edses Baxos convoca un concursu internacional dirix\u00edu a ne\u00f1os y ne\u00f1es de too el mundu: fai un dibuxu, pintura o otru tipu de creaci\u00f3n basada nel poema Llinguaxe visual. Depu\u00e9s fai-y una semeya y (opcionalmente) faite otra tu cola to obra d&#8217;arte y \u00fanviala per corr\u00e9u electr\u00f3nicu a la to secci\u00f3n nacional de IBBY (n&#8217;Espa\u00f1a, , <a href=\"https:\/\/www.oepli.org\/Sobre-Oepli\">OEPLI<\/a>) o directamente a IBBY-Pa\u00edses Baxos:\u00a0 <a href=\"mailto:ibby.secretariaat@gmail.com\" target=\"_blank\" rel=\"noopener\">ibby.secretariaat@gmail.com.<\/a> publicar\u00e1n toles semeyes nel so sitiu web y van escoyer a los ganadores, que van ser compensaos con un paquete de llibros pa la so escuela.<\/p>\n<p>De sigu\u00edo ufiert\u00e1moste la traducci\u00f3n del mensaxe:<\/p>\n<p style=\"text-align: center\"><span style=\"color: #008080;font-size: 20px\"><strong>Llinguaxe visual<\/strong><\/span><\/p>\n<p style=\"text-align: center\"><span style=\"color: #008080;font-size: 20px\"><em>\u00bfPuedes dibuxar daqu\u00e9<br \/>\npa les <\/em><\/span><span style=\"color: #008080;font-size: 20px\"><em>palabres,<br \/>\npa les <\/em><\/span><span style=\"color: #008080;font-size: 20px\"><em>coses que digo?<\/em><\/span><\/p>\n<p style=\"text-align: center\"><span style=\"color: #008080;font-size: 20px\"><em>Dib\u00faxa-y ent\u00f3s<br \/>\nun <\/em><\/span><span style=\"color: #008080;font-size: 20px\"><em>furacu al d\u00eda<br \/>\ndibuxa un fr\u00edu,<br \/>\nun <\/em><\/span><span style=\"color: #008080;font-size: 20px\"><em>vientu,<br \/>\nun <\/em><\/span><span style=\"color: #008080;font-size: 20px\"><em>nuedu nel garg\u00fcelu<\/em><\/span><br \/>\n<span style=\"color: #008080;font-size: 20px\"><em>o la mala suerte,<\/em><\/span><\/p>\n<p style=\"text-align: center\"><span style=\"color: #008080;font-size: 20px\"><em>dibuxa un carp\u00edu,<br \/>\nun <\/em><\/span><span style=\"color: #008080;font-size: 20px\"><em>sollutu (suspiru),<br \/>\nl&#8217;arume a pan <\/em><\/span><span style=\"color: #008080;font-size: 20px\"><em>reci\u00e9n enforn\u00e1u,<br \/>\nel <\/em><\/span><span style=\"color: #008080;font-size: 20px\"><em>tiempu,<br \/>\nl&#8217;intre (instante),<br \/>\nel\u00a0<\/em><\/span><span style=\"color: #008080;font-size: 20px\"><em>principiu o&#8217;l final<\/em><\/span><br \/>\n<span style=\"color: #008080;font-size: 20px\"><em>d&#8217;un plan,<\/em><\/span><\/p>\n<p style=\"text-align: center\"><span style=\"color: #008080;font-size: 20px\"><em>dibuxa esi llugar en que dalg\u00fan d\u00eda,<br \/>\nesi llugar <\/em><\/span><span style=\"color: #008080;font-size: 20px\"><em>en que nunca,<br \/>\nesi llugar <\/em><\/span><span style=\"color: #008080;font-size: 20px\"><em>en que depu\u00e9s<\/em><\/span><br \/>\n<span style=\"color: #008080;font-size: 20px\"><em>va asoceder daqu\u00e9,<\/em><\/span><\/p>\n<p style=\"text-align: center\"><span style=\"color: #008080;font-size: 20px\"><em>dibuxa la punzada d&#8217;un emburri\u00f3n,<br \/>\nel <\/em><\/span><span style=\"color: #008080;font-size: 20px\"><em>sabor del mar.<\/em><\/span><\/p>\n<p style=\"text-align: center\"><span style=\"color: #008080;font-size: 20px\"><em>Hai tantes coses<\/em><\/span><br \/>\n<span style=\"color: #008080;font-size: 20px\"><em>que quixera ver,<br \/>\nl&#8217;amor,<br \/>\npor casu,<br \/>\ndepu\u00e9s, dalg\u00fan<br \/>\n<\/em><\/span><span style=\"color: #008080;font-size: 20px\"><em>d\u00eda y quiciabes.<\/em><\/span><\/p>\n<p style=\"text-align: center\"><span style=\"color: #008080;font-size: 20px\"><em>Fai dibuxos<\/em><\/span><br \/>\n<span style=\"color: #008080;font-size: 20px\"><em>pal mio poema,<br \/>\npero si\u00e9ntite llibre:<br \/>\n<\/em><\/span><span style=\"color: #008080;font-size: 20px\"><em>son tos<\/em><\/span><br \/>\n<span style=\"color: #008080;font-size: 20px\"><em>estes palabres<\/em><\/span><br \/>\n<span style=\"color: #008080;font-size: 20px\"><em>que salieron de la mio boca.<\/em><\/span><\/p>\n<p style=\"text-align: center\">Testu: Rian Visser. Traducci\u00f3n: Micaela van Muylem<\/p>\n<p>Na <a href=\"https:\/\/www.ibby.org\/awards-activities\/activities\/international-childrens-book-day\/icbd-2025-sponsored-by-the-netherlands\" target=\"_blank\" rel=\"noopener noreferrer\">web del IBBY<\/a> puedes lleer el mensaxe orixinal n&#8217;holand\u00e9s cola so traducci\u00f3n a dellos idiomes, y <a href=\"https:\/\/www.ibby.org\/awards-activities\/activities\/international-childrens-book-day\/2025-icbd-material-for-download\" target=\"_blank\" rel=\"noopener\">descargar <\/a>los materiales pa espublizar en redes o imprimir. Foi un escritor empuestu a la lliteratura infantil conoc\u00edu nos cinco los continentes. Los sos llibros fueron traduc\u00edos a m\u00e1s d&#8217;ochenta idiomes.\u00a0Una efem\u00e9ride trascendental pa la cultura xuntu col D\u00eda Mundial del Llibru, que se celebra&#8217;l 23 d&#8217;abril.<\/p>\n<h2>Lenguaje visual<\/h2>\n<p>\u00bfPuedes dibujar algo<br \/>\npara las palabras,<br \/>\npara las cosas que digo?<\/p>\n<p>Dib\u00fajale entonces<br \/>\nun agujero al d\u00eda<br \/>\ndibuja un fr\u00edo,<br \/>\nun viento,<br \/>\nun nudo en la garganta<br \/>\no la mala suerte,<\/p>\n<p>dibuja un carraspeo,<br \/>\nun suspiro,<br \/>\nel aroma a pan reci\u00e9n horneado,<br \/>\nel tiempo,<br \/>\nel instante,<br \/>\nel principio o el final<br \/>\nde un plan,<\/p>\n<p>dibuja ese lugar en que alg\u00fan d\u00eda,<br \/>\nese lugar en que nunca,<br \/>\nese lugar en que luego<br \/>\nocurrir\u00e1 algo,<\/p>\n<p>dibuja la punzada de un empuj\u00f3n,<br \/>\nel sabor del mar.<\/p>\n<p>Hay tantas cosas<br \/>\nque quisiera ver,<br \/>\nel amor,<br \/>\npor ejemplo,<br \/>\nluego,<br \/>\nalg\u00fan d\u00eda y quiz\u00e1s.<\/p>\n<p>Haz dibujos<br \/>\npara mi poema,<br \/>\npero si\u00e9ntete libre:<br \/>\nson tuyas<br \/>\nestas palabras<br \/>\nque han salido de mi boca.<\/p>\n<\/div>\n<p style=\"text-align: center\">\n<!-- iframe plugin v.6.0 wordpress.org\/plugins\/iframe\/ -->\n<iframe loading=\"lazy\" src=\"https:\/\/www.facebook.com\/plugins\/post.php?href=https%3A%2F%2Fwww.facebook.com%2Fphoto.php%3Ffbid%3D9902697689763452%26set%3Da.103574859675833%26type%3D3&#038;show_text=false&#038;width=500\" width=\"500\" height=\"761\" style=\"border:none;overflow:hidden\" scrolling=\"no\" frameborder=\"0\" allowfullscreen=\"true\" allow=\"autoplay; clipboard-write; encrypted-media; picture-in-picture; web-share\" 0=\"\/iframe\" class=\"iframe-class\"><\/iframe>\n<\/p>\n<div class=\"xu06os2 x1ok221b\">\n<div class=\"html-div xdj266r x11i5rnm xat24cr x1mh8g0r xexx8yu x4uap5 x18d9i69 xkhd6sd\" data-ad-rendering-role=\"profile_name\">\n<ul>\n<li id=\"\u00abr374\u00bb\" class=\"html-h2 x11i5rnm xat24cr x1mh8g0r xexx8yu x4uap5 x18d9i69 xkhd6sd x1vvkbs x1heor9g x1qlqyl8 x1pd3egz x1a2a7pz x1gslohp x1yc453h\"><span class=\"xt0psk2\"><span class=\"xjp7ctv\"><a class=\"x1i10hfl xjbqb8w x1ejq31n xd10rxx x1sy0etr x17r0tee x972fbf xcfux6l x1qhh985 xm0m39n x9f619 x1ypdohk xt0psk2 xe8uvvx xdj266r x11i5rnm xat24cr x1mh8g0r xexx8yu x4uap5 x18d9i69 xkhd6sd x16tdsg8 x1hl2dhg xggy1nq x1a2a7pz xkrqix3 x1sur9pj xzsf02u x1s688f\" role=\"link\" href=\"https:\/\/www.facebook.com\/profile.php?id=100079709828157&amp;__cft__[0]=AZXPt2xSczPjCXJQNQZzb0-Zqzwb_bVuDqHTMjGDjkkX1LeDzUKCkEpNjl2JeLOSqvrwRGzkEHvyAzQrSSLOXWpr4FVi0DmDl_tV4i9uNhUntbAGiWz_FbdQZa-rJyTUbKymQ_xcbnELhiJFTyKYEgz5ssHD-UucRyF04BXFYnK4IZYyYQO69dNghdZohQ4frW4&amp;__tn__=-UC%2CP-R\"><strong class=\"html-strong xdj266r x11i5rnm xat24cr x1mh8g0r xexx8yu x4uap5 x18d9i69 xkhd6sd x1hl2dhg x16tdsg8 x1vvkbs x1s688f\"><span class=\"html-span xdj266r x11i5rnm xat24cr x1mh8g0r xexx8yu x4uap5 x18d9i69 xkhd6sd x1hl2dhg x16tdsg8 x1vvkbs\">Red Bibliotecas P\u00fablicas Municipales de Oviedo<\/span><\/strong><\/a><\/span><\/span><\/li>\n<\/ul>\n<\/div>\n<\/div>\n<div class=\"xu06os2 x1ok221b\">\n<div id=\"\u00abr375\u00bb\" class=\"html-div xdj266r x11i5rnm xat24cr x1mh8g0r xexx8yu x4uap5 x18d9i69 xkhd6sd x1q0g3np\" style=\"text-align: center\">\n<!-- iframe plugin v.6.0 wordpress.org\/plugins\/iframe\/ -->\n<iframe loading=\"lazy\" src=\"https:\/\/www.facebook.com\/plugins\/post.php?href=https%3A%2F%2Fwww.facebook.com%2Fphoto.php%3Ffbid%3D640314868635502%26set%3Da.177788491554811%26type%3D3&#038;show_text=false&#038;width=500\" width=\"500\" height=\"491\" style=\"border:none;overflow:hidden\" scrolling=\"no\" frameborder=\"0\" allowfullscreen=\"true\" allow=\"autoplay; clipboard-write; encrypted-media; picture-in-picture; web-share\" 0=\"\/iframe\" class=\"iframe-class\"><\/iframe>\n<\/div>\n<div><\/div>\n<\/div>\n<\/div>\n<\/div>\n<div class=\"xqcrz7y x78zum5 x1qx5ct2 x1y1aw1k x1sxyh0 xwib8y2 xurb0ha xw4jnvo\">\n<div><\/div>\n<\/div>\n<div class=\"html-div xdj266r x11i5rnm xat24cr x1mh8g0r xexx8yu x4uap5 x18d9i69 xkhd6sd\" dir=\"auto\">\n<div class=\"html-div xdj266r x11i5rnm xat24cr x1mh8g0r xexx8yu x4uap5 x18d9i69 xkhd6sd\" data-ad-rendering-role=\"story_message\">\n<div id=\"\u00abr376\u00bb\" class=\"x1l90r2v x1iorvi4 x1ye3gou xn6708d\" data-ad-comet-preview=\"message\" data-ad-preview=\"message\">\n<div class=\"x78zum5 xdt5ytf xz62fqu x16ldp7u\">\n<div class=\"xu06os2 x1ok221b\">\n<div class=\"xdj266r x11i5rnm xat24cr x1mh8g0r x1vvkbs x126k92a\">\n<div dir=\"auto\"><\/div>\n<\/div>\n<\/div>\n<\/div>\n<\/div>\n<\/div>\n<\/div>\n","protected":false},"excerpt":{"rendered":"<p>\u201cFai dibuxos pal mio poema, pero si\u00e9ntite llibre: son tuyes estes palabres que salieron de la mio boca\u201d L&#8217;oxetivu, ye espertar l&#8217;inter\u00e9s y amor polos llibros y la llectura de los ne\u00f1os y nuevos y faer d&#8217;ello, un vezu de vida. La tema d&#8217;angua\u00f1o ye\u201cLa llibert\u00e1 de la imaxinaci\u00f3n\u201d, y el lema ye la \u00faltima [&hellip;]<\/p>\n","protected":false},"author":117,"featured_media":0,"comment_status":"open","ping_status":"open","sticky":false,"template":"","format":"standard","meta":{"footnotes":""},"categories":[193,6,10],"tags":[],"class_list":["post-45033","post","type-post","status-publish","format-standard","hentry","category-biblioteques","category-dia-de","category-llibros-reciella"],"_links":{"self":[{"href":"https:\/\/edublog.educastur.es\/ixuxu\/wp-json\/wp\/v2\/posts\/45033","targetHints":{"allow":["GET"]}}],"collection":[{"href":"https:\/\/edublog.educastur.es\/ixuxu\/wp-json\/wp\/v2\/posts"}],"about":[{"href":"https:\/\/edublog.educastur.es\/ixuxu\/wp-json\/wp\/v2\/types\/post"}],"author":[{"embeddable":true,"href":"https:\/\/edublog.educastur.es\/ixuxu\/wp-json\/wp\/v2\/users\/117"}],"replies":[{"embeddable":true,"href":"https:\/\/edublog.educastur.es\/ixuxu\/wp-json\/wp\/v2\/comments?post=45033"}],"version-history":[{"count":10,"href":"https:\/\/edublog.educastur.es\/ixuxu\/wp-json\/wp\/v2\/posts\/45033\/revisions"}],"predecessor-version":[{"id":45279,"href":"https:\/\/edublog.educastur.es\/ixuxu\/wp-json\/wp\/v2\/posts\/45033\/revisions\/45279"}],"wp:attachment":[{"href":"https:\/\/edublog.educastur.es\/ixuxu\/wp-json\/wp\/v2\/media?parent=45033"}],"wp:term":[{"taxonomy":"category","embeddable":true,"href":"https:\/\/edublog.educastur.es\/ixuxu\/wp-json\/wp\/v2\/categories?post=45033"},{"taxonomy":"post_tag","embeddable":true,"href":"https:\/\/edublog.educastur.es\/ixuxu\/wp-json\/wp\/v2\/tags?post=45033"}],"curies":[{"name":"wp","href":"https:\/\/api.w.org\/{rel}","templated":true}]}}