{"id":45052,"date":"2025-03-31T15:00:49","date_gmt":"2025-03-31T13:00:49","guid":{"rendered":"https:\/\/edublog.educastur.es\/ixuxu\/?p=45052"},"modified":"2025-03-31T15:00:49","modified_gmt":"2025-03-31T13:00:49","slug":"los-cromos-garren-protagonismu-cada-domingu-nel-fontan","status":"publish","type":"post","link":"https:\/\/edublog.educastur.es\/ixuxu\/2025\/03\/los-cromos-garren-protagonismu-cada-domingu-nel-fontan\/","title":{"rendered":"Los cromos garren protagonismu cada domingu n&#8217;El Font\u00e1n"},"content":{"rendered":"<ul>\n<li><a href=\"https:\/\/www.rtpa.es\/noticias-sociedad-ast\/2025-03-30\/Los-cromos-garren-protagonismu-cada-domingu-n'El-Fontan_111743343765.html\">TPA<\/a>:<\/li>\n<\/ul>\n<p style=\"text-align: center\"><a href=\"https:\/\/www.rtpa.es\/fotos\/\/25\/03\/20250330155853_RTPA6398228.webp\"><img loading=\"lazy\" decoding=\"async\" class=\"aligncenter \" src=\"https:\/\/www.rtpa.es\/fotos\/\/25\/03\/20250330155853_RTPA6398228.webp\" width=\"617\" height=\"347\" \/><\/a><\/p>\n<div id=\"noticiacompleta\" class=\"parragraph-padding font-c-conent\">\n<p class=\"font-size-m padding-b-20 font-weight-b margin-t-16\">Un puestu del merc\u00e1u ye puntu d&#8217;alcuentru de munchos peque\u00f1os aficionaos que busquen completar les sos colecciones.\u00a0Cada domingu n&#8217;El Font\u00e1n rep\u00edtese aquel \u201cS\u00ed, non, s\u00ed, non\u2026\u201d actualiz\u00e1u. Esa romandela de los que busquen el cromu que-yos falta apunten Miguel Barril y Lucas Garc\u00eda.<\/p>\n<p><!--more--><\/p>\n<p>Corrinos alredor del puestu de Don Antonio Oliver, que toles selmanes va al merc\u00e1u colos sos \u00e1lbumes y cromos reci\u00e9n mercaos que revende a nam\u00e1s 30 c\u00e9ntimos la unid\u00e1. Porque asegura nun ta equ\u00ed pa faer negociu.<\/p>\n<p>Cada domingu n&#8217;El Font\u00e1n recup\u00e9rase l&#8217;allegr\u00eda de tachar el n\u00famberu atop\u00e1u con secretarios en forma de padres y g\u00fcelos aseguren Loli Mendoza y David Su\u00e1rez.<\/p>\n<p>Mayores que recuerden cuando un poco m\u00e1s ne\u00f1os fa\u00eden lo mesmo col cotiz\u00e1u 32 de los Mosqueperros o&#8217;l 67 de Kubala, se\u00f1alen Juan Manuel Tirado, Agust\u00edn Valverde, Juan Carlos L\u00f3pez, F\u00e9lix Bueno, Pablo Gonz\u00e1lez, Juan Carlos Barril, Jos\u00e9 \u00c1ngel \u00c1lvarez y Rosa Cuervo.<\/p>\n<p>Porque cada domingu n&#8217;El Font\u00e1n rep\u00edtese una afici\u00f3n interxeneracional que calti\u00e9n esa esencia rom\u00e1ntica del coleicionismu, del tratu personal, la del \u00abt\u00e9ngolu, nun lu tengo\u00bb. La d&#8217;unos cromos que nun pasen de moda&#8230;, anque cambien les modes y pasen los a\u00f1os.<\/p>\n<\/div>\n<p>&nbsp;<\/p>\n","protected":false},"excerpt":{"rendered":"<p>TPA: Un puestu del merc\u00e1u ye puntu d&#8217;alcuentru de munchos peque\u00f1os aficionaos que busquen completar les sos colecciones.\u00a0Cada domingu n&#8217;El Font\u00e1n rep\u00edtese aquel \u201cS\u00ed, non, s\u00ed, non\u2026\u201d actualiz\u00e1u. Esa romandela de los que busquen el cromu que-yos falta apunten Miguel Barril y Lucas Garc\u00eda.<\/p>\n","protected":false},"author":117,"featured_media":0,"comment_status":"open","ping_status":"open","sticky":false,"template":"","format":"standard","meta":{"footnotes":""},"categories":[104],"tags":[],"class_list":["post-45052","post","type-post","status-publish","format-standard","hentry","category-xuegos"],"_links":{"self":[{"href":"https:\/\/edublog.educastur.es\/ixuxu\/wp-json\/wp\/v2\/posts\/45052","targetHints":{"allow":["GET"]}}],"collection":[{"href":"https:\/\/edublog.educastur.es\/ixuxu\/wp-json\/wp\/v2\/posts"}],"about":[{"href":"https:\/\/edublog.educastur.es\/ixuxu\/wp-json\/wp\/v2\/types\/post"}],"author":[{"embeddable":true,"href":"https:\/\/edublog.educastur.es\/ixuxu\/wp-json\/wp\/v2\/users\/117"}],"replies":[{"embeddable":true,"href":"https:\/\/edublog.educastur.es\/ixuxu\/wp-json\/wp\/v2\/comments?post=45052"}],"version-history":[{"count":1,"href":"https:\/\/edublog.educastur.es\/ixuxu\/wp-json\/wp\/v2\/posts\/45052\/revisions"}],"predecessor-version":[{"id":45053,"href":"https:\/\/edublog.educastur.es\/ixuxu\/wp-json\/wp\/v2\/posts\/45052\/revisions\/45053"}],"wp:attachment":[{"href":"https:\/\/edublog.educastur.es\/ixuxu\/wp-json\/wp\/v2\/media?parent=45052"}],"wp:term":[{"taxonomy":"category","embeddable":true,"href":"https:\/\/edublog.educastur.es\/ixuxu\/wp-json\/wp\/v2\/categories?post=45052"},{"taxonomy":"post_tag","embeddable":true,"href":"https:\/\/edublog.educastur.es\/ixuxu\/wp-json\/wp\/v2\/tags?post=45052"}],"curies":[{"name":"wp","href":"https:\/\/api.w.org\/{rel}","templated":true}]}}