{"id":45054,"date":"2025-03-30T09:25:19","date_gmt":"2025-03-30T07:25:19","guid":{"rendered":"https:\/\/edublog.educastur.es\/ixuxu\/?p=45054"},"modified":"2025-03-31T15:04:52","modified_gmt":"2025-03-31T13:04:52","slug":"un-eclipse-parcial-caltuvo-pendientes-del-cielu-a-millones-de-persones-pel-mundu","status":"publish","type":"post","link":"https:\/\/edublog.educastur.es\/ixuxu\/2025\/03\/un-eclipse-parcial-caltuvo-pendientes-del-cielu-a-millones-de-persones-pel-mundu\/","title":{"rendered":"Un eclipse parcial caltuvo pendientes del cielu a millones de persones pel mundu"},"content":{"rendered":"<ul>\n<li class=\"font-size-xxl margin-b-5 font-weight-b color-b-050 letter-spacing--1 fuente-corporativa\"><a href=\"https:\/\/www.rtpa.es\/noticias-asturias-ast\/2025-03-29\/Un-eclipse-parcial-caltuvo-pendientes-del-cielu-a-millones-de-persones-pel-mundu_111743251543.html\">TPA: Un eclipse parcial caltuvo pendientes del cielu a millones de persones pel mundu<\/a><\/li>\n<\/ul>\n<div id=\"noticiacompleta\" class=\"parragraph-padding font-c-conent\">\n<p class=\"font-size-m padding-b-20 font-weight-b margin-t-16\">Cuarenta persones participen d&#8217;un Almuerzu con Eclipse n&#8217;Allande.\u00a0Dende primer hora toos taben preparaos nel Parque del Oeste pa esfrutar del primer eclipse parcial de sol de 2025 apunta Diego Raigoso, de l&#8217;<a href=\"https:\/\/www.instagram.com\/cielosdespejadosasturias\/?hl=es\"><strong>Asociaci\u00f3n Cielos Despejados d&#8217;Asturies.<\/strong> <\/a><\/p>\n<p style=\"text-align: center\"><a href=\"https:\/\/www.rtpa.es\/fotos\/\/25\/03\/20250329203850_RTPA6396735.webp\"><img loading=\"lazy\" decoding=\"async\" class=\"aligncenter \" src=\"https:\/\/www.rtpa.es\/fotos\/\/25\/03\/20250329203850_RTPA6396735.webp\" width=\"530\" height=\"298\" \/><\/a><\/p>\n<p><!--more--><\/p>\n<p>Un fen\u00f3menu qu&#8217;esperaben curiosos y fan\u00e1ticos de l&#8217;astronom\u00eda aseguren Francisco Cano, Alberto Cano, Rosa D\u00edez y Marcos Rodr\u00edguez, aficionaos.<\/p>\n<p>Toos con gafes, telescopios y filtros caseros o d&#8217;\u00faltima xeneraci\u00f3n pa ver el cielu de forma segura espliquen Carlota Blanco y Juan Garc\u00eda, de l&#8217;Asociaci\u00f3n Cielos Despejados d&#8217;Asturies. Y anque de primeres les nubes punx\u00e9ronlo complicao, a la fin el cielu quixo premiar la paciencia pa consiguir la imaxe del esper\u00e1u mordiga\u00f1u se\u00f1alen Daniela y Martina de la Rosa.<\/p>\n<p>Si queden con ganes que sepan que\u2019l 12 d&#8217;agostu del pr\u00f3ximu a\u00f1u va haber otru. Y esi va ser total. Y Uvi\u00e9u ta considerada una de les meyores ciudaes del mundu pa velu. Si esi d\u00eda tienen otros planes que sepan que van poder velu en TPA.<\/p>\n<p style=\"text-align: center\">\n<!-- iframe plugin v.6.0 wordpress.org\/plugins\/iframe\/ -->\n<iframe loading=\"lazy\" src=\"https:\/\/www.instagram.com\/reel\/DHyqNoQMxIQ\/embed\" width=\"400\" height=\"600\" 0=\"\/iframe\" scrolling=\"yes\" class=\"iframe-class\" frameborder=\"0\"><\/iframe>\n<\/p>\n<p><strong>Cuarenta persones participen d&#8217;un Almuerzu con Eclipse n&#8217;Allande<\/strong><\/p>\n<p>Les nubes dexaron ver, en m\u00e1s d&#8217;una ocasi\u00f3n, l&#8217;eclipse parcial en La Puela (Allande). Am\u00e1s de poder velu, cuarenta persones participaron d&#8217;un Almuerzu con Eclipse nel que, dende Allande Stars, esplic\u00e1ron-yos c\u00f3mo protexenos pa que los nuesos g\u00fceyos nun cuerran neng\u00fan riesgu apunta Luc\u00eda Gonz\u00e1lez Cuesta, Doctora n&#8217;Astrof\u00edsica promotora d&#8217;Allande Stars.<\/p>\n<p>Pa munchos, \u00e9sti ye&#8217;l so primer eclipse. Un fen\u00f3menu que dalgunos esfrutaron en familia aseguren Virginia Pe\u00f1a, Susana Blanco y Graciela Garc\u00eda.<\/p>\n<p>Agora toca esperar al 12 d&#8217;agostu de 2026 pa poder ver l&#8217;eclipse total.<\/p>\n<\/div>\n<p>&nbsp;<\/p>\n<p style=\"text-align: center\">\n","protected":false},"excerpt":{"rendered":"<p>TPA: Un eclipse parcial caltuvo pendientes del cielu a millones de persones pel mundu Cuarenta persones participen d&#8217;un Almuerzu con Eclipse n&#8217;Allande.\u00a0Dende primer hora toos taben preparaos nel Parque del Oeste pa esfrutar del primer eclipse parcial de sol de 2025 apunta Diego Raigoso, de l&#8217;Asociaci\u00f3n Cielos Despejados d&#8217;Asturies.<\/p>\n","protected":false},"author":117,"featured_media":0,"comment_status":"open","ping_status":"open","sticky":false,"template":"","format":"standard","meta":{"footnotes":""},"categories":[223],"tags":[],"class_list":["post-45054","post","type-post","status-publish","format-standard","hentry","category-astronomia"],"_links":{"self":[{"href":"https:\/\/edublog.educastur.es\/ixuxu\/wp-json\/wp\/v2\/posts\/45054","targetHints":{"allow":["GET"]}}],"collection":[{"href":"https:\/\/edublog.educastur.es\/ixuxu\/wp-json\/wp\/v2\/posts"}],"about":[{"href":"https:\/\/edublog.educastur.es\/ixuxu\/wp-json\/wp\/v2\/types\/post"}],"author":[{"embeddable":true,"href":"https:\/\/edublog.educastur.es\/ixuxu\/wp-json\/wp\/v2\/users\/117"}],"replies":[{"embeddable":true,"href":"https:\/\/edublog.educastur.es\/ixuxu\/wp-json\/wp\/v2\/comments?post=45054"}],"version-history":[{"count":3,"href":"https:\/\/edublog.educastur.es\/ixuxu\/wp-json\/wp\/v2\/posts\/45054\/revisions"}],"predecessor-version":[{"id":45056,"href":"https:\/\/edublog.educastur.es\/ixuxu\/wp-json\/wp\/v2\/posts\/45054\/revisions\/45056"}],"wp:attachment":[{"href":"https:\/\/edublog.educastur.es\/ixuxu\/wp-json\/wp\/v2\/media?parent=45054"}],"wp:term":[{"taxonomy":"category","embeddable":true,"href":"https:\/\/edublog.educastur.es\/ixuxu\/wp-json\/wp\/v2\/categories?post=45054"},{"taxonomy":"post_tag","embeddable":true,"href":"https:\/\/edublog.educastur.es\/ixuxu\/wp-json\/wp\/v2\/tags?post=45054"}],"curies":[{"name":"wp","href":"https:\/\/api.w.org\/{rel}","templated":true}]}}