{"id":45081,"date":"2025-04-01T08:30:40","date_gmt":"2025-04-01T06:30:40","guid":{"rendered":"https:\/\/edublog.educastur.es\/ixuxu\/?p=45081"},"modified":"2025-04-01T08:53:51","modified_gmt":"2025-04-01T06:53:51","slug":"el-tiempu-el-comercio-35","status":"publish","type":"post","link":"https:\/\/edublog.educastur.es\/ixuxu\/2025\/04\/el-tiempu-el-comercio-35\/","title":{"rendered":"El tiempu (El Comercio)"},"content":{"rendered":"<p class=\"v-a-sub-t \" style=\"text-align: center\"><span style=\"font-size: 20px;color: #ffff99\"><em>\u00a0Tantu les m\u00e1ximes como les m\u00ednimes van xubir <\/em><\/span><br \/>\n<span style=\"font-size: 20px;color: #ffff99\"><em>rexistr\u00e1ndose temperatures diurnes d&#8217;hasta 23 o 24 \u00baC<\/em><\/span><\/p>\n<p style=\"text-align: center\"><a href=\"https:\/\/s2.ppllstatics.com\/elcomercio\/www\/multimedia\/2025\/03\/31\/tiempo-asturias-martes-1-abril-kB4B-U230515504088AlE-1200x840@El%20Comercio.jpg\"><img loading=\"lazy\" decoding=\"async\" class=\"aligncenter size-large\" src=\"https:\/\/s2.ppllstatics.com\/elcomercio\/www\/multimedia\/2025\/03\/31\/tiempo-asturias-martes-1-abril-kB4B-U230515504088AlE-1200x840@El%20Comercio.jpg\" width=\"1200\" height=\"840\" \/><\/a><\/p>\n<p><span style=\"color: #ffff99\"><em> En cuanto al est\u00e1u de los cielos, van predominar los intervalos de nubes altes insignificantes. Pela tarde, anque ye dif\u00edcil, nun se refuga que pueda escapase dalg\u00fan bastiu d\u00e9bil nel cordal cuidao que se preve un aumentu de nubes medies. Los vientos van ser fluexos pudiendo predominar d&#8217;este na mari\u00f1a.<\/em><\/span><\/p>\n","protected":false},"excerpt":{"rendered":"<p>\u00a0Tantu les m\u00e1ximes como les m\u00ednimes van xubir rexistr\u00e1ndose temperatures diurnes d&#8217;hasta 23 o 24 \u00baC En cuanto al est\u00e1u de los cielos, van predominar los intervalos de nubes altes insignificantes. Pela tarde, anque ye dif\u00edcil, nun se refuga que pueda escapase dalg\u00fan bastiu d\u00e9bil nel cordal cuidao que se preve un aumentu de nubes [&hellip;]<\/p>\n","protected":false},"author":117,"featured_media":0,"comment_status":"open","ping_status":"open","sticky":false,"template":"","format":"aside","meta":{"footnotes":""},"categories":[5],"tags":[],"class_list":["post-45081","post","type-post","status-publish","format-aside","hentry","category-tiempu","post_format-post-format-aside"],"_links":{"self":[{"href":"https:\/\/edublog.educastur.es\/ixuxu\/wp-json\/wp\/v2\/posts\/45081","targetHints":{"allow":["GET"]}}],"collection":[{"href":"https:\/\/edublog.educastur.es\/ixuxu\/wp-json\/wp\/v2\/posts"}],"about":[{"href":"https:\/\/edublog.educastur.es\/ixuxu\/wp-json\/wp\/v2\/types\/post"}],"author":[{"embeddable":true,"href":"https:\/\/edublog.educastur.es\/ixuxu\/wp-json\/wp\/v2\/users\/117"}],"replies":[{"embeddable":true,"href":"https:\/\/edublog.educastur.es\/ixuxu\/wp-json\/wp\/v2\/comments?post=45081"}],"version-history":[{"count":2,"href":"https:\/\/edublog.educastur.es\/ixuxu\/wp-json\/wp\/v2\/posts\/45081\/revisions"}],"predecessor-version":[{"id":45083,"href":"https:\/\/edublog.educastur.es\/ixuxu\/wp-json\/wp\/v2\/posts\/45081\/revisions\/45083"}],"wp:attachment":[{"href":"https:\/\/edublog.educastur.es\/ixuxu\/wp-json\/wp\/v2\/media?parent=45081"}],"wp:term":[{"taxonomy":"category","embeddable":true,"href":"https:\/\/edublog.educastur.es\/ixuxu\/wp-json\/wp\/v2\/categories?post=45081"},{"taxonomy":"post_tag","embeddable":true,"href":"https:\/\/edublog.educastur.es\/ixuxu\/wp-json\/wp\/v2\/tags?post=45081"}],"curies":[{"name":"wp","href":"https:\/\/api.w.org\/{rel}","templated":true}]}}