{"id":4514,"date":"2021-03-20T23:00:10","date_gmt":"2021-03-20T21:00:10","guid":{"rendered":"https:\/\/edublog.educastur.es\/ixuxu\/?p=4514"},"modified":"2021-03-29T01:44:18","modified_gmt":"2021-03-28T23:44:18","slug":"premiu-xovellanos-a-la-meyor-poesia-del-mundu","status":"publish","type":"post","link":"https:\/\/edublog.educastur.es\/ixuxu\/2021\/03\/premiu-xovellanos-a-la-meyor-poesia-del-mundu\/","title":{"rendered":"Premiu Xovellanos a la Meyor Poes\u00eda del Mundu"},"content":{"rendered":"<p style=\"text-align: center\"><img loading=\"lazy\" decoding=\"async\" class=\"alignnone size-full\" src=\"https:\/\/asturies.com\/sites\/default\/files\/rtpa_3.jpg\" width=\"250\" height=\"162\" \/><\/p>\n<ul>\n<li class=\"font-size-xxl margin-b-5 font-weight-b color-b-050 letter-spacing--1\"><span style=\"font-size: 20px\"><a href=\"https:\/\/www.rtpa.es\/noticias-sociedad-ast:Mas-de-2.500-poemas-se-disputaran-este-domingo-el-Premio-Jovellanos-a-la-Mejor-Poesia-del-Mundo_111616266032.html?fbclid=IwAR3znZuIDDq-hcCC-679hlf4in6o0J99P51Syr0sPfpDq1mWAj6LWX8KJps\">TPA: M\u00e1s de 2.500 poemes puen algamar el domingu&#8217;l Premiu Xovellanos a la Meyor Poes\u00eda del Mundu<\/a><\/span><\/li>\n<\/ul>\n<h4 class=\"font-size-l padding-b-20\"><span style=\"font-size: 20px\">El proyectu, pens\u00e1u por Graciano Garc\u00eda, cuenta col sofitu de tola socied\u00e1 asturiana<\/span><\/h4>\n<p><span style=\"font-size: 20px\"><em>El Premiu Xovellanos a la Meyor Poes\u00eda del Mundu fallar\u00e1se ma\u00f1ana d&#8217;ente m\u00e1s de 2.500 poemes llegaos de tol mundu. Va ser el colof\u00f3n, nel D\u00eda Mundial de la Poes\u00eda, a un proyectu pens\u00e1u por Graciano Garc\u00eda, que cunta col sofitu de la socied\u00e1 asturiana.<\/em><\/span><\/p>\n<p><!--more--><\/p>\n<p><span style=\"font-size: 20px\">&#8216;Asturies, Capital Mundial de la Poes\u00eda&#8217; quier apurrir vida al travi\u00e9s de la palabra y la emoci\u00f3n. Pens\u00e1u por Graciano Garc\u00eda, creador de la Fundaci\u00f3n Princesa d&#8217;Asturies, esti proyectu tien un calter sua\u00f1ador y esperanzador, que xune a la socied\u00e1 asturiana.<\/span><\/p>\n<p><span style=\"font-size: 20px\">Biblioteques, colexos, medios de tresporte y establecimientos de toa Asturies xunt\u00e1ronse pa sofitar la iniciativa.<\/span><\/p>\n<p style=\"text-align: center\"><a href=\"https:\/\/scontent.fmad7-1.fna.fbcdn.net\/v\/t1.0-9\/160944604_3047177785528155_1122687743699199290_o.jpg?_nc_cat=109&amp;ccb=1-3&amp;_nc_sid=8bfeb9&amp;_nc_ohc=RYTs8JuxBqAAX-9MWUN&amp;_nc_ht=scontent.fmad7-1.fna&amp;oh=2568b1a1f6988bdd6b0aae540a10742a&amp;oe=607AA819\"><img loading=\"lazy\" decoding=\"async\" class=\"alignnone\" src=\"https:\/\/scontent.fmad7-1.fna.fbcdn.net\/v\/t1.0-9\/160944604_3047177785528155_1122687743699199290_o.jpg?_nc_cat=109&amp;ccb=1-3&amp;_nc_sid=8bfeb9&amp;_nc_ohc=RYTs8JuxBqAAX-9MWUN&amp;_nc_ht=scontent.fmad7-1.fna&amp;oh=2568b1a1f6988bdd6b0aae540a10742a&amp;oe=607AA819\" alt=\"\" width=\"393\" height=\"548\" \/><\/a><\/p>\n<p><span style=\"font-size: 20px\">El men\u00fa nel HUCA va incluyir ma\u00f1ana un poema pa cada paciente y les campanes de Cuadonga van tocar a gloria, como s\u00edmbolu d&#8217;unid\u00e1 nel D\u00eda Mundial de la Poes\u00eda. <strong><span style=\"color: #333399\"><a style=\"color: #333399\" href=\"https:\/\/www.facebook.com\/aulas.hospitalarias.3\">Ver Aula Hospitalaria HUCA<\/a><\/span><\/strong><br \/>\n<\/span><\/p>\n<div class=\"kvgmc6g5 cxmmr5t8 oygrvhab hcukyx3x c1et5uql ii04i59q\">\n<div dir=\"auto\"><span style=\"color: #008080\"><em><span style=\"font-size: 20px\">Para ir abriendo boca&#8230;<\/span><\/em><\/span><\/div>\n<\/div>\n<div class=\"o9v6fnle cxmmr5t8 oygrvhab hcukyx3x c1et5uql ii04i59q\">\n<div dir=\"auto\"><span style=\"color: #008080\"><em><span style=\"font-size: 20px\">\u00ab\u00bfQu\u00e9 comen los pediatras?<\/span><\/em><\/span><\/div>\n<div dir=\"auto\"><span style=\"color: #008080\"><em><span style=\"font-size: 20px\">Toman muchas vitaminas<\/span><\/em><\/span><\/div>\n<div dir=\"auto\"><span style=\"color: #008080\"><em><span style=\"font-size: 20px\">pollo asado con patatas<\/span><\/em><\/span><\/div>\n<div dir=\"auto\"><span style=\"color: #008080\"><em><span style=\"font-size: 20px\">y dos o tres mandarinas\u00bb<\/span><\/em><\/span><\/div>\n<\/div>\n<div class=\"o9v6fnle cxmmr5t8 oygrvhab hcukyx3x c1et5uql ii04i59q\">\n<div dir=\"auto\"><em><span style=\"font-size: 20px\">Martina 7 a\u00f1os.<\/span><\/em><\/div>\n<\/div>\n<div dir=\"auto\"><\/div>\n<p>&nbsp;<\/p>\n","protected":false},"excerpt":{"rendered":"<p>TPA: M\u00e1s de 2.500 poemes puen algamar el domingu&#8217;l Premiu Xovellanos a la Meyor Poes\u00eda del Mundu El proyectu, pens\u00e1u por Graciano Garc\u00eda, cuenta col sofitu de tola socied\u00e1 asturiana El Premiu Xovellanos a la Meyor Poes\u00eda del Mundu fallar\u00e1se ma\u00f1ana d&#8217;ente m\u00e1s de 2.500 poemes llegaos de tol mundu. Va ser el colof\u00f3n, nel [&hellip;]<\/p>\n","protected":false},"author":117,"featured_media":0,"comment_status":"open","ping_status":"open","sticky":false,"template":"","format":"standard","meta":{"footnotes":""},"categories":[39],"tags":[],"class_list":["post-4514","post","type-post","status-publish","format-standard","hentry","category-poesia"],"_links":{"self":[{"href":"https:\/\/edublog.educastur.es\/ixuxu\/wp-json\/wp\/v2\/posts\/4514","targetHints":{"allow":["GET"]}}],"collection":[{"href":"https:\/\/edublog.educastur.es\/ixuxu\/wp-json\/wp\/v2\/posts"}],"about":[{"href":"https:\/\/edublog.educastur.es\/ixuxu\/wp-json\/wp\/v2\/types\/post"}],"author":[{"embeddable":true,"href":"https:\/\/edublog.educastur.es\/ixuxu\/wp-json\/wp\/v2\/users\/117"}],"replies":[{"embeddable":true,"href":"https:\/\/edublog.educastur.es\/ixuxu\/wp-json\/wp\/v2\/comments?post=4514"}],"version-history":[{"count":3,"href":"https:\/\/edublog.educastur.es\/ixuxu\/wp-json\/wp\/v2\/posts\/4514\/revisions"}],"predecessor-version":[{"id":4649,"href":"https:\/\/edublog.educastur.es\/ixuxu\/wp-json\/wp\/v2\/posts\/4514\/revisions\/4649"}],"wp:attachment":[{"href":"https:\/\/edublog.educastur.es\/ixuxu\/wp-json\/wp\/v2\/media?parent=4514"}],"wp:term":[{"taxonomy":"category","embeddable":true,"href":"https:\/\/edublog.educastur.es\/ixuxu\/wp-json\/wp\/v2\/categories?post=4514"},{"taxonomy":"post_tag","embeddable":true,"href":"https:\/\/edublog.educastur.es\/ixuxu\/wp-json\/wp\/v2\/tags?post=4514"}],"curies":[{"name":"wp","href":"https:\/\/api.w.org\/{rel}","templated":true}]}}