{"id":45148,"date":"2025-04-01T21:39:47","date_gmt":"2025-04-01T19:39:47","guid":{"rendered":"https:\/\/edublog.educastur.es\/ixuxu\/?p=45148"},"modified":"2025-04-01T21:49:01","modified_gmt":"2025-04-01T19:49:01","slug":"salu-convida-a-realizar-una-revision-bucodental-para-prevenir-la-caries-y-otres-enfermedaes","status":"publish","type":"post","link":"https:\/\/edublog.educastur.es\/ixuxu\/2025\/04\/salu-convida-a-realizar-una-revision-bucodental-para-prevenir-la-caries-y-otres-enfermedaes\/","title":{"rendered":"Sal\u00fa convida a realizar una revisi\u00f3n bucodental para prevenir la caries y otres enfermedaes"},"content":{"rendered":"<p style=\"text-align: center\"><a href=\"https:\/\/actualidad.asturias.es\/documents\/537115\/2467107\/shutterstock_2372989317.jpg\/6fa363da-41b1-5dbe-23f2-bcad49385c14?t=1743414796562\"><img loading=\"lazy\" decoding=\"async\" class=\"aligncenter size-large\" src=\"https:\/\/actualidad.asturias.es\/documents\/537115\/2467107\/shutterstock_2372989317.jpg\/6fa363da-41b1-5dbe-23f2-bcad49385c14?t=1743414796562\" width=\"5599\" height=\"1874\" \/><\/a><\/p>\n<p>Sal\u00fa convida per carta a la poblaci\u00f3n menor de 18 a\u00f1os a realizar una revisi\u00f3n bucodental para prevenir la caries y otres enfermedaes.\u00a0Am\u00e1s de la esploraci\u00f3n, van ufiertase pautes sobro un correctu cepill\u00e1u de dientes y conseyos para xuna bona alimentaci\u00f3n. <strong>Los ne\u00f1os y les ne\u00f1es de 7 a 17 a\u00f1os<\/strong> que lu precisen van tener accesu a empasties, estracciones, llimpieces, endodoncies y pruebes radiol\u00f3xiques.<\/p>\n<ul>\n<li>Fonte: <a href=\"https:\/\/actualidad.asturias.es\/-\/salud-invita-por-carta-a-la-poblaci%C3%B3n-menor-de-18-a%C3%B1os-a-realizar-una-revisi%C3%B3n-bucodental-para-prevenir-la-caries-y-otras-enfermedades?redirect=%2Fnoticias\">Actualid\u00e1 Asturies<\/a> \/<\/li>\n<\/ul>\n<p><!--more--><\/p>\n<p>El Serviciu de Sal\u00fa del Princip\u00e1u (Sespa) incorpora a tola poblaci\u00f3n infantil y xuvenil al so programa de sal\u00fa bucodental pa prevenir la caries y otres enfermedaes de la boca. Con esti fin, va unviar cartes a toles persones menores de 18 a\u00f1os pa convida-yos a realizar una revisi\u00f3n na unid\u00e1 de sal\u00fa bucodental del so centru sanitariu.<\/p>\n<p>Van unviase dos cartes distintes: <strong>una empobinada a les families de la poblaci\u00f3n infantil d&#8217;hasta seis a\u00f1os<\/strong> y <strong>otra a los que tienen descendientes de 7 a 17.<\/strong> En dambos casos, encamentase a padres y madres a solicitar una cita d&#8217;odontolox\u00eda pa los menores nel so centru de sal\u00fa.<\/p>\n<p>La revisi\u00f3n va incluyir tantu una esploraci\u00f3n pa valorar la situaci\u00f3n de la boca como informaci\u00f3n sobro les mid\u00edes de prevenci\u00f3n d&#8217;enfermedaes bucodentales, ente elles, el correctu cepill\u00e1u de los dientes y la pr\u00e1ctica d&#8217;una alimentaci\u00f3n sano. Am\u00e1s, si se detecta dalg\u00fan principiu de caries, podr\u00e1n aplicase sustances remineralizantes pa frenar la so progresi\u00f3n.<\/p>\n<p>Pela so parte, la consulta que s&#8217;ufierta a menores de 7 a 17 a\u00f1os recueye, am\u00e1s de la <strong>esploraci\u00f3n y conseyos sobro c\u00f3mo caltener una boca sana<\/strong>, l&#8217;aplicaci\u00f3n t\u00f3pica de fl\u00faor, sell\u00e1u de fisures y tratamientos de m\u00ednima intervenci\u00f3n para remineralizar mancadures provocaes pola caries y evitar la so meyora.<\/p>\n<p>Cuando s\u00eda necesariu, tami\u00e9n se van practicar radiograf\u00edes pa confirmar la presencia de caries, empasties na dentici\u00f3n definitiva, estracciones de dientes temporales y definitivos enfermos, llimpieza dental y endodoncies na dentici\u00f3n definitiva cuando se xenerara un da\u00f1u irreversible.<\/p>\n<p><strong>La caries y los problemes de les melles son dos de les enfermedaes m\u00e1s frecuentes nes persones y que pueden evitase con un cepill\u00e1u fayadizu y xuna alimentaci\u00f3n llibre d&#8217;azucres<\/strong>. Nesti sent\u00edu, la Conseyer\u00eda de Sal\u00fa recuerda que por que estes mid\u00edes funcionen tienen d&#8217;enllantase lo antes posible na poblaci\u00f3n infantil y caltenese a lo llargo del tiempu.<\/p>\n<p style=\"text-align: center\"><a href=\"https:\/\/www.astursalud.es\/en\/noticias\/-\/noticias\/la-conquista-de-la-boca-sana\" target=\"_blank\" rel=\"noopener\">Recursos educativos<\/a>\u00a0(web Astursalud)<\/p>\n<p><a href=\"https:\/\/www.astursalud.es\/en\/noticias\/-\/noticias\/la-conquista-de-la-boca-sana\" target=\"_blank\" rel=\"noopener\"><img decoding=\"async\" class=\"aligncenter\" title=\"EPS. Programas de salud. La conquista de la boca sana. Recursos\" src=\"https:\/\/www.educastur.es\/documents\/34868\/40573\/2020-10-act-cen-salud-boca-sana-recursos.png\/b76dd9e4-91f5-ac60-9dbd-682449be8301?t=1621801504426\" alt=\"EPS. Programas de salud. La conquista de la boca sana. Recursos\" \/><\/a><\/p>\n<p>&nbsp;<\/p>\n<p>Les prestaciones del programa de sal\u00fa bucodental del Gobiernu d&#8217;Asturies son gratuites tantu pa la poblaci\u00f3n infantil, dende&#8217;l momentu de la nacencia, como pa moces d&#8217;hasta 17 a\u00f1os.<\/p>\n<p style=\"text-align: center\"><a href=\"https:\/\/www.educastur.es\/documents\/34868\/37842\/2019-09_innova_act-centros_salud_BocaSana_800.jpg\/5c92976a-a23a-34e4-620d-3705a93aad03?t=1621802850977\"><img loading=\"lazy\" decoding=\"async\" class=\"aligncenter size-large\" src=\"https:\/\/www.educastur.es\/documents\/34868\/37842\/2019-09_innova_act-centros_salud_BocaSana_800.jpg\/5c92976a-a23a-34e4-620d-3705a93aad03?t=1621802850977\" width=\"800\" height=\"341\" \/><\/a><\/p>\n","protected":false},"excerpt":{"rendered":"<p>Sal\u00fa convida per carta a la poblaci\u00f3n menor de 18 a\u00f1os a realizar una revisi\u00f3n bucodental para prevenir la caries y otres enfermedaes.\u00a0Am\u00e1s de la esploraci\u00f3n, van ufiertase pautes sobro un correctu cepill\u00e1u de dientes y conseyos para xuna bona alimentaci\u00f3n. Los ne\u00f1os y les ne\u00f1es de 7 a 17 a\u00f1os que lu precisen van [&hellip;]<\/p>\n","protected":false},"author":117,"featured_media":0,"comment_status":"open","ping_status":"open","sticky":false,"template":"","format":"standard","meta":{"footnotes":""},"categories":[48],"tags":[],"class_list":["post-45148","post","type-post","status-publish","format-standard","hentry","category-salu"],"_links":{"self":[{"href":"https:\/\/edublog.educastur.es\/ixuxu\/wp-json\/wp\/v2\/posts\/45148","targetHints":{"allow":["GET"]}}],"collection":[{"href":"https:\/\/edublog.educastur.es\/ixuxu\/wp-json\/wp\/v2\/posts"}],"about":[{"href":"https:\/\/edublog.educastur.es\/ixuxu\/wp-json\/wp\/v2\/types\/post"}],"author":[{"embeddable":true,"href":"https:\/\/edublog.educastur.es\/ixuxu\/wp-json\/wp\/v2\/users\/117"}],"replies":[{"embeddable":true,"href":"https:\/\/edublog.educastur.es\/ixuxu\/wp-json\/wp\/v2\/comments?post=45148"}],"version-history":[{"count":3,"href":"https:\/\/edublog.educastur.es\/ixuxu\/wp-json\/wp\/v2\/posts\/45148\/revisions"}],"predecessor-version":[{"id":45157,"href":"https:\/\/edublog.educastur.es\/ixuxu\/wp-json\/wp\/v2\/posts\/45148\/revisions\/45157"}],"wp:attachment":[{"href":"https:\/\/edublog.educastur.es\/ixuxu\/wp-json\/wp\/v2\/media?parent=45148"}],"wp:term":[{"taxonomy":"category","embeddable":true,"href":"https:\/\/edublog.educastur.es\/ixuxu\/wp-json\/wp\/v2\/categories?post=45148"},{"taxonomy":"post_tag","embeddable":true,"href":"https:\/\/edublog.educastur.es\/ixuxu\/wp-json\/wp\/v2\/tags?post=45148"}],"curies":[{"name":"wp","href":"https:\/\/api.w.org\/{rel}","templated":true}]}}