{"id":45163,"date":"2025-04-02T08:30:50","date_gmt":"2025-04-02T06:30:50","guid":{"rendered":"https:\/\/edublog.educastur.es\/ixuxu\/?p=45163"},"modified":"2025-04-02T13:49:38","modified_gmt":"2025-04-02T11:49:38","slug":"el-tiempu-el-comercio-36","status":"publish","type":"post","link":"https:\/\/edublog.educastur.es\/ixuxu\/2025\/04\/el-tiempu-el-comercio-36\/","title":{"rendered":"El tiempu (El Comercio)"},"content":{"rendered":"<p style=\"text-align: center\"><span style=\"color: #ffff99\"><a style=\"color: #ffff99\" href=\"https:\/\/s1.ppllstatics.com\/elcomercio\/www\/multimedia\/2025\/04\/01\/tiempo-asturias-miercoles-2-abril-k71B-U230515504088AlE-1200x840@El%20Comercio.jpg\"><img loading=\"lazy\" decoding=\"async\" class=\"aligncenter size-large\" src=\"https:\/\/s1.ppllstatics.com\/elcomercio\/www\/multimedia\/2025\/04\/01\/tiempo-asturias-miercoles-2-abril-k71B-U230515504088AlE-1200x840@El%20Comercio.jpg\" width=\"1200\" height=\"840\" \/><\/a><em> Esperamos una ma\u00f1ana estable que va oldear<br \/>\nclaramente <\/em><\/span><em><span style=\"color: #ffff99\">cola inestabilid\u00e1<br \/>\nque vamos tener pela tarde.<\/span><\/em><\/p>\n<p><!--more--><\/p>\n<p><span style=\"color: #000000\"><em><strong>Vamos amanecer<\/strong> con nubes baxes en munches zones de la met\u00e1 norte asturiana y nubes altes nel restu. Col intre de les hores les nubes baxes van dir a menos pero, sicas\u00ed, la nubosid\u00e1 alta va estendese por tola rex\u00f3n. <\/em><\/span><\/p>\n<p><span style=\"color: #000000\"><em><strong>Mientres la segunda parte del d\u00eda<\/strong>, esperamos tami\u00e9n nubes medies y un aumentu na probabilid\u00e1 de precipitaciones. Los bastios van empezar nel cordal y van dise moviendo en direcci\u00f3n norte pudiendo afectar a cualquier puntu de la rex\u00f3n. Nun se refuga que, de forma local, estos bastios puedan aportar a localmente fuertes y acompa\u00f1aos de nube.<\/em><\/span><\/p>\n<p><span style=\"color: #000000\"><em><strong>Tocantes a los vientos<\/strong>, pela ma\u00f1ana van ser fluexos y variables y, a partir del mediud\u00eda, van soplar de nordeste na mari\u00f1a con raches moderaes pudiendo ser inclusive daqu\u00e9 m\u00e1s significatives ent\u00e1 na mari\u00f1a occidental pela tarde.\u00a0<\/em><\/span><\/p>\n<p><span style=\"color: #000000\"><em><strong>Les temperatures m\u00e1ximes<\/strong> van baxar hasta 6 \u00baC en pr\u00e1cticamente tol interior asturianu. Na mari\u00f1a&#8217;l descensu va ser m\u00e1s moder\u00e1u (hasta 4 \u00baC menos).\u00a0<\/em><\/span><\/p>\n<p><span style=\"color: #000000\"><em><strong>Les m\u00ednimes<\/strong>, sicas\u00ed, van tender a xubir llixeramente respectu al martes salvu nel cordal onde se van caltener o, llixeramente, van baxar.<\/em><\/span><\/p>\n","protected":false},"excerpt":{"rendered":"<p>Esperamos una ma\u00f1ana estable que va oldear claramente cola inestabilid\u00e1 que vamos tener pela tarde.<\/p>\n","protected":false},"author":117,"featured_media":0,"comment_status":"open","ping_status":"open","sticky":false,"template":"","format":"aside","meta":{"footnotes":""},"categories":[5],"tags":[],"class_list":["post-45163","post","type-post","status-publish","format-aside","hentry","category-tiempu","post_format-post-format-aside"],"_links":{"self":[{"href":"https:\/\/edublog.educastur.es\/ixuxu\/wp-json\/wp\/v2\/posts\/45163","targetHints":{"allow":["GET"]}}],"collection":[{"href":"https:\/\/edublog.educastur.es\/ixuxu\/wp-json\/wp\/v2\/posts"}],"about":[{"href":"https:\/\/edublog.educastur.es\/ixuxu\/wp-json\/wp\/v2\/types\/post"}],"author":[{"embeddable":true,"href":"https:\/\/edublog.educastur.es\/ixuxu\/wp-json\/wp\/v2\/users\/117"}],"replies":[{"embeddable":true,"href":"https:\/\/edublog.educastur.es\/ixuxu\/wp-json\/wp\/v2\/comments?post=45163"}],"version-history":[{"count":5,"href":"https:\/\/edublog.educastur.es\/ixuxu\/wp-json\/wp\/v2\/posts\/45163\/revisions"}],"predecessor-version":[{"id":45225,"href":"https:\/\/edublog.educastur.es\/ixuxu\/wp-json\/wp\/v2\/posts\/45163\/revisions\/45225"}],"wp:attachment":[{"href":"https:\/\/edublog.educastur.es\/ixuxu\/wp-json\/wp\/v2\/media?parent=45163"}],"wp:term":[{"taxonomy":"category","embeddable":true,"href":"https:\/\/edublog.educastur.es\/ixuxu\/wp-json\/wp\/v2\/categories?post=45163"},{"taxonomy":"post_tag","embeddable":true,"href":"https:\/\/edublog.educastur.es\/ixuxu\/wp-json\/wp\/v2\/tags?post=45163"}],"curies":[{"name":"wp","href":"https:\/\/api.w.org\/{rel}","templated":true}]}}