{"id":45205,"date":"2025-04-02T09:05:21","date_gmt":"2025-04-02T07:05:21","guid":{"rendered":"https:\/\/edublog.educastur.es\/ixuxu\/?p=45205"},"modified":"2025-04-02T12:24:54","modified_gmt":"2025-04-02T10:24:54","slug":"capiellina-verde-de-bruno-munari","status":"publish","type":"post","link":"https:\/\/edublog.educastur.es\/ixuxu\/2025\/04\/capiellina-verde-de-bruno-munari\/","title":{"rendered":"\u201cCapiellina verde\u201d, de Bruno Munari."},"content":{"rendered":"<div class=\"html-div xdj266r xat24cr x1mh8g0r xexx8yu x4uap5 x18d9i69 xkhd6sd x78zum5 x2lah0s xqtp20y x1emribx\">\n<div class=\"xc9qbxq x1td3qas x6s0dn4 x78zum5 xl56j7k\">\n<div class=\"\"><a href=\"https:\/\/improntaeditorial.com\/wp-content\/uploads\/2025\/02\/Cubierta_Capiellina_verde-Bruno-Munari.jpg\"><img loading=\"lazy\" decoding=\"async\" class=\"aligncenter \" src=\"https:\/\/improntaeditorial.com\/wp-content\/uploads\/2025\/02\/Cubierta_Capiellina_verde-Bruno-Munari.jpg\" width=\"492\" height=\"493\" \/><\/a><\/div>\n<\/div>\n<\/div>\n<div class=\"x78zum5 xdt5ytf xz62fqu x16ldp7u\">\n<div class=\"xu06os2 x1ok221b\">\n<div class=\"html-div xdj266r x11i5rnm xat24cr x1mh8g0r xexx8yu x4uap5 x18d9i69 xkhd6sd\" data-ad-rendering-role=\"profile_name\">\n<ul>\n<li class=\"html-h3 x11i5rnm xat24cr x1mh8g0r xexx8yu x4uap5 x18d9i69 xkhd6sd x1vvkbs x1heor9g x1qlqyl8 x1pd3egz x1a2a7pz x1gslohp x1yc453h\"><span class=\"x1lliihq x6ikm8r x10wlt62 x1n2onr6\"><span class=\"x193iq5w xeuugli x13faqbe x1vvkbs x1xmvt09 x1f6kntn xvq8zen xo1l8bm xi81zsa\"><strong class=\"html-strong xdj266r x11i5rnm xat24cr x1mh8g0r xexx8yu x4uap5 x18d9i69 xkhd6sd x1hl2dhg x16tdsg8 x1vvkbs x1s688f\"><span class=\"xt0psk2\"><span class=\"xjp7ctv\"><span class=\"html-span xdj266r x11i5rnm xat24cr x1mh8g0r xexx8yu x4uap5 x18d9i69 xkhd6sd x1hl2dhg x16tdsg8 x1vvkbs\"><a class=\"x1i10hfl xjbqb8w x1ejq31n xd10rxx x1sy0etr x17r0tee x972fbf xcfux6l x1qhh985 xm0m39n x9f619 x1ypdohk xt0psk2 xe8uvvx xdj266r x11i5rnm xat24cr x1mh8g0r xexx8yu x4uap5 x18d9i69 xkhd6sd x16tdsg8 x1hl2dhg xggy1nq x1a2a7pz xkrqix3 x1sur9pj xzsf02u x1s688f\" role=\"link\" href=\"https:\/\/www.facebook.com\/ImprontaEditorial?__cft__[0]=AZXgQXLu31pl03uxcbi6-nlIc_8iCeRs7JfDSZa5ASr2NOnqzQOnjbAa0XS542PAkoq7Hyn3l774eYC7yH8elFrndPwW7ZaL_4HNjByQMMQln6r1iXiZFQsrXMUVZ-Js_HmruNTi1rnVkIR7sLcRnCtXOAWai5VJaVbu6x6yF5w-tyAnWNK9VC6JTsxUv570NHU5epLVFWJb2de93-36-U2O&amp;__tn__=-]C%2CP-y-R\">Impronta<\/a><\/span><\/span><\/span><\/strong> \/ <a href=\"http:\/\/Impronta actualiz\u00f3 su foto de portada. oenSprdots8c1g4f019ctf4f1hc5ta4mh17laf30a6lmi23t2964ift3m14 \u00b7 \u201cCapiellina verde\u201d, de Bruno Munari. https:\/\/improntaeditorial.com\/libros\/capiellina-verde\/\">ficha llibru<\/a><\/span><\/span><\/li>\n<li><a href=\"https:\/\/improntaeditorial.com\/autores\/bruno-munari\/\">Bruno Munari<\/a>\/ Capiellina Verde \/ <span class=\"woocommerce-Price-amount amount\">15,00\u00a0<span class=\"woocommerce-Price-currencySymbol\">\u20ac\u00a0 \/<a href=\"https:\/\/improntaeditorial.com\/wp-content\/uploads\/2025\/02\/FICHA-CAPIELLINA-VERDE-2.pdf\"><strong> Ficha del llibru<\/strong><\/a> \/<\/span><\/span><\/li>\n<\/ul>\n<p class=\"p1\">\u00bfQu\u00e9 ne\u00f1u o qu\u00e9 ne\u00f1a nun conoz a Capiellina Colorada? Pues agora vais conocer tami\u00e9n a Capiellina Verde, col so estrafalariu capiellu de fueyes verdes, y a les sos collacies les xaronques y a otros amiguinos y amiguines como Zip, el saltapraos, Xosefina, la tortuga o Arbey\u00edn, el caricol. Que\u2019l verde seya\u2019l color dominante nesti chocante cuentu nun va chocar a naide na verde Asturies.<\/p>\n<p class=\"p2\">Un preciosu cantu a la vida en comu\u00f1a cola naturaleza, a la fuercia de l\u2019amist\u00e1, al empoderamientu de les ne\u00f1es, a la perda del mieu\u2026<\/p>\n<p><!--more--><\/p>\n<p class=\"p3\"><span class=\"s2\"><b>Bruno Munari<\/b><\/span>, l\u2019autor y ilustrador d\u2019esti llibru, fue \u00fan de los grandes nomes del dise\u00f1u gr\u00e1ficu, industrial y editorial del sieglu XX. Nel so max\u00edn medr\u00f3 un bayurosu llaboratoriu creativu del que xurdieron tami\u00e9n llibros pa la reciella nos que\u2019l xuegu, lo did\u00e1ctico, la invenci\u00f3n y la llibert\u00e1 imaxinativa diben siempre de la mano pa discurrir histories maravioses. Esta ye la primer vegada que se publica n\u2019asturianu.<\/p>\n<p><span class=\"sku_wrapper\">ISBN: <span class=\"sku\">979-13-990062-0-9<\/span><\/span> <span class=\"posted_in\">Categor\u00eda: <a href=\"https:\/\/improntaeditorial.com\/categoria-libros\/infantil\/\" rel=\"tag\">Infantil<\/a><\/span> <span class=\"tagged_as\">Etiquetas: <a href=\"https:\/\/improntaeditorial.com\/etiqueta-libros\/albumes-ilustrados\/\" rel=\"tag\">\u00c1lbumes ilustrados<\/a>, <a href=\"https:\/\/improntaeditorial.com\/etiqueta-libros\/cuentos-infantiles\/\" rel=\"tag\">Cuentos infantiles<\/a><\/span><\/div>\n<\/div>\n<\/div>\n<p><a href=\"https:\/\/improntaeditorial.com\/wp-content\/uploads\/2025\/02\/Amiguinos-de-Capiellina-verde.jpg\"><br \/>\n<img loading=\"lazy\" decoding=\"async\" class=\"aligncenter size-large\" src=\"https:\/\/improntaeditorial.com\/wp-content\/uploads\/2025\/02\/Amiguinos-de-Capiellina-verde.jpg\" width=\"1890\" height=\"538\" \/><\/a><\/p>\n","protected":false},"excerpt":{"rendered":"<p>Impronta \/ ficha llibru Bruno Munari\/ Capiellina Verde \/ 15,00\u00a0\u20ac\u00a0 \/ Ficha del llibru \/ \u00bfQu\u00e9 ne\u00f1u o qu\u00e9 ne\u00f1a nun conoz a Capiellina Colorada? Pues agora vais conocer tami\u00e9n a Capiellina Verde, col so estrafalariu capiellu de fueyes verdes, y a les sos collacies les xaronques y a otros amiguinos y amiguines como Zip, [&hellip;]<\/p>\n","protected":false},"author":117,"featured_media":0,"comment_status":"open","ping_status":"open","sticky":false,"template":"","format":"standard","meta":{"footnotes":""},"categories":[10,13],"tags":[],"class_list":["post-45205","post","type-post","status-publish","format-standard","hentry","category-llibros-reciella","category-novedaes"],"_links":{"self":[{"href":"https:\/\/edublog.educastur.es\/ixuxu\/wp-json\/wp\/v2\/posts\/45205","targetHints":{"allow":["GET"]}}],"collection":[{"href":"https:\/\/edublog.educastur.es\/ixuxu\/wp-json\/wp\/v2\/posts"}],"about":[{"href":"https:\/\/edublog.educastur.es\/ixuxu\/wp-json\/wp\/v2\/types\/post"}],"author":[{"embeddable":true,"href":"https:\/\/edublog.educastur.es\/ixuxu\/wp-json\/wp\/v2\/users\/117"}],"replies":[{"embeddable":true,"href":"https:\/\/edublog.educastur.es\/ixuxu\/wp-json\/wp\/v2\/comments?post=45205"}],"version-history":[{"count":4,"href":"https:\/\/edublog.educastur.es\/ixuxu\/wp-json\/wp\/v2\/posts\/45205\/revisions"}],"predecessor-version":[{"id":45209,"href":"https:\/\/edublog.educastur.es\/ixuxu\/wp-json\/wp\/v2\/posts\/45205\/revisions\/45209"}],"wp:attachment":[{"href":"https:\/\/edublog.educastur.es\/ixuxu\/wp-json\/wp\/v2\/media?parent=45205"}],"wp:term":[{"taxonomy":"category","embeddable":true,"href":"https:\/\/edublog.educastur.es\/ixuxu\/wp-json\/wp\/v2\/categories?post=45205"},{"taxonomy":"post_tag","embeddable":true,"href":"https:\/\/edublog.educastur.es\/ixuxu\/wp-json\/wp\/v2\/tags?post=45205"}],"curies":[{"name":"wp","href":"https:\/\/api.w.org\/{rel}","templated":true}]}}