{"id":45240,"date":"2025-04-02T19:30:13","date_gmt":"2025-04-02T17:30:13","guid":{"rendered":"https:\/\/edublog.educastur.es\/ixuxu\/?p=45240"},"modified":"2025-04-03T09:01:22","modified_gmt":"2025-04-03T07:01:22","slug":"xi-concursu-escolar-guevos-pintos-en-parque-principau-vota-pol-to-favoritu","status":"publish","type":"post","link":"https:\/\/edublog.educastur.es\/ixuxu\/2025\/04\/xi-concursu-escolar-guevos-pintos-en-parque-principau-vota-pol-to-favoritu\/","title":{"rendered":"XI concursu escolar G\u00fcevos Pintos en Parque Princip\u00e1u \u00a1Vota pol to favoritu!\u00a0"},"content":{"rendered":"<p style=\"text-align: center\"><a href=\"https:\/\/www.parqueprincipado.com\/wp-content\/uploads\/2025\/04\/expo_guevos_pintos.png\"><img loading=\"lazy\" decoding=\"async\" class=\"aligncenter size-large\" src=\"https:\/\/www.parqueprincipado.com\/wp-content\/uploads\/2025\/04\/expo_guevos_pintos.png\" width=\"900\" height=\"604\" \/><\/a><\/p>\n<p>\u00a1Y\u00e1 ta equ\u00ed una de les nueses tradiciones m\u00e1s quer\u00edes: la Expo Xigante de G\u00fcevos Pintos! <span style=\"color: #008080\"><strong>Del 2 al 23 d&#8217;abril<\/strong>, <strong>el nuesu Pas\u00e9u de la Seronda<\/strong><\/span> tresformar nun color\u00edu escaparate d&#8217;arte y creativid\u00e1.\u00a0Estes obres d&#8217;arte fueron decoraes por alumnos de primaria de 12 colexos de Siero y contorna participante nel <strong>XI concursu escolar G\u00fcevos Pintos. <\/strong>Esta iniciativa forma parte d&#8217;Orixe, el proyectu de sostenibilid\u00e1 de Parque Princip\u00e1u, que toma como referencia los <span style=\"color: #008080\"><strong>17 Oxetivos de Desenvolvimientu Sostenible (ODS)<\/strong><\/span> de Naciones Xun\u00edes.<\/p>\n<p><!--more--><\/p>\n<p>Cada colexu trabay\u00f3 en redol a un ODS, lo que convierte esta cita n&#8217;una esperiencia educativa \u00fanica que fomenta la creativid\u00e1, la conciencia social y el respetu pol medioambiente. <a href=\"https:\/\/www.parqueprincipado.com\/guevos-pintos-2025\/?fbclid=IwY2xjawJabdZleHRuA2FlbQIxMQABHb8A1ocngH40-L3moYU-hIURo4juXTfL9kIt9kPO6ChHeb1-3VNMqSkJhw_aem_fzZgsBYHetmUjTkSv2jQyA\">Web P. Princip\u00e1u<\/a> \/<\/p>\n<p>&nbsp;<\/p>\n<p><strong>Esfruta de la Expo Xigante y vota dende la App.\u00a0 <\/strong>\u00a1La decisi\u00f3n tami\u00e9n ta nes tos manos! <strong>Hasta&#8217;l 22 d&#8217;abril, visita la esposici\u00f3n y d\u00e9xate sosprender polos detalles y mensaxes de cada g\u00fcevu.<\/strong> Dempu\u00e9s, entra na App del Club Parque Princip\u00e1u y vota pol to favoritu. Cada votu ye una reconocencia al esfuerzu y l&#8217;ilusi\u00f3n d&#8217;estos peques. \u00a1Recuerda! Solo va ser v\u00e1lidu un votu por sociu con App que cunten colos permisos activaos na secci\u00f3n \u201cEl mio Perfil\u201d.<\/p>\n<p><em><span style=\"color: #008080\">Colexos participantes:<\/span><\/em><\/p>\n<ul>\n<li><em><span style=\"color: #008080\">CEIP Xentiquina, Lieres, Solvay. T\u00edtulu: \u201cNaide con fame\u201d \u2013 ODS 2. Fame Cero <\/span><\/em><\/li>\n<li><em><span style=\"color: #008080\">C.P. Los Campones, El Berr\u00f3n. T\u00edtulu: \u201cMens sana in corpore sanu\u201d \u2013 ODS 3. Sal\u00fa y Bienestar<\/span><\/em><\/li>\n<li><em><span style=\"color: #008080\">C.P. Carbay\u00edn Baxu, La Estaci\u00f3n. T\u00edtulu: \u201cEducaci\u00f3n brillosa, Futuru brillante\u201d \u2013 ODS 4. Educaci\u00f3n calidable <\/span><\/em><\/li>\n<li><em><span style=\"color: #008080\">Centru d&#8217;Educaci\u00f3n Infantil y Primaria La Fresneda. T\u00edtulu: \u201cG\u00fcevito Igualito\u201d \u2013 ODS 5. Iguald\u00e1 de X\u00e9neru <\/span><\/em><\/li>\n<li><em><span style=\"color: #008080\">C.P.\u00a0 La Corredoria, Uvi\u00e9u. T\u00edtulu: \u201cLa casa sostenible\u201d \u2013 ODS 7. Enerx\u00eda Algamadiza y Non Contaminante<\/span><\/em><\/li>\n<li><em><span style=\"color: #008080\"> C. P.\u00a0 Celestino Montoto Su\u00e1rez, Pola de Siero. T\u00edtulu: \u201cLa desiguald\u00e1 tiennos frites\u201d \u2013 ODS 10. Amenorgamientu de les Desigualdaes<\/span><\/em><\/li>\n<li><em><span style=\"color: #008080\">C.P.\u00a0 La Er\u00eda, Llugones. T\u00edtulu: \u201cAprendemos del pas\u00e1u, para entender el presente y ameyorar el futuru\u201d \u2013 ODS 11. Ciudaes y Comunidaes Sostenibles<\/span><\/em><\/li>\n<li><em><span style=\"color: #008080\">C. P. Santa B\u00e1rbara, Llugones. T\u00edtulu: \u201cMisi\u00f3n Futuru Sostenible\u201d \u2013 ODS 12. Producci\u00f3n y Consumu Responsables<\/span><\/em><\/li>\n<li><em><span style=\"color: #008080\">C. P.\u00a0 El Carbayu, Llugones. T\u00edtulu: \u201cClimeru\u201d \u2013 ODS 13. Acci\u00f3n pol Clima <\/span><\/em><\/li>\n<li><em><span style=\"color: #008080\">C.P. El\u00a0 Cotayo, Carbay\u00edn Altu. T\u00edtulu: \u201cPitufando\u2019l fondu mar\u00edn\u201d \u2013 ODS 14. Vida Submarina <\/span><\/em><\/li>\n<li><em><span style=\"color: #008080\">CRA de Viella. T\u00edtulu: \u201ceCRAsistemas\u201d \u2013 ODS 15. Vida d&#8217;Ecosistemes Terrestres<\/span><\/em><\/li>\n<li><em><span style=\"color: #008080\">C.P. Hermanos Arregui, Pola de Siero. T\u00edtulu: \u201cPAZ-CIFICADO: UN G\u00fcEVU ENSIN GRIETES\u201d \u2013 ODS 16. Paz, Xusticia ya Instituciones S\u00f3lides<\/span><\/em><\/li>\n<\/ul>\n<p><strong>Premios para reconocer el talentu escolar.\u00a0 <\/strong>El Concursu Escolar de G\u00fcevos Pintos va cuntar con 3 colexos premiaos.<\/p>\n<ul>\n<li>Ganadores del xur\u00e1u: El 1\u00ba y 2\u00ba premiu van ser escoy\u00edos por un xur\u00e1u compuestu por representantes de Parque Princip\u00e1u y la Socied\u00e1 de Festexos de Siero, y van consistir en tarxetes regalo de 1.000 \u20ac y 500 \u20ac de Fnac, respectivamente, para la compra de material escolar.<\/li>\n<li>Ganador de la votaci\u00f3n popular: El 3\u00ba premiu va ser escoy\u00edu por aciu la votaci\u00f3n de los usuarios na App del Club Parque Princip\u00e1u, y el colexu m\u00e1s vot\u00e1u va recibir una tarxeta de 300 \u20ac en Fnac para material escolar.<\/li>\n<li>Premiu para tolos participantes: El restu de colexos participantes tami\u00e9n van recibir una tarxeta regalo de 100 \u20ac cada unu de Fnac para material escolar.<br \/>\nEl nome de los tr\u00e9s ganadores va dar a conocer na entrega de premios que va tener llugar el mi\u00e9rcoles 23 d&#8217;abril al pie de la esposici\u00f3n, nel Pas\u00e9u de la Seronda.<\/li>\n<\/ul>\n<p><strong>Orixe: sostenibilid\u00e1 y compromisu local <\/strong>Dientro del nuesu compromisu cola sostenibilid\u00e1, el proyectu Orixe de Parque Princip\u00e1u incl\u00fai m\u00e1s de 50 acciones a\u00f1ales que refuercen el compromisu social y medioambiental, alliniaes colos ODS de la ONU. Am\u00e1s, como parte d&#8217;esti esfuerzu, Parque Princip\u00e1u collabora un a\u00f1u m\u00e1s cola Socied\u00e1 de Festexos de Pola de Siero, apurriendo 3.000 \u20ac para caltener y celebrar esta Fiesta d&#8217;Inter\u00e9s Tur\u00edsticu Nacional.<\/p>\n","protected":false},"excerpt":{"rendered":"<p>\u00a1Y\u00e1 ta equ\u00ed una de les nueses tradiciones m\u00e1s quer\u00edes: la Expo Xigante de G\u00fcevos Pintos! Del 2 al 23 d&#8217;abril, el nuesu Pas\u00e9u de la Seronda tresformar nun color\u00edu escaparate d&#8217;arte y creativid\u00e1.\u00a0Estes obres d&#8217;arte fueron decoraes por alumnos de primaria de 12 colexos de Siero y contorna participante nel XI concursu escolar G\u00fcevos [&hellip;]<\/p>\n","protected":false},"author":117,"featured_media":0,"comment_status":"open","ping_status":"open","sticky":false,"template":"","format":"standard","meta":{"footnotes":""},"categories":[61,14],"tags":[],"class_list":["post-45240","post","type-post","status-publish","format-standard","hentry","category-concursu","category-esposiciones"],"_links":{"self":[{"href":"https:\/\/edublog.educastur.es\/ixuxu\/wp-json\/wp\/v2\/posts\/45240","targetHints":{"allow":["GET"]}}],"collection":[{"href":"https:\/\/edublog.educastur.es\/ixuxu\/wp-json\/wp\/v2\/posts"}],"about":[{"href":"https:\/\/edublog.educastur.es\/ixuxu\/wp-json\/wp\/v2\/types\/post"}],"author":[{"embeddable":true,"href":"https:\/\/edublog.educastur.es\/ixuxu\/wp-json\/wp\/v2\/users\/117"}],"replies":[{"embeddable":true,"href":"https:\/\/edublog.educastur.es\/ixuxu\/wp-json\/wp\/v2\/comments?post=45240"}],"version-history":[{"count":4,"href":"https:\/\/edublog.educastur.es\/ixuxu\/wp-json\/wp\/v2\/posts\/45240\/revisions"}],"predecessor-version":[{"id":45250,"href":"https:\/\/edublog.educastur.es\/ixuxu\/wp-json\/wp\/v2\/posts\/45240\/revisions\/45250"}],"wp:attachment":[{"href":"https:\/\/edublog.educastur.es\/ixuxu\/wp-json\/wp\/v2\/media?parent=45240"}],"wp:term":[{"taxonomy":"category","embeddable":true,"href":"https:\/\/edublog.educastur.es\/ixuxu\/wp-json\/wp\/v2\/categories?post=45240"},{"taxonomy":"post_tag","embeddable":true,"href":"https:\/\/edublog.educastur.es\/ixuxu\/wp-json\/wp\/v2\/tags?post=45240"}],"curies":[{"name":"wp","href":"https:\/\/api.w.org\/{rel}","templated":true}]}}