{"id":45264,"date":"2025-04-03T09:00:09","date_gmt":"2025-04-03T07:00:09","guid":{"rendered":"https:\/\/edublog.educastur.es\/ixuxu\/?p=45264"},"modified":"2025-04-03T13:54:08","modified_gmt":"2025-04-03T11:54:08","slug":"dia-mundial-del-arcuiris-2","status":"publish","type":"post","link":"https:\/\/edublog.educastur.es\/ixuxu\/2025\/04\/dia-mundial-del-arcuiris-2\/","title":{"rendered":"D\u00eda Mundial del arcuiris"},"content":{"rendered":"<p style=\"text-align: center\"><a href=\"https:\/\/encrypted-tbn0.gstatic.com\/images?q=tbn:ANd9GcRFaiwpfjmJl2to92mhIOLHTQPQonkRcrW2bw&amp;s\"><img loading=\"lazy\" decoding=\"async\" class=\"aligncenter \" src=\"https:\/\/encrypted-tbn0.gstatic.com\/images?q=tbn:ANd9GcRFaiwpfjmJl2to92mhIOLHTQPQonkRcrW2bw&amp;s\" width=\"248\" height=\"109\" \/><\/a><\/p>\n<p>L&#8217;arcu la vieya\u00a0 o tami\u00e9n arcuiris, ye&#8217;l nome que recibe esti espectacular fen\u00f3menu \u00f3pticu y meteorol\u00f3xicu que forma na atm\u00f3sfera un arcu multicolor, dacuando, doble. Produzse cuando la lluz del sol alluma les gotes d&#8217;agua qu&#8217;act\u00faen como pequenos prismes y la lluz dixebrar nos siete colories elementales. Se produz cuando la lluz del sol se refracta y reflexa nes gotes d&#8217;agua. Vese como un arcu multicolor nel cielu.<\/p>\n<p style=\"text-align: center\"><a href=\"https:\/\/cdn.pixabay.com\/photo\/2024\/03\/14\/02\/28\/rainbow-8632190_1280.png\"><br \/>\n<img loading=\"lazy\" decoding=\"async\" class=\"aligncenter \" src=\"https:\/\/cdn.pixabay.com\/photo\/2024\/03\/14\/02\/28\/rainbow-8632190_1280.png\" width=\"526\" height=\"280\" \/><\/a><!--more--><\/p>\n<p style=\"text-align: center\"><a href=\"https:\/\/encrypted-tbn0.gstatic.com\/images?q=tbn:ANd9GcSxN0sd7Wv79qsG0wTIw-4qxwL7cZB4R0el0A&amp;s\"><img loading=\"lazy\" decoding=\"async\" class=\"aligncenter size-large\" src=\"https:\/\/encrypted-tbn0.gstatic.com\/images?q=tbn:ANd9GcSxN0sd7Wv79qsG0wTIw-4qxwL7cZB4R0el0A&amp;s\" width=\"300\" height=\"168\" \/><\/a><\/p>\n<p style=\"text-align: center\"><a href=\"https:\/\/pbs.twimg.com\/media\/EyDMoMuWYAAVaqh?format=jpg&amp;name=large\"><img loading=\"lazy\" decoding=\"async\" class=\"aligncenter size-large\" src=\"https:\/\/pbs.twimg.com\/media\/EyDMoMuWYAAVaqh?format=jpg&amp;name=large\" width=\"853\" height=\"1213\" \/><\/a><\/p>\n<p style=\"text-align: center\">\n<!-- iframe plugin v.6.0 wordpress.org\/plugins\/iframe\/ -->\n<iframe loading=\"lazy\" width=\"640\" height=\"360\" src=\"https:\/\/www.youtube.com\/embed\/9H2W04SjyTs\" title=\"cuales son los colores del arcoiris\" frameborder=\"0\" allow=\"accelerometer; autoplay; clipboard-write; encrypted-media; gyroscope; picture-in-picture; web-share\" referrerpolicy=\"strict-origin-when-cross-origin\" 0=\"allowfullscreen\" 1=\"\/iframe\" scrolling=\"yes\" class=\"iframe-class\"><\/iframe>\n<\/p>\n<p style=\"text-align: center\">\n<!-- iframe plugin v.6.0 wordpress.org\/plugins\/iframe\/ -->\n<iframe loading=\"lazy\" src=\"https:\/\/www.facebook.com\/plugins\/post.php?href=https%3A%2F%2Fwww.facebook.com%2Floqueleosantillanaspain%2Fposts%2Fpfbid02rapcEepyCAHgpsj6pf51pgi7fATKaujJxRaNQ1WZscZFrzQv8F5a3Z5ix4cDBZy9l&#038;show_text=false&#038;width=500\" width=\"500\" height=\"355\" style=\"border:none;overflow:hidden\" scrolling=\"no\" frameborder=\"0\" allowfullscreen=\"true\" allow=\"autoplay; clipboard-write; encrypted-media; picture-in-picture; web-share\" 0=\"\/iframe\" class=\"iframe-class\"><\/iframe>\n<\/p>\n<p>&nbsp;<\/p>\n","protected":false},"excerpt":{"rendered":"<p>L&#8217;arcu la vieya\u00a0 o tami\u00e9n arcuiris, ye&#8217;l nome que recibe esti espectacular fen\u00f3menu \u00f3pticu y meteorol\u00f3xicu que forma na atm\u00f3sfera un arcu multicolor, dacuando, doble. Produzse cuando la lluz del sol alluma les gotes d&#8217;agua qu&#8217;act\u00faen como pequenos prismes y la lluz dixebrar nos siete colories elementales. Se produz cuando la lluz del sol se [&hellip;]<\/p>\n","protected":false},"author":117,"featured_media":0,"comment_status":"open","ping_status":"open","sticky":false,"template":"","format":"standard","meta":{"footnotes":""},"categories":[91,6],"tags":[],"class_list":["post-45264","post","type-post","status-publish","format-standard","hentry","category-collores","category-dia-de"],"_links":{"self":[{"href":"https:\/\/edublog.educastur.es\/ixuxu\/wp-json\/wp\/v2\/posts\/45264","targetHints":{"allow":["GET"]}}],"collection":[{"href":"https:\/\/edublog.educastur.es\/ixuxu\/wp-json\/wp\/v2\/posts"}],"about":[{"href":"https:\/\/edublog.educastur.es\/ixuxu\/wp-json\/wp\/v2\/types\/post"}],"author":[{"embeddable":true,"href":"https:\/\/edublog.educastur.es\/ixuxu\/wp-json\/wp\/v2\/users\/117"}],"replies":[{"embeddable":true,"href":"https:\/\/edublog.educastur.es\/ixuxu\/wp-json\/wp\/v2\/comments?post=45264"}],"version-history":[{"count":7,"href":"https:\/\/edublog.educastur.es\/ixuxu\/wp-json\/wp\/v2\/posts\/45264\/revisions"}],"predecessor-version":[{"id":45271,"href":"https:\/\/edublog.educastur.es\/ixuxu\/wp-json\/wp\/v2\/posts\/45264\/revisions\/45271"}],"wp:attachment":[{"href":"https:\/\/edublog.educastur.es\/ixuxu\/wp-json\/wp\/v2\/media?parent=45264"}],"wp:term":[{"taxonomy":"category","embeddable":true,"href":"https:\/\/edublog.educastur.es\/ixuxu\/wp-json\/wp\/v2\/categories?post=45264"},{"taxonomy":"post_tag","embeddable":true,"href":"https:\/\/edublog.educastur.es\/ixuxu\/wp-json\/wp\/v2\/tags?post=45264"}],"curies":[{"name":"wp","href":"https:\/\/api.w.org\/{rel}","templated":true}]}}