{"id":45283,"date":"2025-04-03T18:10:11","date_gmt":"2025-04-03T16:10:11","guid":{"rendered":"https:\/\/edublog.educastur.es\/ixuxu\/?p=45283"},"modified":"2025-04-08T09:47:29","modified_gmt":"2025-04-08T07:47:29","slug":"45283","status":"publish","type":"post","link":"https:\/\/edublog.educastur.es\/ixuxu\/2025\/04\/45283\/","title":{"rendered":"Campa\u00f1es n&#8217;asturianu: impuestos d&#8217;Asturies"},"content":{"rendered":"<p style=\"text-align: center\"><em>Deducciones auton\u00f3miques pa la to declaraci\u00f3n de la renta.<\/em><\/p>\n<p style=\"text-align: center\"><a href=\"https:\/\/www.asturiaspuxa.es\/img\/logo-asturias-me-renta-con-la-via-fiscal-asturiana-as.png\"><img loading=\"lazy\" decoding=\"async\" class=\"aligncenter \" src=\"https:\/\/www.asturiaspuxa.es\/img\/logo-asturias-me-renta-con-la-via-fiscal-asturiana-as.png\" width=\"256\" height=\"123\" \/><\/a><\/p>\n<ul>\n<li><a href=\"https:\/\/www.asturiaspuxa.es\/as\/?fbclid=IwY2xjawJbqzlleHRuA2FlbQIxMQABHXhTuXvYzfICvziCdCt00CjFBzGdRKNOCNtW5lBeQEKoZyrn848tzz1QWA_aem_t3e7qgnXYrFCtFnXS43RXg\"><strong>Campa\u00f1a<\/strong><\/a> \/<strong>D<a href=\"https:\/\/www.asturiaspuxa.es\/as\/medidas\/4\/deducciones-para-la-educacion\">educiones:\u00a0 Pa la educaci\u00f3n<\/a><\/strong> \/<\/li>\n<\/ul>\n<h1 class=\"bg-color-1\" style=\"text-align: center\"><span style=\"font-size: 24px\"><strong><em><span style=\"text-decoration: underline\"><span style=\"color: #008080;text-decoration: underline\">Deducciones pa la educaci\u00f3n<\/span><\/span><\/em><\/strong><\/span><\/h1>\n<div class=\"container\">\n<div class=\"row\">\n<div class=\"col-12\">\n<div class=\"medidas-grid\">\n<div class=\"medida-item __border-color-1\">\n<ul>\n<li class=\"medida-item-datos\"><span class=\"titulo\"><a class=\"boton-icono-mas\" title=\"+ info\" href=\"https:\/\/sede.agenciatributaria.gob.es\/Sede\/ayuda\/manuales-videos-folletos\/manuales-practicos\/irpf-2024-deducciones-autonomicas\/comunidad-autonoma-principado-asturias\/gastos-formacion-trabajos-id-cientificas-tecnicas.html\" target=\"_blank\" rel=\"noopener\"><img loading=\"lazy\" decoding=\"async\" class=\"\" src=\"https:\/\/www.asturiaspuxa.es\/img\/icono-mas.png\" alt=\"+ info\" width=\"15\" height=\"15\" \/><\/a><span style=\"color: #008080\"><em>Por gastos de formaci\u00f3n<a href=\"https:\/\/sede.agenciatributaria.gob.es\/Sede\/ayuda\/manuales-videos-folle\"><strong> que tuvieren los contribuyentes que desenvuelvan trabayos especialmente cualificaos, rellacionaos directa y principalmente con acti<\/strong><\/a>vidaes d\u2019investigaci\u00f3n y desenvolvimientu, cient\u00edfiques o de calter t\u00e9cnicu<\/em><\/span><\/span><\/li>\n<li class=\"medida-item-datos\"><span style=\"color: #008080\"><em><a class=\"boton-icono-mas\" style=\"color: #008080\" title=\"+ info\" href=\"https:\/\/sede.agenciatributaria.gob.es\/Sede\/ayuda\/manuales-videos-folletos\/manuales-practicos\/irpf-2024-deducciones-autonomicas\/comunidad-autonoma-principado-asturias\/gastos-formacion-trabajos-id-cientificas-tecnicas.html\" target=\"_blank\" rel=\"noopener\"><img loading=\"lazy\" decoding=\"async\" class=\"\" src=\"https:\/\/www.asturiaspuxa.es\/img\/icono-mas.png\" alt=\"+ info\" width=\"16\" height=\"16\" \/>\u00a0<\/a><a href=\"https:\/\/sede.agenciatributaria.gob.es\/Sede\/ayuda\/manuales-videos-folletos\/manuales-practicos\/irpf-2024-deducciones-autonomicas\/comunidad-autonoma-principado-asturias\/gastos-descendientes-centros-cero-tres-anos.html\">Por gastos de descendientes en centros de cero a tr\u00e9s a\u00f1os<\/a><\/em><\/span><\/li>\n<li class=\"medida-item-datos\"><span style=\"color: #008080\"><em><a class=\"boton-icono-mas\" style=\"color: #008080\" title=\"+ info\" href=\"https:\/\/sede.agenciatributaria.gob.es\/Sede\/ayuda\/manuales-videos-folletos\/manuales-practicos\/irpf-2024-deducciones-autonomicas\/comunidad-autonoma-principado-asturias\/gastos-descendientes-centros-cero-tres-anos.html\" target=\"_blank\" rel=\"noopener\"><img loading=\"lazy\" decoding=\"async\" class=\"\" src=\"https:\/\/www.asturiaspuxa.es\/img\/icono-mas.png\" alt=\"+ info\" width=\"17\" height=\"17\" \/><\/a> <a href=\"https:\/\/sede.agenciatributaria.gob.es\/Sede\/ayuda\/manuales-videos-folletos\/manuales-practicos\/irpf-2024-deducciones-autonomicas\/comunidad-autonoma-principado-asturias\/adquisicion-libros-texto-material-escolar.html\">Por adquisici\u00f3n de llibros de testu y material escolar<\/a><\/em><\/span><\/li>\n<\/ul>\n<\/div>\n<div class=\"medida-item __border-color-1\">\n<div class=\"medida-item-footer\">\n<div class=\"medida-item-footer-elements\">\n<div>\n\n<!-- iframe plugin v.6.0 wordpress.org\/plugins\/iframe\/ -->\n<iframe loading=\"lazy\" src=\"https:\/\/www.facebook.com\/plugins\/video.php?height=476&#038;href=https%3A%2F%2Fwww.facebook.com%2Fgobiernodeasturias%2Fvideos%2F1700173574185055%2F&#038;show_text=false&#038;width=267&#038;t=0\" width=\"267\" height=\"476\" style=\"border:none;overflow:hidden\" scrolling=\"no\" frameborder=\"0\" allowfullscreen=\"true\" allow=\"autoplay; clipboard-write; encrypted-media; picture-in-picture; web-share\" 0=\"\/iframe\" class=\"iframe-class\"><\/iframe>\n\n<p style=\"text-align: center\"><a href=\"https:\/\/www.facebook.com\/reel\/1700173574185055\">Reel<\/a><\/p>\n<\/div>\n<\/div>\n<\/div>\n<\/div>\n<\/div>\n<\/div>\n<\/div>\n<\/div>\n","protected":false},"excerpt":{"rendered":"<p>Deducciones auton\u00f3miques pa la to declaraci\u00f3n de la renta. Campa\u00f1a \/Deduciones:\u00a0 Pa la educaci\u00f3n \/ Deducciones pa la educaci\u00f3n Por gastos de formaci\u00f3n que tuvieren los contribuyentes que desenvuelvan trabayos especialmente cualificaos, rellacionaos directa y principalmente con actividaes d\u2019investigaci\u00f3n y desenvolvimientu, cient\u00edfiques o de calter t\u00e9cnicu \u00a0Por gastos de descendientes en centros de cero a [&hellip;]<\/p>\n","protected":false},"author":117,"featured_media":0,"comment_status":"open","ping_status":"open","sticky":false,"template":"","format":"standard","meta":{"footnotes":""},"categories":[19,11],"tags":[],"class_list":["post-45283","post","type-post","status-publish","format-standard","hentry","category-asturies","category-campanes"],"_links":{"self":[{"href":"https:\/\/edublog.educastur.es\/ixuxu\/wp-json\/wp\/v2\/posts\/45283","targetHints":{"allow":["GET"]}}],"collection":[{"href":"https:\/\/edublog.educastur.es\/ixuxu\/wp-json\/wp\/v2\/posts"}],"about":[{"href":"https:\/\/edublog.educastur.es\/ixuxu\/wp-json\/wp\/v2\/types\/post"}],"author":[{"embeddable":true,"href":"https:\/\/edublog.educastur.es\/ixuxu\/wp-json\/wp\/v2\/users\/117"}],"replies":[{"embeddable":true,"href":"https:\/\/edublog.educastur.es\/ixuxu\/wp-json\/wp\/v2\/comments?post=45283"}],"version-history":[{"count":7,"href":"https:\/\/edublog.educastur.es\/ixuxu\/wp-json\/wp\/v2\/posts\/45283\/revisions"}],"predecessor-version":[{"id":45578,"href":"https:\/\/edublog.educastur.es\/ixuxu\/wp-json\/wp\/v2\/posts\/45283\/revisions\/45578"}],"wp:attachment":[{"href":"https:\/\/edublog.educastur.es\/ixuxu\/wp-json\/wp\/v2\/media?parent=45283"}],"wp:term":[{"taxonomy":"category","embeddable":true,"href":"https:\/\/edublog.educastur.es\/ixuxu\/wp-json\/wp\/v2\/categories?post=45283"},{"taxonomy":"post_tag","embeddable":true,"href":"https:\/\/edublog.educastur.es\/ixuxu\/wp-json\/wp\/v2\/tags?post=45283"}],"curies":[{"name":"wp","href":"https:\/\/api.w.org\/{rel}","templated":true}]}}