{"id":45293,"date":"2025-04-03T19:44:56","date_gmt":"2025-04-03T17:44:56","guid":{"rendered":"https:\/\/edublog.educastur.es\/ixuxu\/?p=45293"},"modified":"2025-04-04T13:47:37","modified_gmt":"2025-04-04T11:47:37","slug":"45293","status":"publish","type":"post","link":"https:\/\/edublog.educastur.es\/ixuxu\/2025\/04\/45293\/","title":{"rendered":"M\u00fasica en solidarid\u00e1 con Palestina"},"content":{"rendered":"<div class=\"_aasi\">\n<div class=\"x9f619 xjbqb8w x78zum5 x168nmei x13lgxp2 x5pf9jr xo71vjh x1n2onr6 x1plvlek xryxfnj x1c4vz4f x2lah0s x1q0g3np xqjyukv x6s0dn4 x1oa3qoh x1qughib\">\n<header class=\"_aaqw\">\n<div class=\"_aaqy _aaqz\">\n<div class=\"_aar0 _aar1\">\n<div class=\"x78zum5\">\n<div class=\"_aaqt _aaqu\">\n<div class=\"x9f619 xjbqb8w x78zum5 x168nmei x13lgxp2 x5pf9jr xo71vjh x1uhb9sk x1plvlek xryxfnj x1c4vz4f x2lah0s x1q0g3np xqjyukv x1cy8zhl x1oa3qoh x1nhvcw1\">\n<div class=\"x9f619 xjbqb8w x78zum5 x168nmei x13lgxp2 x5pf9jr xo71vjh x1uhb9sk x1plvlek xryxfnj x1c4vz4f x2lah0s x1q0g3np xqjyukv x1cy8zhl x1oa3qoh x1nhvcw1\">\n<ul>\n<li><a class=\"x1i10hfl xjbqb8w x1ejq31n xd10rxx x1sy0etr x17r0tee x972fbf xcfux6l x1qhh985 xm0m39n x9f619 x1ypdohk xt0psk2 xe8uvvx xdj266r x11i5rnm xat24cr x1mh8g0r xexx8yu x4uap5 x18d9i69 xkhd6sd x16tdsg8 x1hl2dhg xggy1nq x1a2a7pz _acan _acao _acat _acaw _aj1- _ap30 _a6hd\" role=\"link\" href=\"https:\/\/www.instagram.com\/musicasturiana\/\">musicasturiana<\/a>\/ cartelu \/ <a href=\"https:\/\/musicasturiana.com\">https:\/\/musicasturiana.com<\/a> \/ <a href=\"https:\/\/musicasturiana.com\/la-musica-asturiana-solidarizase-con-palestina-el-miercoles-9-dabril\/\">art\u00edculu<\/a> \/<\/li>\n<\/ul>\n<p style=\"text-align: center\"><a href=\"https:\/\/musicasturiana.com\/wp-content\/uploads\/2025\/04\/cultura-asturiana-con-palestina.jpg\"><img loading=\"lazy\" decoding=\"async\" class=\"aligncenter \" src=\"https:\/\/musicasturiana.com\/wp-content\/uploads\/2025\/04\/cultura-asturiana-con-palestina.jpg\" width=\"456\" height=\"228\" \/><\/a><\/p>\n<p style=\"text-align: center\">\n<\/div>\n<\/div>\n<\/div>\n<\/div>\n<\/div>\n<div class=\"_aaql\">\n<ul>\n<li class=\"x78zum5 xdt5ytf\">\u00a0<a class=\"x1i10hfl xjbqb8w x1ejq31n xd10rxx x1sy0etr x17r0tee x972fbf xcfux6l x1qhh985 xm0m39n x9f619 x1ypdohk xt0psk2 xe8uvvx xdj266r x11i5rnm xat24cr x1mh8g0r xexx8yu x4uap5 x18d9i69 xkhd6sd x16tdsg8 x1hl2dhg xggy1nq x1a2a7pz notranslate _a6hd\" role=\"link\" href=\"https:\/\/www.instagram.com\/alaltulalleva\/\">@alaltulalleva<\/a>,\u00a0<a class=\"x1i10hfl xjbqb8w x1ejq31n xd10rxx x1sy0etr x17r0tee x972fbf xcfux6l x1qhh985 xm0m39n x9f619 x1ypdohk xt0psk2 xe8uvvx xdj266r x11i5rnm xat24cr x1mh8g0r xexx8yu x4uap5 x18d9i69 xkhd6sd x16tdsg8 x1hl2dhg xggy1nq x1a2a7pz notranslate _a6hd\" role=\"link\" href=\"https:\/\/www.instagram.com\/d_urria\/\">@d_urria<\/a>,\u00a0<a class=\"x1i10hfl xjbqb8w x1ejq31n xd10rxx x1sy0etr x17r0tee x972fbf xcfux6l x1qhh985 xm0m39n x9f619 x1ypdohk xt0psk2 xe8uvvx xdj266r x11i5rnm xat24cr x1mh8g0r xexx8yu x4uap5 x18d9i69 xkhd6sd x16tdsg8 x1hl2dhg xggy1nq x1a2a7pz notranslate _a6hd\" role=\"link\" href=\"https:\/\/www.instagram.com\/josem.tejedor\/\">@josem.tejedor<\/a>,\u00a0<a class=\"x1i10hfl xjbqb8w x1ejq31n xd10rxx x1sy0etr x17r0tee x972fbf xcfux6l x1qhh985 xm0m39n x9f619 x1ypdohk xt0psk2 xe8uvvx xdj266r x11i5rnm xat24cr x1mh8g0r xexx8yu x4uap5 x18d9i69 xkhd6sd x16tdsg8 x1hl2dhg xggy1nq x1a2a7pz notranslate _a6hd\" role=\"link\" href=\"https:\/\/www.instagram.com\/nachovegasig\/\">@nachovegasig<\/a>,\u00a0<a class=\"x1i10hfl xjbqb8w x1ejq31n xd10rxx x1sy0etr x17r0tee x972fbf xcfux6l x1qhh985 xm0m39n x9f619 x1ypdohk xt0psk2 xe8uvvx xdj266r x11i5rnm xat24cr x1mh8g0r xexx8yu x4uap5 x18d9i69 xkhd6sd x16tdsg8 x1hl2dhg xggy1nq x1a2a7pz notranslate _a6hd\" role=\"link\" href=\"https:\/\/www.instagram.com\/nuntamostoes\/\">@nuntamostoes<\/a> y Xuacu Amieva van actuar xunto a otres venti creadores culturales el mi\u00e9rcoles 9 d\u2019abril a les 19h nel Teatru Filarm\u00f3nica d\u2019Uvi\u00e9u. La m\u00fasica asturiana solidar\u00edzase con Palestina el mi\u00e9rcoles 9 d\u2019abril. El Teatru Filarm\u00f3nica d&#8217;Uvi\u00e9u acueye esti eventu nel que participen 26 creadores culturales y 6 son artistes de la m\u00fasica n&#8217;asturianu.<\/li>\n<\/ul>\n<p><!--more--><\/p>\n<p>El mi\u00e9rcoles<strong>\u00a09 d\u2019abril<\/strong>\u00a0a les 19h el\u00a0<strong>Teatru Filarm\u00f3nica<\/strong>\u00a0d\u2019Uvi\u00e9u va acoyer l\u2019actu\u00a0<em><strong>Cultura Asturiana con Palestina<\/strong><\/em>. N\u00e9l van actuar\u00a0<strong>26 nomes\u00a0<\/strong>ente los que s\u2019alcuentren\u00a0<strong>artistes musicales, escritores, realizadores audiovisuales o periodistes<\/strong>. La<strong>\u00a0m\u00fasica n\u2019asturianu\u00a0<\/strong>va tar presente cola participaci\u00f3n del<strong>\u00a0Coru Al Altu la Lleva, D\u2019Urria, Jos\u00e9 Manuel Tejedor, Nacho Vegas, Nun Tamos Toes y Xuacu Amieva<\/strong>.<\/p>\n<p style=\"text-align: center\"><a href=\"https:\/\/musicasturiana.com\/wp-content\/uploads\/2025\/04\/cultura-asturiana-con-palestina-cartelu.jpg\"><img loading=\"lazy\" decoding=\"async\" class=\"aligncenter \" src=\"https:\/\/musicasturiana.com\/wp-content\/uploads\/2025\/04\/cultura-asturiana-con-palestina-cartelu.jpg\" width=\"763\" height=\"953\" \/><\/a><\/p>\n<p><strong>La entrada ye\u00a0llibre\u00a0<\/strong>y pueden facese\u00a0donaciones. El Comit\u00e9 de Solidarid\u00e1 cola Causa \u00c1rabeentama l&#8217;activid\u00e1\u00a0 y tien el sofitu del Ayuntamientu d\u2019Uvi\u00e9u, de l\u2019Axencia Asturiana de Cooperaci\u00f3n al Desarrollu y de la Conseyer\u00eda de Derechos Sociales y Bienestar.<\/p>\n<\/div>\n<\/div>\n<\/header>\n<\/div>\n<\/div>\n<p style=\"text-align: center\">\n<!-- iframe plugin v.6.0 wordpress.org\/plugins\/iframe\/ -->\n<iframe loading=\"lazy\" src=\"https:\/\/www.instagram.com\/reel\/DH8fDqvvv59\/embed\" width=\"460\" height=\"600\" 0=\"\/iframe\" scrolling=\"yes\" class=\"iframe-class\" frameborder=\"0\"><\/iframe>\n<\/p>\n","protected":false},"excerpt":{"rendered":"<p>musicasturiana\/ cartelu \/ https:\/\/musicasturiana.com \/ art\u00edculu \/ \u00a0@alaltulalleva,\u00a0@d_urria,\u00a0@josem.tejedor,\u00a0@nachovegasig,\u00a0@nuntamostoes y Xuacu Amieva van actuar xunto a otres venti creadores culturales el mi\u00e9rcoles 9 d\u2019abril a les 19h nel Teatru Filarm\u00f3nica d\u2019Uvi\u00e9u. La m\u00fasica asturiana solidar\u00edzase con Palestina el mi\u00e9rcoles 9 d\u2019abril. El Teatru Filarm\u00f3nica d&#8217;Uvi\u00e9u acueye esti eventu nel que participen 26 creadores culturales y 6 [&hellip;]<\/p>\n","protected":false},"author":117,"featured_media":0,"comment_status":"open","ping_status":"open","sticky":false,"template":"","format":"standard","meta":{"footnotes":""},"categories":[363,35,125],"tags":[],"class_list":["post-45293","post","type-post","status-publish","format-standard","hentry","category-actos-beneficos","category-musica","category-musicasturiana-com"],"_links":{"self":[{"href":"https:\/\/edublog.educastur.es\/ixuxu\/wp-json\/wp\/v2\/posts\/45293","targetHints":{"allow":["GET"]}}],"collection":[{"href":"https:\/\/edublog.educastur.es\/ixuxu\/wp-json\/wp\/v2\/posts"}],"about":[{"href":"https:\/\/edublog.educastur.es\/ixuxu\/wp-json\/wp\/v2\/types\/post"}],"author":[{"embeddable":true,"href":"https:\/\/edublog.educastur.es\/ixuxu\/wp-json\/wp\/v2\/users\/117"}],"replies":[{"embeddable":true,"href":"https:\/\/edublog.educastur.es\/ixuxu\/wp-json\/wp\/v2\/comments?post=45293"}],"version-history":[{"count":6,"href":"https:\/\/edublog.educastur.es\/ixuxu\/wp-json\/wp\/v2\/posts\/45293\/revisions"}],"predecessor-version":[{"id":45299,"href":"https:\/\/edublog.educastur.es\/ixuxu\/wp-json\/wp\/v2\/posts\/45293\/revisions\/45299"}],"wp:attachment":[{"href":"https:\/\/edublog.educastur.es\/ixuxu\/wp-json\/wp\/v2\/media?parent=45293"}],"wp:term":[{"taxonomy":"category","embeddable":true,"href":"https:\/\/edublog.educastur.es\/ixuxu\/wp-json\/wp\/v2\/categories?post=45293"},{"taxonomy":"post_tag","embeddable":true,"href":"https:\/\/edublog.educastur.es\/ixuxu\/wp-json\/wp\/v2\/tags?post=45293"}],"curies":[{"name":"wp","href":"https:\/\/api.w.org\/{rel}","templated":true}]}}