{"id":45305,"date":"2025-04-03T19:59:13","date_gmt":"2025-04-03T17:59:13","guid":{"rendered":"https:\/\/edublog.educastur.es\/ixuxu\/?p=45305"},"modified":"2025-04-07T00:20:40","modified_gmt":"2025-04-06T22:20:40","slug":"asturies-meeting-land-pasa-asturies-ye-tierra-dalcuentru-y-de-congresos","status":"publish","type":"post","link":"https:\/\/edublog.educastur.es\/ixuxu\/2025\/04\/asturies-meeting-land-pasa-asturies-ye-tierra-dalcuentru-y-de-congresos\/","title":{"rendered":"Asturies Meeting Land: Pasa, Asturies ye tierra d&#8217;alcuentru y de congresos"},"content":{"rendered":"<ul>\n<li><a href=\"https:\/\/www.turismoasturiasprofesional.es\/mice?utm_source=Facebook&amp;utm_medium=Post_promocionado&amp;utm_campaign=Promocion_RRSS&amp;utm_content=MICE&amp;fbclid=IwY2xjawJbucZleHRuA2FlbQIxMQABHTHXyUzqkq6bNRdUnVeSVf9cMJz3Rnk38zUJ5u44aWzbvx5B8r2AK9eGZQ_aem_m84IoXIZTsbsaRx1XZPwpA\"><strong>Web<\/strong> <\/a>\/<\/li>\n<\/ul>\n<p style=\"text-align: center\"><span style=\"color: #008080\"><em>\u00bfBusques un llugar para&#8217;l to congresu, xunta o viaxe d&#8217;incentivos?<\/em><\/span><br \/>\n<span style=\"color: #008080\"><strong><em>Pasa, Asturies ye tierra d&#8217;alcuentru<\/em><\/strong><\/span><\/p>\n<p><strong>Asturies combina naturaleza, tradici\u00f3n y vanguardia.<\/strong> Equ\u00ed vas atopar equipamientos de primer nivel con m\u00e1s de 200.000 metros cuadraos de recintos congresuales y sedes singulares que remembren tradici\u00f3n y cultura.<\/p>\n<p>La so \u00e1rea urbana, formada per Uvi\u00e9u, Xix\u00f3n y Avil\u00e9s \u2014con 17.000 places hoteleres\u2014, at\u00f3pase a un pasu de zones rurales qu&#8217;alluguen los paisaxes m\u00e1s caracter\u00edsticos d&#8217;esti para\u00edsu natural.<strong> Les actividaes d&#8217;incentivos, a lo llargo de los sos sieteReserves de la Biosfera y les sos 400 km de la mari\u00f1a meyor caltenida d&#8217;Espa\u00f1a, representen un aliciente m\u00e1s para escoyer Asturies como escenariu para eventos.<\/strong><\/p>\n<p>Porque n&#8217;Asturies, un eventu corporativu puede convertise n&#8217;una esperiencia \u00fanica: una inmersi\u00f3n n&#8217;una antigua mina, una xornada d&#8217;avistamiento d&#8217;osos nun parque natural o una xunta nun maxestosu palaciu del sieglu XV a pocos kil\u00f3metros del centru d&#8217;Uvi\u00e9u.<\/p>\n","protected":false},"excerpt":{"rendered":"<p>Web \/ \u00bfBusques un llugar para&#8217;l to congresu, xunta o viaxe d&#8217;incentivos? Pasa, Asturies ye tierra d&#8217;alcuentru Asturies combina naturaleza, tradici\u00f3n y vanguardia. Equ\u00ed vas atopar equipamientos de primer nivel con m\u00e1s de 200.000 metros cuadraos de recintos congresuales y sedes singulares que remembren tradici\u00f3n y cultura. La so \u00e1rea urbana, formada per Uvi\u00e9u, Xix\u00f3n [&hellip;]<\/p>\n","protected":false},"author":117,"featured_media":0,"comment_status":"open","ping_status":"open","sticky":false,"template":"","format":"standard","meta":{"footnotes":""},"categories":[397,18],"tags":[],"class_list":["post-45305","post","type-post","status-publish","format-standard","hentry","category-congresu","category-turismu"],"_links":{"self":[{"href":"https:\/\/edublog.educastur.es\/ixuxu\/wp-json\/wp\/v2\/posts\/45305","targetHints":{"allow":["GET"]}}],"collection":[{"href":"https:\/\/edublog.educastur.es\/ixuxu\/wp-json\/wp\/v2\/posts"}],"about":[{"href":"https:\/\/edublog.educastur.es\/ixuxu\/wp-json\/wp\/v2\/types\/post"}],"author":[{"embeddable":true,"href":"https:\/\/edublog.educastur.es\/ixuxu\/wp-json\/wp\/v2\/users\/117"}],"replies":[{"embeddable":true,"href":"https:\/\/edublog.educastur.es\/ixuxu\/wp-json\/wp\/v2\/comments?post=45305"}],"version-history":[{"count":5,"href":"https:\/\/edublog.educastur.es\/ixuxu\/wp-json\/wp\/v2\/posts\/45305\/revisions"}],"predecessor-version":[{"id":45440,"href":"https:\/\/edublog.educastur.es\/ixuxu\/wp-json\/wp\/v2\/posts\/45305\/revisions\/45440"}],"wp:attachment":[{"href":"https:\/\/edublog.educastur.es\/ixuxu\/wp-json\/wp\/v2\/media?parent=45305"}],"wp:term":[{"taxonomy":"category","embeddable":true,"href":"https:\/\/edublog.educastur.es\/ixuxu\/wp-json\/wp\/v2\/categories?post=45305"},{"taxonomy":"post_tag","embeddable":true,"href":"https:\/\/edublog.educastur.es\/ixuxu\/wp-json\/wp\/v2\/tags?post=45305"}],"curies":[{"name":"wp","href":"https:\/\/api.w.org\/{rel}","templated":true}]}}