{"id":45351,"date":"2025-04-04T17:00:43","date_gmt":"2025-04-04T15:00:43","guid":{"rendered":"https:\/\/edublog.educastur.es\/ixuxu\/?p=45351"},"modified":"2025-04-04T18:32:25","modified_gmt":"2025-04-04T16:32:25","slug":"asturies-el-primer-camin-y-lorixe-de-los-demas","status":"publish","type":"post","link":"https:\/\/edublog.educastur.es\/ixuxu\/2025\/04\/asturies-el-primer-camin-y-lorixe-de-los-demas\/","title":{"rendered":"Asturies: el primer Cam\u00edn y l&#8217;orixe de los dem\u00e1s"},"content":{"rendered":"<ul>\n<li>Fonte: <a href=\"https:\/\/www.revistaoxigeno.es\/viajes\/asturias-primer-camino-origen-demas_308007_102.html?fbclid=IwY2xjawJc4L1leHRuA2FlbQIxMQABHgsxPViNa9AS9FyANw46gNrBsGsMLab2D9O4-q6lQhUovu1YMFcOJl0rYCE4_aem_kHiLx_KDW4OJPen6HUerhg\">Revista Ox\u00edgeno<\/a> \/<\/li>\n<\/ul>\n<p><strong>En 2025 c\u00famplense diez a\u00f1os dende la declaraci\u00f3n de la UNESCO de los llamaos Caminos del Norte como Patrimoniu de la Humanid\u00e1<\/strong>, de los cualos, dos percuerren Asturies: el Cam\u00edn de la Mari\u00f1a y el Cam\u00edn Primitivu, el primeru, y orixe de tolos dem\u00e1s.<\/p>\n<p style=\"text-align: center\"><a href=\"https:\/\/www.revistaoxigeno.es\/uploads\/s1\/14\/09\/65\/25\/camino-de-santiago-horreo_2_790x454.jpeg\"><img loading=\"lazy\" decoding=\"async\" class=\"aligncenter size-large\" src=\"https:\/\/www.revistaoxigeno.es\/uploads\/s1\/14\/09\/65\/25\/camino-de-santiago-horreo_2_790x454.jpeg\" width=\"790\" height=\"454\" \/><\/a><\/p>\n<p style=\"text-align: center\"><em>Semeya: No\u00e9 Baranda \/ Turismo Asturies<\/em><\/p>\n<p style=\"text-align: center\"><span style=\"font-size: 20px;color: #008080\"><em>El Cam\u00edn Primitivu ye una esperiencia xenuina,<br \/>\nque caltien tola so espiritualid\u00e1, <\/em><\/span><span style=\"font-size: 20px;color: #008080\"><em>un viaxe milenario<br \/>\ny esixente per montes, montes, aldegues y xentes.<\/em><\/span><\/p>\n<p><!--more--><\/p>\n<div class=\"c-mainarticle__top\">\n<div class=\"c-mainarticle__main-media\">\n<ul>\n<li class=\"c-mainarticle__fig\">\u00a0<a title=\"Camino de Santiago\" href=\"https:\/\/www.turismoasturias.es\/camino-de-santiago\" target=\"_blank\" rel=\"nofollow noopener\" data-external=\"1\">Camino de Santiago<\/a>, \/\u00a0<a title=\"Camino Primitivo\" href=\"https:\/\/www.turismoasturias.es\/camino-de-santiago\/camino-primitivo\" target=\"_blank\" rel=\"nofollow noopener\" data-external=\"1\">Camino Primitivo<\/a><\/li>\n<\/ul>\n<\/div>\n<\/div>\n<div class=\"c-mainarticle__body\">\n<div class=\"c-mainarticle__main-media\" data-ck-asset-wrapper=\"\"><strong>\u00a0Asturies: el primer Cam\u00edn. <\/strong>Nun hai que viaxar bien llue\u00f1e para atopar daqu\u00e9 nuevu. El viaxe ye una actit\u00fa, una forma d&#8217;encarar l&#8217;azar. Un esp\u00edritu d&#8217;aventura, de cutiu en peque\u00f1u: almorzar tranquil, andar mirando escontra riba, saludar a un desconoc\u00edu. Coses que, a diariu, nun faemos. <strong>El Cam\u00edn Primitivu n&#8217;Asturies<\/strong> ye quiciabes la ruta xacobea m\u00e1s aparente a esa forma d&#8217;encarar un pelegrinaxe o unes vacaciones, una desconex\u00f3n total. Ye una manera sele de somorguiate nun viaxe milenariu, orixe del Cam\u00edn de Santiago, que caltien esa suerte d&#8217;espiritualid\u00e1 interior con un percorr\u00edu de monte y monte, d&#8217;aldegues y xentes, que resdescubre Asturies y te redescubre a ti.<\/div>\n<p>Avanzando pel Cam\u00edn Primitivu, vas constatar esa comuni\u00f3n de los asturianos y asturianes cola so tierra, que-y confieren a la hospitalid\u00e1 un sent\u00edu xenuinu. El Cam\u00edn Primitivu ye l&#8217;orixe de la pelegrinaci\u00f3n xacobea porque foi&#8217;l que realiz\u00f3&#8217;l rei asturianu Alfonso II para ver los restos reci\u00e9n topaos del ap\u00f3stol Santiago en Compostela. Dende aquel sieglu IX, millones de pasos transitaron por esti percorr\u00edu rural, xenuinu, que nel so tramu asturianu suma 145,6 kil\u00f3metros (o 141,9 si se percuerre pola variante de los Hospitales).<\/p>\n<p style=\"text-align: center\"><a href=\"https:\/\/www.revistaoxigeno.es\/uploads\/s1\/14\/07\/21\/46\/brana-el-campel-original_2_790x454.jpeg\"><img loading=\"lazy\" decoding=\"async\" class=\"aligncenter size-large\" src=\"https:\/\/www.revistaoxigeno.es\/uploads\/s1\/14\/07\/21\/46\/brana-el-campel-original_2_790x454.jpeg\" width=\"790\" height=\"454\" \/><\/a><em>Bra\u00f1a El Campel. Semeya: Manuel S. Calvu \/ Turismu Asturies<\/em><\/p>\n<p>Son siete etapes ente Uvi\u00e9u y Grandas de Salime &#8211; Puertu del Xard\u00f3n, esixentes pal senderista o&#8217;l cicloturista en dalgunos de los sos tramos, poles rimades y l&#8217;esfuerzu que traen, pero que pueden planiase seg\u00fan la forma f\u00edsica de cada cual y que compensen siempres: xuna ilesia formosa nuna esviadura, una ponte en silenciu sobro un r\u00edu, un merc\u00e1u de pueblu, un valle cola lluz del atapecer.<\/p>\n<p>Estampes que t&#8217;esperen en Santa Mar\u00eda de Bendones, Les Regueres, Grau o La Puela Ayande, y nes visites que puedes entamar a partir de les etapes marcaes, seg\u00fan te pruya, aprovechando los abondosos servicios, la rede d&#8217;albergues, los taxis, o&#8217;l tresporte d&#8217;equipaxes. N&#8217;Asturies tu yes el Cam\u00edn, y planieslo como quieras.<\/p>\n<p><span style=\"color: #008080\"><strong>En 2025 c\u00famplense diez a\u00f1os dende la declaraci\u00f3n de la UNESCO de los llamaos Caminos del Norte como Patrimoniu de la Humanid\u00e1<\/strong>, de los cualos, dos percuerren Asturies: el Cam\u00edn de la Mari\u00f1a y el Cam\u00edn Primitivu, el primeru, y orixe de tolos dem\u00e1s.<\/span> A esta efem\u00e9ride a\u00f1ede l&#8217;amabilid\u00e1 de les temperatures ente marzu y ochobre y, sobremanera, la tranquilid\u00e1, pos les rutes xacobees asturianes t\u00e1n allo\u00f1aes de masificaciones.<\/p>\n<p style=\"text-align: center\"><a href=\"https:\/\/www.revistaoxigeno.es\/uploads\/s1\/14\/07\/21\/59\/salas-original_2_790x454.jpeg\"><img loading=\"lazy\" decoding=\"async\" class=\"aligncenter size-large\" src=\"https:\/\/www.revistaoxigeno.es\/uploads\/s1\/14\/07\/21\/59\/salas-original_2_790x454.jpeg\" width=\"790\" height=\"454\" \/><\/a><br \/>\n<em>Plaza del Conceyu de Salas. Semeya: Paco Curr\u00e1s \/ Turismo Asturies<\/em><\/p>\n<p>Una tranquilid\u00e1 que nun surde sola, sin\u00f3n que se consigue, precisamente, dende una forma d&#8217;entender el viaxe. Asturies, pionera nel turismu sostenible, caltien d&#8217;una forma especial el so patrimoniu y la so naturaleza porque tou, dende la gastronom\u00eda al deporte o la cultura, incluyise nuna mesma pertenencia.<\/p>\n<p>Avanzando pel Cam\u00edn Primitivu, vas constatar esa comuni\u00f3n de los asturianos y asturianes cola so tierra, que-y confieren a la hospitalid\u00e1 un sent\u00edu xenuinu. Qu&#8217;acueyen y ufierten, que comparten lo heredao, que siguen el senderu abiertu va sieglos. Con una botella de sidra a met\u00e1 del cam\u00edn, con una charra so un horru mientres fuelgues la mochila, con una vista panor\u00e1mica que&#8217;l so silenciu dexa m\u00e1s son\u00edos nel to interior que toles notificaciones del tel\u00e9fonu m\u00f3vil que nun encender\u00edes. Agora, am\u00e1s, tienes esti para\u00edsu m\u00e1s abargana que nunca, con 19 conexones a\u00e9rees nacionales y col tren d&#8217;alta velocid\u00e1.<\/p>\n<div class=\"c-mainarticle__main-media\" data-ck-asset-wrapper=\"\"><\/div>\n<p>&nbsp;<\/p>\n<\/div>\n","protected":false},"excerpt":{"rendered":"<p>Fonte: Revista Ox\u00edgeno \/ En 2025 c\u00famplense diez a\u00f1os dende la declaraci\u00f3n de la UNESCO de los llamaos Caminos del Norte como Patrimoniu de la Humanid\u00e1, de los cualos, dos percuerren Asturies: el Cam\u00edn de la Mari\u00f1a y el Cam\u00edn Primitivu, el primeru, y orixe de tolos dem\u00e1s. Semeya: No\u00e9 Baranda \/ Turismo Asturies El [&hellip;]<\/p>\n","protected":false},"author":117,"featured_media":0,"comment_status":"open","ping_status":"open","sticky":false,"template":"","format":"standard","meta":{"footnotes":""},"categories":[187],"tags":[],"class_list":["post-45351","post","type-post","status-publish","format-standard","hentry","category-camin-de-santiagu"],"_links":{"self":[{"href":"https:\/\/edublog.educastur.es\/ixuxu\/wp-json\/wp\/v2\/posts\/45351","targetHints":{"allow":["GET"]}}],"collection":[{"href":"https:\/\/edublog.educastur.es\/ixuxu\/wp-json\/wp\/v2\/posts"}],"about":[{"href":"https:\/\/edublog.educastur.es\/ixuxu\/wp-json\/wp\/v2\/types\/post"}],"author":[{"embeddable":true,"href":"https:\/\/edublog.educastur.es\/ixuxu\/wp-json\/wp\/v2\/users\/117"}],"replies":[{"embeddable":true,"href":"https:\/\/edublog.educastur.es\/ixuxu\/wp-json\/wp\/v2\/comments?post=45351"}],"version-history":[{"count":2,"href":"https:\/\/edublog.educastur.es\/ixuxu\/wp-json\/wp\/v2\/posts\/45351\/revisions"}],"predecessor-version":[{"id":45353,"href":"https:\/\/edublog.educastur.es\/ixuxu\/wp-json\/wp\/v2\/posts\/45351\/revisions\/45353"}],"wp:attachment":[{"href":"https:\/\/edublog.educastur.es\/ixuxu\/wp-json\/wp\/v2\/media?parent=45351"}],"wp:term":[{"taxonomy":"category","embeddable":true,"href":"https:\/\/edublog.educastur.es\/ixuxu\/wp-json\/wp\/v2\/categories?post=45351"},{"taxonomy":"post_tag","embeddable":true,"href":"https:\/\/edublog.educastur.es\/ixuxu\/wp-json\/wp\/v2\/tags?post=45351"}],"curies":[{"name":"wp","href":"https:\/\/api.w.org\/{rel}","templated":true}]}}