{"id":45361,"date":"2025-04-04T17:05:28","date_gmt":"2025-04-04T15:05:28","guid":{"rendered":"https:\/\/edublog.educastur.es\/ixuxu\/?p=45361"},"modified":"2025-04-04T18:45:49","modified_gmt":"2025-04-04T16:45:49","slug":"un-festival-de-naturaleza-para-viaxar-de-forma-distinta-y-respetuosa","status":"publish","type":"post","link":"https:\/\/edublog.educastur.es\/ixuxu\/2025\/04\/un-festival-de-naturaleza-para-viaxar-de-forma-distinta-y-respetuosa\/","title":{"rendered":"Celebrando&#8217;l slow-tourism n&#8217;Asturies: Un festival de naturaleza para viaxar de forma respetuosa"},"content":{"rendered":"<div class=\"html-div xdj266r x11i5rnm xat24cr x1mh8g0r xsag5q8 xz9dl7a x1pi30zi x1swvt13 x1jx94hy\">\n<div class=\"html-div xdj266r x11i5rnm xat24cr x1mh8g0r xexx8yu x4uap5 x18d9i69 xkhd6sd x78zum5 x1q0g3np x1ba4aug\">\n<div class=\"html-div xdj266r x11i5rnm xat24cr x1mh8g0r xexx8yu x4uap5 x18d9i69 xkhd6sd x1iyjqo2 xeuugli\">\n<div class=\"x78zum5 xdt5ytf xz62fqu x16ldp7u\">\n<div class=\"xu06os2 x1ok221b\">\n<ul>\n<li class=\"html-h3 x11i5rnm xat24cr x1mh8g0r xexx8yu x4uap5 x18d9i69 xkhd6sd x1vvkbs x1heor9g x1qlqyl8 x1pd3egz x1a2a7pz x1gslohp x1yc453h\"><span class=\"xt0psk2\"><a class=\"x1i10hfl xjbqb8w x1ejq31n xd10rxx x1sy0etr x17r0tee x972fbf xcfux6l x1qhh985 xm0m39n x9f619 x1ypdohk xt0psk2 xe8uvvx xdj266r x11i5rnm xat24cr x1mh8g0r xexx8yu x4uap5 x18d9i69 xkhd6sd x16tdsg8 x1hl2dhg xggy1nq x1a2a7pz xkrqix3 x1sur9pj xzsf02u x1s688f\" role=\"link\" href=\"https:\/\/www.facebook.com\/revistaoxigeno?__cft__[0]=AZXO60xJTtDPCoQAybAfEswMYIebxNXc1fEKnDoVDaKa9fYdF5mOfwrBmT0o1Kz_pY7-WTWMlbaDdy54_3DUB7trx7fctO53-S3KYyUUr-JVKFA1-qO8BBtUbKpAVjIU5aOO-ul2Vdl9vvGqS2B642hyy5SmLKEO2N0LV_h9YOKXCxcjurZ3YQ2o5K_KuoiDjgIVjA52G1byB58WNxudz8Su&amp;__tn__=-UC%2CP-y-R\"><strong class=\"html-strong xdj266r x11i5rnm xat24cr x1mh8g0r xexx8yu x4uap5 x18d9i69 xkhd6sd x1hl2dhg x16tdsg8 x1vvkbs x1s688f\"><span class=\"html-span xdj266r x11i5rnm xat24cr x1mh8g0r xexx8yu x4uap5 x18d9i69 xkhd6sd x1hl2dhg x16tdsg8 x1vvkbs\">Revista Ox\u00edgeno<\/span><\/strong><\/a><\/span><span style=\"font-size: 16px\">\/ <a href=\"https:\/\/www.revistaoxigeno.es\/viajes\/celebrando-slow-tourism-en-asturias_306682_102.html?fbclid=IwY2xjawJc6T9leHRuA2FlbQIxMQABHhRMgsA2TJTicXGfguDnYj-EIQlEFhLkvSYZBxvcBUxF9cYpolczX9WePxkq_aem_nlNczENMz0vh8FbwdwAlgg\">reportaxe<\/a> \/ <a href=\"https:\/\/www.ecoturismoenpeligro.es\/\">https:\/\/www.ecoturismoenpeligro.es\/<\/a><\/span><\/li>\n<\/ul>\n<\/div>\n<\/div>\n<\/div>\n<\/div>\n<\/div>\n<div class=\"html-div xdj266r x11i5rnm xat24cr x1mh8g0r xexx8yu x4uap5 x18d9i69 xkhd6sd\" dir=\"auto\">\n<div class=\"html-div xdj266r x11i5rnm xat24cr x1mh8g0r xexx8yu x4uap5 x18d9i69 xkhd6sd\" dir=\"auto\">\n<div class=\"html-div xdj266r x11i5rnm xat24cr x1mh8g0r xexx8yu x4uap5 x18d9i69 xkhd6sd\" data-ad-rendering-role=\"story_message\">\n<div class=\"x1l90r2v x1iorvi4 x1ye3gou xn6708d\" data-ad-comet-preview=\"message\" data-ad-preview=\"message\">\n<div class=\"x78zum5 xdt5ytf xz62fqu x16ldp7u\">\n<div class=\"xu06os2 x1ok221b\">\n<div class=\"xdj266r x11i5rnm xat24cr x1mh8g0r x1vvkbs x126k92a\">\n<div dir=\"auto\">Un festival de naturaleza para celebrar, mientres dos selmanes, una forma de viaxar distinta y respetuosa, n&#8217;unu de les redolaes asturianes m\u00e1s xenuinos:<strong> la contorna de Fontes del Narcea, Dega\u00f1a y Ibias.<\/strong><\/div>\n<div dir=\"auto\" style=\"text-align: center\"><a href=\"https:\/\/www.revistaoxigeno.es\/uploads\/s1\/14\/00\/77\/69\/meandros-del-nora-mirador-de-la-penona-original-juan-de-tury_2_790x454.jpeg\"><img loading=\"lazy\" decoding=\"async\" class=\"aligncenter size-large\" src=\"https:\/\/www.revistaoxigeno.es\/uploads\/s1\/14\/00\/77\/69\/meandros-del-nora-mirador-de-la-penona-original-juan-de-tury_2_790x454.jpeg\" width=\"790\" height=\"454\" \/><\/a><\/div>\n<div dir=\"auto\">\n<p style=\"text-align: center\"><em>Meandros del Nora. Semeya: Juan de Tury<\/em><\/p>\n<p><!--more--><br \/>\nQu&#8217;Asturies ye una de los trubiecos del llam\u00e1u \u00abslow tourism\u00bb nel nuesu pa\u00eds nun ye un secretu para naide, como tampoco lo ye qu&#8217;en so territorios atopen dalgunes de les esperiencies en naturaleza m\u00e1s aut\u00e9ntiques, en gran midida gracies a la so diversid\u00e1 d&#8217;ecosistemes, el calter de les sos villes y de xac\u00edu la so gastronom\u00eda. Poco nuevu podemos cuntavos d&#8217;estos asuntos, quer\u00edu llector, pero lo que si podemos faer ye encamentavos una de les sos rexones menos visitaes pero igual de contundente nes sos bondaes naturales.<\/p>\n<p><strong><span style=\"color: #008080\">Falamos de la contorna de Fontes del Narcea, Dega\u00f1a y Ibias, una redolada natural protex\u00edu nel suroeste asturianu, declar\u00e1u como Acuta de la Biosfera, y que los sos paisaxes contienen dalgunos de los montes primitivos meyor calten\u00edos de too el nuesu continente.<\/span><\/strong><\/p>\n<p>Pa celebrar el calter d&#8217;esta rex\u00f3n y tami\u00e9n recordanos a toos la importancia de la sostenibilid\u00e1 y de los nuesos espacios naturales, surdi\u00f3 va unos a\u00f1os el Festival d&#8217;Ecoturismo en Peligru d&#8217;Estinci\u00f3n, un c\u00f3nclave pa los amantes d&#8217;una forma de viaxar respetuosa, pero tami\u00e9n pa tolos vecinos de la rex\u00f3n que conmemoren y redescubren munchos de les xoyes medioambientales y culturales de la so tierra.<\/p>\n<p>Mientres dos selmanes, ufi\u00e9rtase una amplia axenda d&#8217;actividaes que&#8217;l so oxetivu principal ye promover actividaes respetuoses cola redolada y coles pequenes econom\u00edes locales, bases d&#8217;un ecoturismo sanu.<\/p>\n<p style=\"text-align: center\"><a href=\"https:\/\/www.revistaoxigeno.es\/uploads\/s1\/14\/00\/77\/94\/oso-en-alerta-en-fuentes-del-narcea-j-morrosco_2_790x454.jpeg\"><img loading=\"lazy\" decoding=\"async\" class=\"aligncenter size-large\" src=\"https:\/\/www.revistaoxigeno.es\/uploads\/s1\/14\/00\/77\/94\/oso-en-alerta-en-fuentes-del-narcea-j-morrosco_2_790x454.jpeg\" width=\"790\" height=\"454\" \/><\/a><\/p>\n<p style=\"text-align: center\"><em>Osu n&#8217;alerta en Fontes del Narcea \/ Semeya de\u00a0 J Morrosco<\/em><\/p>\n<p>Esta temporada, y cola contorna de Fontes del Narcea, Dega\u00f1a y Ibias y\u00e1 convertida n&#8217;unu de los epicentros del ecoturismu n&#8217;Asturies, el festival va tener a los montes (y les formes de vida que se xeneren a la so alredor) como filo conductor de les actividaes.<\/p>\n<p><strong>Fuentes del Narcea, Dega\u00f1a y Ibias: la redolada ideal pal ecoturismo.<\/strong><br \/>\nNun importa cu\u00e1ntos art\u00edculos pueda unu escribir sobre los territorios asturianos, que siempres se tornar\u00e1 al llugar com\u00fan que ye falar de tola maxa de los sos montes. Y ye l\u00f3xicu, porque tornar a ellos ye siempres conectar con otros tiempos, coles vieyes emociones de cuando t\u00e1bamos m\u00e1s conectaos a lo que nos arrodiaba, daqu\u00e9 que nun perdieron los habitantes d&#8217;esta contorna orlada per inmenses carbayeres o fayedales, interesaos r\u00edos qu&#8217;esquicen los sos rincones y cumes pimpanos qu&#8217;en dellos casos superen la ic\u00f3nica barrera de los dos mil metros.<\/p>\n<p>La so diversid\u00e1 nun ye nam\u00e1 daqu\u00e9 que celebren los humanos, y ye que gracies a ella espolleten dalgunes de les especies m\u00e1s emblem\u00e1tiques de la pen\u00ednsula como l&#8217;osu pardu, el llobu o l&#8217;urogallo, ensin les que somorguianos nestos ambientes ser\u00eda muncho menos interesante y verdaderamente m\u00e1s murniu.<\/p>\n<p>La so declaraci\u00f3n como<span style=\"color: #008080\"> <strong>Reserva de la Biosfera<\/strong><\/span> nun lleg\u00f3 solo<strong><span style=\"color: #008080\"> pa reconocer la importancia ecol\u00f3xica de la zona, tami\u00e9n pa premiar l&#8217;apueste de la contorna por modelos de turismu m\u00e1s sostenibles, la recuperaci\u00f3n d&#8217;oficios tradicionales y, poques gracies, el valor de los sos productos aut\u00f3ctonos.<\/span><\/strong><\/p>\n<p>El viaxeru va atopar la cl\u00e1sica combinaci\u00f3n (siempres espectacular) de patrimoniu natural y cultural, al pie de una amplia ufierta d&#8217;esperiencies inmersives nes vides y redolaes rurales, una aut\u00e9ntica esploraci\u00f3n d&#8217;esos venceyos sinceros qu&#8217;inda se caltien ente aquella redolada y les persones que la habiten.<\/p>\n<p>Y sobre tou esta relaci\u00f3n, ent\u00e1 presente angua\u00f1o (y posiblemente cada vez m\u00e1s importante), trata&#8217;l Festival d&#8217;Ecoturismo en Peligru d&#8217;Estinci\u00f3n, con que les sos charres, talleres y rutes empuestes unu som\u00f3rguiase en toa esta filosof\u00eda del turismu responsable al travi\u00e9s de les cultures tradicionales. Magar ye ciertu que&#8217;l nome del festival podr\u00eda sonar alarmante, la so intenci\u00f3n ye precisamente recordanos que toes estes costumes, oficios, maneres de vida ya inclusive especies podr\u00eden sumir por distintes circunstancies si non ponemos de la nuesa parte. Daqu\u00e9 que nun tendr\u00eda de ser dificil, teniendo en cuenta l&#8217;almiraci\u00f3n que toos sentimos pola pimpana naturaleza del norte d&#8217;Espa\u00f1a.<\/p>\n<p style=\"text-align: center\"><a href=\"https:\/\/www.revistaoxigeno.es\/uploads\/s1\/14\/00\/78\/05\/reserva-natural-integral-de-muniellos-original-2_2_790x454.jpeg\"><img loading=\"lazy\" decoding=\"async\" class=\"aligncenter size-large\" src=\"https:\/\/www.revistaoxigeno.es\/uploads\/s1\/14\/00\/78\/05\/reserva-natural-integral-de-muniellos-original-2_2_790x454.jpeg\" width=\"790\" height=\"454\" \/><\/a><br \/>\n<em>Reserva Natural Integral de Muniellos. Semeya: Turismo Asturies<\/em><\/p>\n<p><a href=\"https:\/\/www.ecoturismoenpeligro.es\/\"><strong>Esta nueva edici\u00f3n del festival, y y\u00e1 van cinco, va tener llugar ente&#8217;l 18 d&#8217;abril y el 2 de xunu<\/strong><\/a>, cuando diversos pueblos de la rex\u00f3n van acoyer conferencies, amueses d&#8217;artesan\u00eda, esposiciones ya inclusive esperiencies tem\u00e1tiques n&#8217;agospiamientos rurales y restoranes. Y, poques gracies, van ponese en marcha distintes rutes empuestes ya interpretatives por dalgunos de los paisaxes m\u00e1s representativos de la rex\u00f3n. Un gran puntu de partida, am\u00e1s, pa planiar nueses mesmes esploraciones pol Parque Natural o por xoyes emblem\u00e1tiques como&#8217;l Monte de Muniellos.<\/p>\n<p>El lema del festival pa esta nueva edici\u00f3n ye <span style=\"color: #008080\"><strong>\u00abEl monte y la madera\u00bb<\/strong><\/span>, una conmemoraci\u00f3n de la so importancia nos estilos de vida de los habitantes de Fontes del Narcea, Dega\u00f1a y Ibias a lo llargo de la so hestoria. Am\u00e1s de recordanos la fonda relaci\u00f3n del ser humanu colos montes, como sustentu y como inspiraci\u00f3n, el <span style=\"color: #008080\">Festival quier poner l&#8217;acentu nos nuevos usos que podemos da-y a la madera dende la innovaci\u00f3n, l&#8217;arquitectura o l&#8217;artesan\u00eda moderno, pa siguir aprovechando de forma sostenible los recursos qu&#8217;ufierta la redolada<\/span>, conectando am\u00e1s cola imperiosa necesid\u00e1 de caltener los nuesos espacios y contribuyir siempres que podamos a embrivir el camb\u00e9u clim\u00e1ticu.<\/p>\n<p>Tou esto puede sonar bien te\u00f3ricu, pero la realid\u00e1 del festival va ser bien distinto pudiendo participar n&#8217;actividaes de tall\u00e1u de madera, exhibiciones de carpinter\u00eda tradicional o rutes p&#8217;aprender a reconocer les distintes especies qu&#8217;habiten nel monte y les sos propiedaes.<\/p>\n<p>Con tou lo mentao nun concl\u00fai, nin tanto, l&#8217;ambiciosa axenda del festival, qu&#8217;ufierta al visitante un mont\u00f3n d&#8217;alternatives p&#8217;atopase y esfrutar coles sos tradiciones, dende rutes mic\u00f3logiques polos sos vieyos montes y marches populares a cuerpu o en bicicleta el\u00e9ctrica, talleres d&#8217;apicultura, degustaciones de vinos y quesos locales, avistamientu d&#8217;aves y fauna selvaxe, o visites a artesanos de la cer\u00e1mica y el cueru.<\/p>\n<p><a href=\"https:\/\/www.ecoturismoenpeligro.es\/\"><strong>Pod\u00e9is atopar tola axenda ya informaci\u00f3n del festival nesti enllaz.<\/strong><\/a><\/p>\n<p style=\"text-align: center\"><a href=\"https:\/\/www.revistaoxigeno.es\/uploads\/s1\/14\/00\/78\/16\/observacion-fauna-juan-de-tury_2_790x454.jpeg\"><img loading=\"lazy\" decoding=\"async\" class=\"aligncenter size-large\" src=\"https:\/\/www.revistaoxigeno.es\/uploads\/s1\/14\/00\/78\/16\/observacion-fauna-juan-de-tury_2_790x454.jpeg\" width=\"790\" height=\"454\" \/><\/a><br \/>\n<em>La observaci\u00f3n de fauna, una activid\u00e1 en plena crecedera. Semeya: Juan de Tury\u00a0<\/em><\/p>\n<p>El festival ye una escelente escusa pa pasase una selmana o dos nestes paraxes con tanto encantu y conex\u00f3n col estilu de vida rural, daqu\u00e9 que vamos reconocer en cada almuerzu nun agospiamientu familiar, por casu. Lo que suel ser ideal pa calzase les botes y escurrir pac\u00edficamente polos sos trupos montes, pelos sos praos y poles sos siendes, o escuchar el ronroneo del r\u00edu Narcea, mientres afayamos el so patrimoniu rom\u00e1nicu, los sos museos etnogr\u00e1ficos o a cencielles sent\u00e1monos a esfrutar d&#8217;un vasu con vistes a la serenid\u00e1 de los sos cumes.<\/p>\n<\/div>\n<\/div>\n<\/div>\n<\/div>\n<\/div>\n<\/div>\n<\/div>\n<\/div>\n<p>&nbsp;<\/p>\n<p>&nbsp;<\/p>\n","protected":false},"excerpt":{"rendered":"<p>Revista Ox\u00edgeno\/ reportaxe \/ https:\/\/www.ecoturismoenpeligro.es\/ Un festival de naturaleza para celebrar, mientres dos selmanes, una forma de viaxar distinta y respetuosa, n&#8217;unu de les redolaes asturianes m\u00e1s xenuinos: la contorna de Fontes del Narcea, Dega\u00f1a y Ibias. Meandros del Nora. Semeya: Juan de Tury<\/p>\n","protected":false},"author":117,"featured_media":0,"comment_status":"open","ping_status":"open","sticky":false,"template":"","format":"standard","meta":{"footnotes":""},"categories":[18,227],"tags":[],"class_list":["post-45361","post","type-post","status-publish","format-standard","hentry","category-turismu","category-viaxes"],"_links":{"self":[{"href":"https:\/\/edublog.educastur.es\/ixuxu\/wp-json\/wp\/v2\/posts\/45361","targetHints":{"allow":["GET"]}}],"collection":[{"href":"https:\/\/edublog.educastur.es\/ixuxu\/wp-json\/wp\/v2\/posts"}],"about":[{"href":"https:\/\/edublog.educastur.es\/ixuxu\/wp-json\/wp\/v2\/types\/post"}],"author":[{"embeddable":true,"href":"https:\/\/edublog.educastur.es\/ixuxu\/wp-json\/wp\/v2\/users\/117"}],"replies":[{"embeddable":true,"href":"https:\/\/edublog.educastur.es\/ixuxu\/wp-json\/wp\/v2\/comments?post=45361"}],"version-history":[{"count":5,"href":"https:\/\/edublog.educastur.es\/ixuxu\/wp-json\/wp\/v2\/posts\/45361\/revisions"}],"predecessor-version":[{"id":45366,"href":"https:\/\/edublog.educastur.es\/ixuxu\/wp-json\/wp\/v2\/posts\/45361\/revisions\/45366"}],"wp:attachment":[{"href":"https:\/\/edublog.educastur.es\/ixuxu\/wp-json\/wp\/v2\/media?parent=45361"}],"wp:term":[{"taxonomy":"category","embeddable":true,"href":"https:\/\/edublog.educastur.es\/ixuxu\/wp-json\/wp\/v2\/categories?post=45361"},{"taxonomy":"post_tag","embeddable":true,"href":"https:\/\/edublog.educastur.es\/ixuxu\/wp-json\/wp\/v2\/tags?post=45361"}],"curies":[{"name":"wp","href":"https:\/\/api.w.org\/{rel}","templated":true}]}}