{"id":45372,"date":"2025-04-06T18:00:34","date_gmt":"2025-04-06T16:00:34","guid":{"rendered":"https:\/\/edublog.educastur.es\/ixuxu\/?p=45372"},"modified":"2025-04-05T18:06:54","modified_gmt":"2025-04-05T16:06:54","slug":"45372","status":"publish","type":"post","link":"https:\/\/edublog.educastur.es\/ixuxu\/2025\/04\/45372\/","title":{"rendered":""},"content":{"rendered":"<p style=\"text-align: center\"><span style=\"font-size: 28px;color: #800080\"><strong><em>\u201cQuien escribe, texe. <\/em><\/strong><\/span><br \/>\n<span style=\"font-size: 28px;color: #800080\"><strong><em>Testu provien del llat\u00edn, <\/em><\/strong><\/span><br \/>\n<span style=\"font-size: 28px;color: #800080\"><strong><em>\u201ctextum\u201d que significa tex\u00edu.<\/em><\/strong><\/span><\/p>\n<p style=\"text-align: center\"><span style=\"font-size: 28px;color: #800080\"><em>Con filos de palabres vamos diciendo,<\/em><\/span><br \/>\n<span style=\"font-size: 28px;color: #800080\"><em> con filos de tiempu vamos viviendo.<\/em><\/span><br \/>\n<span style=\"font-size: 28px;color: #800080\"><strong><em> Los testos son como n\u00f3s:<\/em><\/strong><\/span><br \/>\n<span style=\"font-size: 28px;color: #800080\"><strong><em> tex\u00edos qu&#8217;anden\u00bb<\/em><\/strong><\/span><\/p>\n<p style=\"text-align: center\">\u00a0Eduardo Galeano<\/p>\n<p style=\"text-align: center\">\n<!-- iframe plugin v.6.0 wordpress.org\/plugins\/iframe\/ -->\n<iframe loading=\"lazy\" src=\"https:\/\/www.facebook.com\/plugins\/post.php?href=https%3A%2F%2Fwww.facebook.com%2Fricardo.rambaudi%2Fposts%2Fpfbid027qyJCy8gjrTdvMtH5iTDBd4bs1nRjjdpzhdfFDZQT3oYfyXyPXdSENGsYe9YBVjHl&#038;show_text=false&#038;width=500\" width=\"500\" height=\"497\" style=\"border:none;overflow:hidden\" scrolling=\"no\" frameborder=\"0\" allowfullscreen=\"true\" allow=\"autoplay; clipboard-write; encrypted-media; picture-in-picture; web-share\" 0=\"\/iframe\" class=\"iframe-class\"><\/iframe>\n<\/p>\n","protected":false},"excerpt":{"rendered":"<p>\u201cQuien escribe, texe. Testu provien del llat\u00edn, \u201ctextum\u201d que significa tex\u00edu. Con filos de palabres vamos diciendo, con filos de tiempu vamos viviendo. Los testos son como n\u00f3s: tex\u00edos qu&#8217;anden\u00bb \u00a0Eduardo Galeano<\/p>\n","protected":false},"author":117,"featured_media":0,"comment_status":"open","ping_status":"open","sticky":false,"template":"","format":"quote","meta":{"footnotes":""},"categories":[1],"tags":[],"class_list":["post-45372","post","type-post","status-publish","format-quote","hentry","category-sin-categoria","post_format-post-format-quote"],"_links":{"self":[{"href":"https:\/\/edublog.educastur.es\/ixuxu\/wp-json\/wp\/v2\/posts\/45372","targetHints":{"allow":["GET"]}}],"collection":[{"href":"https:\/\/edublog.educastur.es\/ixuxu\/wp-json\/wp\/v2\/posts"}],"about":[{"href":"https:\/\/edublog.educastur.es\/ixuxu\/wp-json\/wp\/v2\/types\/post"}],"author":[{"embeddable":true,"href":"https:\/\/edublog.educastur.es\/ixuxu\/wp-json\/wp\/v2\/users\/117"}],"replies":[{"embeddable":true,"href":"https:\/\/edublog.educastur.es\/ixuxu\/wp-json\/wp\/v2\/comments?post=45372"}],"version-history":[{"count":2,"href":"https:\/\/edublog.educastur.es\/ixuxu\/wp-json\/wp\/v2\/posts\/45372\/revisions"}],"predecessor-version":[{"id":45374,"href":"https:\/\/edublog.educastur.es\/ixuxu\/wp-json\/wp\/v2\/posts\/45372\/revisions\/45374"}],"wp:attachment":[{"href":"https:\/\/edublog.educastur.es\/ixuxu\/wp-json\/wp\/v2\/media?parent=45372"}],"wp:term":[{"taxonomy":"category","embeddable":true,"href":"https:\/\/edublog.educastur.es\/ixuxu\/wp-json\/wp\/v2\/categories?post=45372"},{"taxonomy":"post_tag","embeddable":true,"href":"https:\/\/edublog.educastur.es\/ixuxu\/wp-json\/wp\/v2\/tags?post=45372"}],"curies":[{"name":"wp","href":"https:\/\/api.w.org\/{rel}","templated":true}]}}