{"id":45382,"date":"2025-04-05T12:00:22","date_gmt":"2025-04-05T10:00:22","guid":{"rendered":"https:\/\/edublog.educastur.es\/ixuxu\/?p=45382"},"modified":"2025-04-05T13:31:08","modified_gmt":"2025-04-05T11:31:08","slug":"la-escritora-valdesana-maria-esther-garcia-lopez-va-cerrar-lelencu-dinvitaos-nel-salon-del-manga-dasturies","status":"publish","type":"post","link":"https:\/\/edublog.educastur.es\/ixuxu\/2025\/04\/la-escritora-valdesana-maria-esther-garcia-lopez-va-cerrar-lelencu-dinvitaos-nel-salon-del-manga-dasturies\/","title":{"rendered":"La escritora valdesana Mar\u00eda Esther Garc\u00eda L\u00f3pez va cerrar l&#8217;elencu d&#8217;invitaos nel Sal\u00f3n del Manga d&#8217;Asturies"},"content":{"rendered":"<ul>\n<li>Sal\u00f3n del manga d&#8217;Asturies:<a href=\"https:\/\/www.facebook.com\/SalonDelMangaDeAsturias\/?locale=es_ES\"> Facebook<\/a> \/ <a href=\"https:\/\/www.facebook.com\/SalonDelMangaDeAsturias\/?locale=es_ES\">web<\/a> \/ <span class=\"html-span xdj266r x11i5rnm xat24cr x1mh8g0r xexx8yu x4uap5 x18d9i69 xkhd6sd x1hl2dhg x16tdsg8 x1vvkbs\"><a class=\"x1i10hfl xjbqb8w x1ejq31n xd10rxx x1sy0etr x17r0tee x972fbf xcfux6l x1qhh985 xm0m39n x9f619 x1ypdohk xt0psk2 xe8uvvx xdj266r x11i5rnm xat24cr x1mh8g0r xexx8yu x4uap5 x18d9i69 xkhd6sd x16tdsg8 x1hl2dhg xggy1nq x1a2a7pz xkrqix3 x1sur9pj x1fey0fg x1s688f\" role=\"link\" href=\"https:\/\/l.facebook.com\/l.php?u=http%3A%2F%2Fwww.nikakudan.org%2F%3Ffbclid%3DIwZXh0bgNhZW0CMTAAAR4tI-CDXKpZwlUEl3PNXcoP_ShqPFTkv8_OZwQwIg6aNaOWowfekH9bFxHoNg_aem_mvyM_jYG_kXJhtZ_GFIxCg&amp;h=AT00hNAlaH0Fklq4ylC_7REcChCFA0hIewT5_p0VUaeWjuNQsSPXghtcqKQUay8DktQXj_Td0kp0pOr_C78EIapiSOhdbynJr02ANPtTy1Rc3aRp0hLAmF8huA8DuMhB9PiP4G5Fx7TN0Q&amp;__tn__=-UK-R&amp;c[0]=AT3pBGnVTDbXb4It-KOVYJFX6o7BtvgJAr3SwEZRXUgvlEHtbyg_ax49P6IpEQjsVc80msulBlD4f08egcrzEVn5tVyFeBbwjK4_UjP_SEAQktUloWb_SwhAolvVigLOie_7C4leU7S_lk3eDPtf4N8D1BKlOfxhoLaOVTeddtNdqynvscbhawuHlHiQDc7ZchS664C-iPdxo0cpRmhjsS5N9g\" target=\"_blank\" rel=\"nofollow noopener noreferrer\">www.nikakudan.org<\/a><\/span><\/li>\n<\/ul>\n<p style=\"text-align: center\">\n<!-- iframe plugin v.6.0 wordpress.org\/plugins\/iframe\/ -->\n<iframe loading=\"lazy\" src=\"https:\/\/www.facebook.com\/plugins\/post.php?href=https%3A%2F%2Fwww.facebook.com%2Fphoto.php%3Ffbid%3D1114343860497347%26set%3Da.523342646264141%26type%3D3&#038;show_text=false&#038;width=500\" width=\"500\" height=\"505\" style=\"border:none;overflow:hidden\" scrolling=\"no\" frameborder=\"0\" allowfullscreen=\"true\" allow=\"autoplay; clipboard-write; encrypted-media; picture-in-picture; web-share\" 0=\"\/iframe\" class=\"iframe-class\"><\/iframe>\n<\/p>\n<div class=\"html-div xdj266r x11i5rnm xat24cr x1mh8g0r xexx8yu x4uap5 x18d9i69 xkhd6sd\">\n<div class=\"html-div xdj266r x11i5rnm xat24cr x1mh8g0r xexx8yu x4uap5 x18d9i69 xkhd6sd\" dir=\"auto\">\n<div class=\"html-div xdj266r x11i5rnm xat24cr x1mh8g0r xexx8yu x4uap5 x18d9i69 xkhd6sd\" data-ad-rendering-role=\"story_message\">\n<div id=\"\u00abrp\u00bb\" class=\"x1l90r2v x1iorvi4 x1ye3gou xn6708d\" data-ad-comet-preview=\"message\" data-ad-preview=\"message\">\n<div class=\"x78zum5 xdt5ytf xz62fqu x16ldp7u\">\n<div class=\"xu06os2 x1ok221b\">\n<div class=\"xdj266r x11i5rnm xat24cr x1mh8g0r x1vvkbs x126k92a\">\n<div dir=\"auto\">\u00a1Siguiente invitada <span class=\"html-span xdj266r x11i5rnm xat24cr x1mh8g0r xexx8yu x4uap5 x18d9i69 xkhd6sd x1hl2dhg x16tdsg8 x1vvkbs\"><a class=\"x1i10hfl xjbqb8w x1ejq31n xd10rxx x1sy0etr x17r0tee x972fbf xcfux6l x1qhh985 xm0m39n x9f619 x1ypdohk xt0psk2 xe8uvvx xdj266r x11i5rnm xat24cr x1mh8g0r xexx8yu x4uap5 x18d9i69 xkhd6sd x16tdsg8 x1hl2dhg xggy1nq x1a2a7pz xkrqix3 x1sur9pj x1fey0fg x1s688f\" role=\"link\" href=\"https:\/\/www.facebook.com\/hashtag\/nikapon25?__eep__=6&amp;__cft__[0]=AZXDmFqoG3FIiRH67cFzpiZeRzUtObAU0-8MmPY8-QQbqvtpRKxIu6ddFCrl8XZpf7sUVqBCuT4zKYGj9J6OPjYw9ZMZjs5kGoXNCUVvyV01e7dYXCqJMUewKjZESxXk77F_fjTwQMQcrQ2OjDhvShHEvXawyYgLk51YjQojpXf1m3Jh2iH-cAwCPV3_TI3CyoI&amp;__tn__=*NK-R\">#NikaPon25<\/a><\/span>! La escritora valdesana Mar\u00eda Esther Garc\u00eda L\u00f3pez va cerrar l&#8217;elencu d&#8217;invitaos\/as d&#8217;angua\u00f1o. Maestra con llicenciatura en pedagox\u00eda y miembru de l&#8217;Academia de la Llingua Asturiana dende 2022, cuenta con mediu centenar de creaciones lliteraries a los sos llombos. El so trabayu m\u00e1s reci\u00e9n tratar d&#8217;un pequenu llibru de haikus (poemes xaponeses) n&#8217;edici\u00f3n trilling\u00fce (castell\u00e1n, xapon\u00e9s y asturianu), con ilustraciones d&#8217;Eva Sakai y titul\u00e1u Pola Sienda del Vientu.<\/div>\n<\/div>\n<div class=\"x11i5rnm xat24cr x1mh8g0r x1vvkbs xtlvy1s x126k92a\">\n<div dir=\"auto\"><!--more--><br \/>\nAm\u00e1s del so estensu trabayu na poes\u00eda y na narrativa en castell\u00e1n y asturianu, tami\u00e9n escribi\u00f3 dellos t\u00edtulos sobro did\u00e1ctica ya investigaci\u00f3n hist\u00f3rica y presidi\u00f3 mientres munchos a\u00f1os l&#8217;Asociaci\u00f3n d&#8217;Escritores y Escritores d&#8217;Asturies. Nel eventu va impartir la conferencia Haikus: La Guapura d&#8217;un Intre. S\u00e1badu 12 d&#8217;abril a les 13:00 na segunda planta del pabell\u00f3n (sala de conferencies).<\/div>\n<\/div>\n<div class=\"x11i5rnm xat24cr x1mh8g0r x1vvkbs xtlvy1s x126k92a\">\n<div dir=\"auto\"><\/div>\n<ul>\n<li dir=\"auto\"><span class=\"html-span xexx8yu x4uap5 x18d9i69 xkhd6sd x1hl2dhg x16tdsg8 x1vvkbs x3nfvp2 x1j61x8r x1fcty0u xdj266r xat24cr xgzva0m xhhsvwb xxymvpz xlup9mm x1kky2od\"><img loading=\"lazy\" decoding=\"async\" class=\"xz74otr x168nmei x13lgxp2 x5pf9jr xo71vjh\" src=\"https:\/\/static.xx.fbcdn.net\/images\/emoji.php\/v9\/t8c\/1\/16\/1f389.png\" alt=\"\ud83c\udf89\" width=\"16\" height=\"16\" \/><\/span> Nika-Pon, Sal\u00f3n del Manga d&#8217;Asturies \/ <img loading=\"lazy\" decoding=\"async\" class=\"xz74otr x168nmei x13lgxp2 x5pf9jr xo71vjh\" src=\"https:\/\/static.xx.fbcdn.net\/images\/emoji.php\/v9\/tff\/1\/16\/1f4c6.png\" alt=\"\ud83d\udcc6\" width=\"16\" height=\"16\" \/> 12 y 13 d&#8217;abril de 2025 \/\u00a0 <img loading=\"lazy\" decoding=\"async\" class=\"xz74otr x168nmei x13lgxp2 x5pf9jr xo71vjh\" src=\"https:\/\/static.xx.fbcdn.net\/images\/emoji.php\/v9\/tcc\/1\/16\/1f5fe.png\" alt=\"\ud83d\uddfe\" width=\"16\" height=\"16\" \/> Avil\u00e9s, Asturies \/ <img loading=\"lazy\" decoding=\"async\" class=\"xz74otr x168nmei x13lgxp2 x5pf9jr xo71vjh\" src=\"https:\/\/static.xx.fbcdn.net\/images\/emoji.php\/v9\/t89\/1\/16\/1f3db.png\" alt=\"\ud83c\udfdb\ufe0f\" width=\"16\" height=\"16\" \/> Pabell\u00f3n d&#8217;Esposiciones de La Magdalena \/ <img loading=\"lazy\" decoding=\"async\" class=\"xz74otr x168nmei x13lgxp2 x5pf9jr xo71vjh\" src=\"https:\/\/static.xx.fbcdn.net\/images\/emoji.php\/v9\/tfa\/1\/16\/231a.png\" alt=\"\u231a\" width=\"16\" height=\"16\" \/> 12:00 a 21:30 s\u00e1badu y 12:00 a 20:30 domingu \/ <img loading=\"lazy\" decoding=\"async\" class=\"xz74otr x168nmei x13lgxp2 x5pf9jr xo71vjh\" src=\"https:\/\/static.xx.fbcdn.net\/images\/emoji.php\/v9\/t4c\/1\/16\/2753.png\" alt=\"\u2753\" width=\"16\" height=\"16\" \/> <span class=\"html-span xdj266r x11i5rnm xat24cr x1mh8g0r xexx8yu x4uap5 x18d9i69 xkhd6sd x1hl2dhg x16tdsg8 x1vvkbs\"><a class=\"x1i10hfl xjbqb8w x1ejq31n xd10rxx x1sy0etr x17r0tee x972fbf xcfux6l x1qhh985 xm0m39n x9f619 x1ypdohk xt0psk2 xe8uvvx xdj266r x11i5rnm xat24cr x1mh8g0r xexx8yu x4uap5 x18d9i69 xkhd6sd x16tdsg8 x1hl2dhg xggy1nq x1a2a7pz xkrqix3 x1sur9pj x1fey0fg x1s688f\" role=\"link\" href=\"https:\/\/l.facebook.com\/l.php?u=http%3A%2F%2Fwww.nikakudan.org%2F%3Ffbclid%3DIwZXh0bgNhZW0CMTAAAR4tI-CDXKpZwlUEl3PNXcoP_ShqPFTkv8_OZwQwIg6aNaOWowfekH9bFxHoNg_aem_mvyM_jYG_kXJhtZ_GFIxCg&amp;h=AT00hNAlaH0Fklq4ylC_7REcChCFA0hIewT5_p0VUaeWjuNQsSPXghtcqKQUay8DktQXj_Td0kp0pOr_C78EIapiSOhdbynJr02ANPtTy1Rc3aRp0hLAmF8huA8DuMhB9PiP4G5Fx7TN0Q&amp;__tn__=-UK-R&amp;c[0]=AT3pBGnVTDbXb4It-KOVYJFX6o7BtvgJAr3SwEZRXUgvlEHtbyg_ax49P6IpEQjsVc80msulBlD4f08egcrzEVn5tVyFeBbwjK4_UjP_SEAQktUloWb_SwhAolvVigLOie_7C4leU7S_lk3eDPtf4N8D1BKlOfxhoLaOVTeddtNdqynvscbhawuHlHiQDc7ZchS664C-iPdxo0cpRmhjsS5N9g\" target=\"_blank\" rel=\"nofollow noopener noreferrer\">www.nikakudan.org<\/a><\/span> &#8211;&gt; Sal\u00f3n del Manga<\/li>\n<\/ul>\n<\/div>\n<\/div>\n<\/div>\n<\/div>\n<\/div>\n<\/div>\n<\/div>\n<p>&nbsp;<\/p>\n","protected":false},"excerpt":{"rendered":"<p>Sal\u00f3n del manga d&#8217;Asturies: Facebook \/ web \/ www.nikakudan.org \u00a1Siguiente invitada #NikaPon25! La escritora valdesana Mar\u00eda Esther Garc\u00eda L\u00f3pez va cerrar l&#8217;elencu d&#8217;invitaos\/as d&#8217;angua\u00f1o. Maestra con llicenciatura en pedagox\u00eda y miembru de l&#8217;Academia de la Llingua Asturiana dende 2022, cuenta con mediu centenar de creaciones lliteraries a los sos llombos. El so trabayu m\u00e1s reci\u00e9n [&hellip;]<\/p>\n","protected":false},"author":117,"featured_media":0,"comment_status":"open","ping_status":"open","sticky":false,"template":"","format":"standard","meta":{"footnotes":""},"categories":[57],"tags":[],"class_list":["post-45382","post","type-post","status-publish","format-standard","hentry","category-comic"],"_links":{"self":[{"href":"https:\/\/edublog.educastur.es\/ixuxu\/wp-json\/wp\/v2\/posts\/45382","targetHints":{"allow":["GET"]}}],"collection":[{"href":"https:\/\/edublog.educastur.es\/ixuxu\/wp-json\/wp\/v2\/posts"}],"about":[{"href":"https:\/\/edublog.educastur.es\/ixuxu\/wp-json\/wp\/v2\/types\/post"}],"author":[{"embeddable":true,"href":"https:\/\/edublog.educastur.es\/ixuxu\/wp-json\/wp\/v2\/users\/117"}],"replies":[{"embeddable":true,"href":"https:\/\/edublog.educastur.es\/ixuxu\/wp-json\/wp\/v2\/comments?post=45382"}],"version-history":[{"count":1,"href":"https:\/\/edublog.educastur.es\/ixuxu\/wp-json\/wp\/v2\/posts\/45382\/revisions"}],"predecessor-version":[{"id":45383,"href":"https:\/\/edublog.educastur.es\/ixuxu\/wp-json\/wp\/v2\/posts\/45382\/revisions\/45383"}],"wp:attachment":[{"href":"https:\/\/edublog.educastur.es\/ixuxu\/wp-json\/wp\/v2\/media?parent=45382"}],"wp:term":[{"taxonomy":"category","embeddable":true,"href":"https:\/\/edublog.educastur.es\/ixuxu\/wp-json\/wp\/v2\/categories?post=45382"},{"taxonomy":"post_tag","embeddable":true,"href":"https:\/\/edublog.educastur.es\/ixuxu\/wp-json\/wp\/v2\/tags?post=45382"}],"curies":[{"name":"wp","href":"https:\/\/api.w.org\/{rel}","templated":true}]}}