{"id":45396,"date":"2025-04-05T12:10:52","date_gmt":"2025-04-05T10:10:52","guid":{"rendered":"https:\/\/edublog.educastur.es\/ixuxu\/?p=45396"},"modified":"2025-04-05T13:51:21","modified_gmt":"2025-04-05T11:51:21","slug":"el-principau-defende-nel-parllamentu-la-oficialida-del-asturianu-y-leonaviegu","status":"publish","type":"post","link":"https:\/\/edublog.educastur.es\/ixuxu\/2025\/04\/el-principau-defende-nel-parllamentu-la-oficialida-del-asturianu-y-leonaviegu\/","title":{"rendered":"El Princip\u00e1u defende nel Parllamentu la oficialid\u00e1 del asturianu y l&#8217;eonaviegu"},"content":{"rendered":"<div class=\"html-div xdj266r x11i5rnm xat24cr x1mh8g0r xexx8yu x1a8lsjc x1swvt13 x1pi30zi\">\n<div class=\"html-div xdj266r x11i5rnm xat24cr x1mh8g0r xexx8yu x4uap5 x18d9i69 xkhd6sd x1jx94hy x78zum5 x1q0g3np\">\n<div class=\"x78zum5 xdt5ytf xz62fqu x16ldp7u\">\n<div class=\"xu06os2 x1ok221b\">\n<div class=\"html-div xdj266r x11i5rnm xat24cr x1mh8g0r xexx8yu x4uap5 x18d9i69 xkhd6sd\" data-ad-rendering-role=\"profile_name\">\n<ul>\n<li class=\"html-h3 x11i5rnm xat24cr x1mh8g0r xexx8yu x4uap5 x18d9i69 xkhd6sd x1vvkbs x1heor9g x1qlqyl8 x1pd3egz x1a2a7pz x1gslohp x1yc453h\"><span class=\"x1lliihq x6ikm8r x10wlt62 x1n2onr6\"><span class=\"xt0psk2\"><a class=\"x1i10hfl xjbqb8w x1ejq31n xd10rxx x1sy0etr x17r0tee x972fbf xcfux6l x1qhh985 xm0m39n x9f619 x1ypdohk xt0psk2 xe8uvvx xdj266r x11i5rnm xat24cr x1mh8g0r xexx8yu x4uap5 x18d9i69 xkhd6sd x16tdsg8 x1hl2dhg xggy1nq x1a2a7pz xkrqix3 x1sur9pj xzsf02u x1s688f\" role=\"link\" href=\"https:\/\/www.facebook.com\/culturaAST?__cft__[0]=AZV94wOw7LeKZXZwOE4AxjPMwTIk1vYhqW48GzZEfvPqml2HvzvugRgLW4Ymtw2nSG15sed2ZxdZWUU7Xh3EheGnHOhuxOuIttxTUwrYzZGB6MFdDcVts9wHxRqBqo1LdF8tBiaOj_EHg6dKHKnZMUdUteTnKp6LomU6GT2Si7MDv8iYQ1gKfavhjhIBSNemCGjq5dZWcT7yoZyb10YekoFxKesZF95-as9OZCS0s9dIPg&amp;__tn__=-UC%2CP-y-R\"><strong class=\"html-strong xdj266r x11i5rnm xat24cr x1mh8g0r xexx8yu x4uap5 x18d9i69 xkhd6sd x1hl2dhg x16tdsg8 x1vvkbs x1s688f\"><span class=\"html-span xdj266r x11i5rnm xat24cr x1mh8g0r xexx8yu x4uap5 x18d9i69 xkhd6sd x1hl2dhg x16tdsg8 x1vvkbs\">Conseyer\u00eda de Cultura, Pol\u00edtica Lling\u00fc\u00edstica y Deporte<\/span><\/strong><\/a><\/span><\/span>\/ <a href=\"https:\/\/actualidad.asturias.es\/-\/el-gobierno-del-principado-defiende-en-el-parlamento-la-oficialidad-del-asturiano-y-el-eonaviego-en-una-xornada-hist\u00f3rica-dende-l-respetu-y-la-esperanza-?redirect=%2F\">Info\u00a0<\/a><\/li>\n<\/ul>\n<\/div>\n<\/div>\n<div class=\"xu06os2 x1ok221b\">\n<div class=\"html-div xdj266r x11i5rnm xat24cr x1mh8g0r xexx8yu x4uap5 x18d9i69 xkhd6sd x1q0g3np\" style=\"text-align: center\"><a href=\"https:\/\/actualidad.asturias.es\/documents\/537115\/2475996\/2025_04_04+Propuesta+reforma+estatuto+oficialidad+2.jpeg\/11a2c3f6-bb57-6d83-37f5-90424d5e47d2?t=1743781635524\"><img loading=\"lazy\" decoding=\"async\" class=\"aligncenter \" src=\"https:\/\/actualidad.asturias.es\/documents\/537115\/2475996\/2025_04_04+Propuesta+reforma+estatuto+oficialidad+2.jpeg\/11a2c3f6-bb57-6d83-37f5-90424d5e47d2?t=1743781635524\" width=\"712\" height=\"534\" \/><\/a><\/div>\n<\/div>\n<\/div>\n<\/div>\n<\/div>\n<div class=\"html-div xdj266r x11i5rnm xat24cr x1mh8g0r xexx8yu x4uap5 x18d9i69 xkhd6sd\" dir=\"auto\">\n<div class=\"html-div xdj266r x11i5rnm xat24cr x1mh8g0r xexx8yu x4uap5 x18d9i69 xkhd6sd\" dir=\"auto\">\n<div class=\"html-div xdj266r x11i5rnm xat24cr x1mh8g0r xexx8yu x4uap5 x18d9i69 xkhd6sd\" data-ad-rendering-role=\"story_message\">\n<div class=\"x1l90r2v x1iorvi4 x1ye3gou xn6708d\" data-ad-comet-preview=\"message\" data-ad-preview=\"message\">\n<div class=\"x78zum5 xdt5ytf xz62fqu x16ldp7u\">\n<div class=\"xu06os2 x1ok221b\">\n<div class=\"xdj266r x11i5rnm xat24cr x1mh8g0r x1vvkbs x126k92a\">\n<ul>\n<li dir=\"auto\"><span class=\"html-span xexx8yu x4uap5 x18d9i69 xkhd6sd x1hl2dhg x16tdsg8 x1vvkbs x3nfvp2 x1j61x8r x1fcty0u xdj266r xat24cr xgzva0m xhhsvwb xxymvpz xlup9mm x1kky2od\"><img loading=\"lazy\" decoding=\"async\" class=\"xz74otr x168nmei x13lgxp2 x5pf9jr xo71vjh\" src=\"https:\/\/static.xx.fbcdn.net\/images\/emoji.php\/v9\/tfb\/1\/16\/1f5e3.png\" alt=\"\ud83d\udde3\ufe0f\" width=\"16\" height=\"16\" \/><\/span>El <span class=\"html-span xdj266r x11i5rnm xat24cr x1mh8g0r xexx8yu x4uap5 x18d9i69 xkhd6sd x1hl2dhg x16tdsg8 x1vvkbs\"><a class=\"x1i10hfl xjbqb8w x1ejq31n xd10rxx x1sy0etr x17r0tee x972fbf xcfux6l x1qhh985 xm0m39n x9f619 x1ypdohk xt0psk2 xe8uvvx xdj266r x11i5rnm xat24cr x1mh8g0r xexx8yu x4uap5 x18d9i69 xkhd6sd x16tdsg8 x1hl2dhg xggy1nq x1a2a7pz xkrqix3 x1sur9pj x1fey0fg x1s688f\" role=\"link\" href=\"https:\/\/www.facebook.com\/gobiernodeasturias?__cft__[0]=AZV94wOw7LeKZXZwOE4AxjPMwTIk1vYhqW48GzZEfvPqml2HvzvugRgLW4Ymtw2nSG15sed2ZxdZWUU7Xh3EheGnHOhuxOuIttxTUwrYzZGB6MFdDcVts9wHxRqBqo1LdF8tBiaOj_EHg6dKHKnZMUdUteTnKp6LomU6GT2Si7MDv8iYQ1gKfavhjhIBSNemCGjq5dZWcT7yoZyb10YekoFxKesZF95-as9OZCS0s9dIPg&amp;__tn__=-]K-y-R\"><span class=\"xt0psk2\"><span class=\"xjp7ctv\">Principado de Asturias<\/span><\/span><\/a><\/span> defende nel Parllamentu la <span class=\"html-span xdj266r x11i5rnm xat24cr x1mh8g0r xexx8yu x4uap5 x18d9i69 xkhd6sd x1hl2dhg x16tdsg8 x1vvkbs\"><a class=\"x1i10hfl xjbqb8w x1ejq31n xd10rxx x1sy0etr x17r0tee x972fbf xcfux6l x1qhh985 xm0m39n x9f619 x1ypdohk xt0psk2 xe8uvvx xdj266r x11i5rnm xat24cr x1mh8g0r xexx8yu x4uap5 x18d9i69 xkhd6sd x16tdsg8 x1hl2dhg xggy1nq x1a2a7pz xkrqix3 x1sur9pj x1fey0fg x1s688f\" role=\"link\" href=\"https:\/\/www.facebook.com\/hashtag\/oficialid%C3%A1?__eep__=6&amp;__cft__[0]=AZV94wOw7LeKZXZwOE4AxjPMwTIk1vYhqW48GzZEfvPqml2HvzvugRgLW4Ymtw2nSG15sed2ZxdZWUU7Xh3EheGnHOhuxOuIttxTUwrYzZGB6MFdDcVts9wHxRqBqo1LdF8tBiaOj_EHg6dKHKnZMUdUteTnKp6LomU6GT2Si7MDv8iYQ1gKfavhjhIBSNemCGjq5dZWcT7yoZyb10YekoFxKesZF95-as9OZCS0s9dIPg&amp;__tn__=*NK-y-R\">#oficialid\u00e1<\/a><\/span> del asturianu y l&#8217;eonaviegu, \u201cnuna xornada hist\u00f3rica dende&#8217;l respetu y la esperanza\u00bb<\/li>\n<li dir=\"auto\"><img loading=\"lazy\" decoding=\"async\" class=\"xz74otr x168nmei x13lgxp2 x5pf9jr xo71vjh\" src=\"https:\/\/static.xx.fbcdn.net\/images\/emoji.php\/v9\/t89\/1\/16\/1f3db.png\" alt=\"\ud83c\udfdb\ufe0f\" width=\"16\" height=\"16\" \/>Fortalecer\u00eda les industries culturales asturianes, que y\u00e1 faen el 17,3 % de la producci\u00f3n en lling\u00fces propies.<\/li>\n<\/ul>\n<\/div>\n<\/div>\n<\/div>\n<\/div>\n<\/div>\n<\/div>\n<\/div>\n<p><!--more--><\/p>\n<div id=\"main-content\" class=\"columns-1\" role=\"main\">\n<div class=\"portlet-layout row\">\n<div id=\"column-1\" class=\"col-md-12 portlet-column portlet-column-only\">\n<div id=\"layout-column_column-1\" class=\"portlet-dropzone portlet-column-content portlet-column-content-only\">\n<div id=\"p_p_id_com_liferay_asset_publisher_web_portlet_AssetPublisherPortlet_INSTANCE_DSnKSBdGDt7q_\" class=\"portlet-boundary portlet-boundary_com_liferay_asset_publisher_web_portlet_AssetPublisherPortlet_ portlet-static portlet-static-end portlet-barebone portlet-asset-publisher nota-detalle\">\n<section id=\"portlet_com_liferay_asset_publisher_web_portlet_AssetPublisherPortlet_INSTANCE_DSnKSBdGDt7q\" class=\"portlet\">\n<div class=\"portlet-content\">\n<div class=\" portlet-content-container\">\n<div class=\"portlet-body\">\n<div class=\"asset-full-content clearfix default-asset-publisher show-asset-title\">\n<div id=\"_com_liferay_asset_publisher_web_portlet_AssetPublisherPortlet_INSTANCE_DSnKSBdGDt7q_2476016\" class=\"asset-content\">\n<div class=\"clearfix journal-content-article\" data-analytics-asset-id=\"2475993\" data-analytics-asset-title=\"El Gobierno del Principado defiende en el Parlamento la oficialidad del asturiano y el eonaviego, \u201cen una xornada hist\u00f3rica dende'l respetu y la esperanza&quot;\" data-analytics-asset-type=\"web-content\">\n<div class=\"nota\">\n<div class=\"contenido-article documentacion\">\n<ul>\n<li><a class=\"pdf\" title=\"Nota de prensa reforma del estatuto para declarar la oficialidad de las lenguas propias. Abre una nueva ventana\" href=\"https:\/\/actualidad.asturias.es\/documents\/533407\/0\/2025_04_04+NP+reforma+estatuto.pdf\/83dd3a96-21f4-a3ed-7347-8af28c89a674?t=1743781498345\" target=\"_blank\" rel=\"noopener\">\u00a0Nota de prensa reforma del estatuto para declarar la oficialidad de las lenguas propias<\/a><\/li>\n<li><a class=\"pdf\" title=\"Intervenci\u00f3n de la consejera de Cultura, Pol\u00edtica Lling\u00fc\u00edstica y Deporte, Vanessa Guti\u00e9rrez.. Abre una nueva ventana\" href=\"https:\/\/actualidad.asturias.es\/documents\/533407\/0\/2025_04_04+Comparecencia+consejera+Cultura+defensa+de+la+oficialidad.pdf\/fe1db8c9-ab35-1f2c-e811-afa43d06149f?t=1743781507725\" target=\"_blank\" rel=\"noopener\">\u00a0Intervenci\u00f3n de la consejera de Cultura, Pol\u00edtica Lling\u00fc\u00edstica y Deporte, Vanessa Guti\u00e9rrez.<\/a><\/li>\n<\/ul>\n<p>El Gobiernu del Princip\u00e1u defende nel Parlamentu la oficialid\u00e1 del asturianu y el eonaviego, \u201cn&#8217;una xornada hist\u00f3rica dende&#8217;l respetu y l&#8217;esperanza\u00bb. La reconocencia oficial <strong>fortalecer\u00eda la econom\u00eda de les industries culturales rexonales<\/strong>, que y\u00e1 realicen el 17,3 % de la so producci\u00f3n en lling\u00fces propies. L&#8217;Executivu reclama para la comunid\u00e1 la reconocencia lling\u00fc\u00edstica del que y\u00e1 gocien otres autonom\u00edes y que garantiza derechos fundamentales.<\/p>\n<p>El Gobiernu del Princip\u00e1u defendi\u00f3 g\u00fcei na Xunta Xeneral el so apueste decid\u00edu pola reforma del Estatutu d&#8217;Autonom\u00eda para reconocer la oficialid\u00e1 del asturianu y del eonaviego, \u201cn&#8217;una xornada hist\u00f3rica dende\u2019l respetu y l&#8217;esperanza\u201d, en palabres de la conseyera de Cultura, Pol\u00edtica Lling\u00fc\u00edstica y Deporte, Vanessa Guti\u00e9rrez. <strong>El camb\u00e9u normativu supondr\u00eda un pasu hist\u00f3ricu na protecci\u00f3n y promoci\u00f3n de les lling\u00fces propies de la comunid\u00e1.<\/strong><\/p>\n<p>Na so comparecencia nel Parlamentu, L&#8217;Executivu auton\u00f3micu defendi\u00f3 al travi\u00e9s de Guti\u00e9rrez la<strong> reconocencia espreso de les lling\u00fces d&#8217;Asturies, de les que valor\u00f3 la so importancia na identid\u00e1, la hestoria y el patrimoniu cultural.<\/strong><\/p>\n<p>Guti\u00e9rrez destac\u00f3 la relevancia que corada l&#8217;impulsu a esta reforma, sofitada por m\u00e1s de la met\u00e1 del parlamentu, y que respuende dafechu a lo previsto na Constituci\u00f3n Espa\u00f1ola y nos encamientos de la <strong>Carta Europea de les Lling\u00fces Rexonales o Minoritaries, \u201cqu\u2019encamienta a toles instituciones p\u00fabliques a protexer, caltener y promover la diversid\u00e1 lling\u00fc\u00edstica como patrimoniu cultural fundamental<\/strong>\u201d. Nesti sent\u00edu, la conseyera record\u00f3 que se t\u00e1n encetando \u201cderechos qu\u2019han ser garantiz\u00e1ivos a tola ciudadan\u00eda\u201d.<\/p>\n<p>Los miembros del Conseyu de Gobiernu punxeron en valor el trabayu de xeneraciones d&#8217;asturianos y asturianes na preservaci\u00f3n de la so llingua, seg\u00fan el llabor de ceadores, recopiladores de tradici\u00f3n oral, acad\u00e9micos y movimientos de reivindicaci\u00f3n lling\u00fc\u00edstica como Conceyu Bable, que l&#8217;a\u00f1u pas\u00e1u cumpli\u00f3 mediu sieglu.<\/p>\n<p>Am\u00e1s, la conseyera de Cultura punxo de relieve&#8217;l positivu impactu que tendr\u00eda la reconocencia de la oficialid\u00e1 nel \u00e1mbitu cultural y econ\u00f3mico. Una encuesta promovida pol so departamentu n&#8217;avientu de 2024 reflexa que les empreses culturales de la comunid\u00e1 y\u00e1 realicen el 17,3% de la so producci\u00f3n nes lling\u00fces propies.<strong> En sectores como l&#8217;editorial y el musical, l&#8217;usu del asturianu ronda, respectivamente, el 25 % y el 23 %, lo que reflexa un pesu creciente que se ver\u00eda reforz\u00e1u cola reconocencia de la oficialid\u00e1.<\/strong><\/p>\n<p>El Gobiernu d&#8217;Asturies incide na meyora hist\u00f3rica que supondr\u00eda la reforma del Estatutu pa modernizar el marcu normativu, garantizar derechos fundamentales y fortalecer la identid\u00e1 cultural del territoriu. Nesti sent\u00edu, les conseyeres y los conseyeros reivindicaron una Asturies plural, integradora y respetuosa cola so diversid\u00e1 lling\u00fc\u00edstica, frente a los intentos de xenerar polarizaci\u00f3n y alarmismo infund\u00e1u.<\/p>\n<p>Tami\u00e9n aportunaron en que la reforma<strong> otorgar\u00eda al Princip\u00e1u la reconocencia del qu&#8217;otres comunidaes y\u00e1 esfruten.<\/strong> Nesti sent\u00edu, punxeron de relieve les contradicciones del Part\u00edu Popular, qu&#8217;en Galicia defende la cooficialid\u00e1 del gallegu mientres equ\u00ed op\u00f3nse a la mesma midida, y de Foro Asturies, que nel pas\u00e1u sofit\u00f3 mid\u00edes d&#8217;impulsu de les lling\u00fces propies y agora adopta&#8217;l discursu de los populares. Igualmente, repitieron que&#8217;l refugu a la oficialid\u00e1 de Vox respuende a una postura ideol\u00f3xica que busca la eliminaci\u00f3n de les lling\u00fces propies en toles comunidaes, de cuenta que niega la identid\u00e1 y la cultura asturiana.<\/p>\n<p>El gobiernu d&#8217;unid\u00e1 progresista y reformista encament\u00f3 a los grupos parlamentarios a atender la volunt\u00e1 mayoritaria de la socied\u00e1 y sofitar la propuesta de reforma, que garantizar\u00eda la pervivencia del asturianu y del eonaviego como parte fundamental del patrimoniu colectivu del Princip\u00e1u.<\/p>\n<p>\u201cLa socied\u00e1 siempres va per delantre de -yos instituciones y el marcu xur\u00eddicu hai dir afaci\u00e9ndose a esa realid\u00e1 tami\u00e9n\u201d, concluy\u00f3 Vanessa Guti\u00e9rrez.<\/p>\n<\/div>\n<\/div>\n<\/div>\n<\/div>\n<\/div>\n<\/div>\n<\/div>\n<\/div>\n<\/section>\n<\/div>\n<\/div>\n<\/div>\n<\/div>\n<\/div>\n","protected":false},"excerpt":{"rendered":"<p>Conseyer\u00eda de Cultura, Pol\u00edtica Lling\u00fc\u00edstica y Deporte\/ Info\u00a0 El Principado de Asturias defende nel Parllamentu la #oficialid\u00e1 del asturianu y l&#8217;eonaviegu, \u201cnuna xornada hist\u00f3rica dende&#8217;l respetu y la esperanza\u00bb Fortalecer\u00eda les industries culturales asturianes, que y\u00e1 faen el 17,3 % de la producci\u00f3n en lling\u00fces propies.<\/p>\n","protected":false},"author":117,"featured_media":0,"comment_status":"open","ping_status":"open","sticky":false,"template":"","format":"standard","meta":{"footnotes":""},"categories":[51],"tags":[],"class_list":["post-45396","post","type-post","status-publish","format-standard","hentry","category-oficialida"],"_links":{"self":[{"href":"https:\/\/edublog.educastur.es\/ixuxu\/wp-json\/wp\/v2\/posts\/45396","targetHints":{"allow":["GET"]}}],"collection":[{"href":"https:\/\/edublog.educastur.es\/ixuxu\/wp-json\/wp\/v2\/posts"}],"about":[{"href":"https:\/\/edublog.educastur.es\/ixuxu\/wp-json\/wp\/v2\/types\/post"}],"author":[{"embeddable":true,"href":"https:\/\/edublog.educastur.es\/ixuxu\/wp-json\/wp\/v2\/users\/117"}],"replies":[{"embeddable":true,"href":"https:\/\/edublog.educastur.es\/ixuxu\/wp-json\/wp\/v2\/comments?post=45396"}],"version-history":[{"count":1,"href":"https:\/\/edublog.educastur.es\/ixuxu\/wp-json\/wp\/v2\/posts\/45396\/revisions"}],"predecessor-version":[{"id":45397,"href":"https:\/\/edublog.educastur.es\/ixuxu\/wp-json\/wp\/v2\/posts\/45396\/revisions\/45397"}],"wp:attachment":[{"href":"https:\/\/edublog.educastur.es\/ixuxu\/wp-json\/wp\/v2\/media?parent=45396"}],"wp:term":[{"taxonomy":"category","embeddable":true,"href":"https:\/\/edublog.educastur.es\/ixuxu\/wp-json\/wp\/v2\/categories?post=45396"},{"taxonomy":"post_tag","embeddable":true,"href":"https:\/\/edublog.educastur.es\/ixuxu\/wp-json\/wp\/v2\/tags?post=45396"}],"curies":[{"name":"wp","href":"https:\/\/api.w.org\/{rel}","templated":true}]}}