{"id":45398,"date":"2025-04-05T13:58:35","date_gmt":"2025-04-05T11:58:35","guid":{"rendered":"https:\/\/edublog.educastur.es\/ixuxu\/?p=45398"},"modified":"2025-04-08T09:14:58","modified_gmt":"2025-04-08T07:14:58","slug":"ultimos-tramites-para-inaugurar-en-septiembrel-institutu-margarita-salas","status":"publish","type":"post","link":"https:\/\/edublog.educastur.es\/ixuxu\/2025\/04\/ultimos-tramites-para-inaugurar-en-septiembrel-institutu-margarita-salas\/","title":{"rendered":"\u00daltimos tr\u00e1mites para inaugurar en septiembre&#8217;l Institutu Margarita Salas"},"content":{"rendered":"<ul>\n<li>Fonte: <a href=\"https:\/\/actualidad.asturias.es\/-\/educaci\u00f3n-ultima-la-obra-del-ies-margarita-salas-y-la-creaci\u00f3n-administrativa-del-centro-ovetense-para-inaugurarlo-en-septiembre?redirect=%2Fnoticias\">Actualid\u00e1 Asturies<\/a> \/ <a href=\"https:\/\/www.lne.es\/oviedo\/la-corredoria\/2025\/04\/07\/instituto-corredoria-coge-color-obras-116118637.html?fbclid=IwY2xjawJhq8VleHRuA2FlbQIxMQABHobNuTEOjyc9RPWdoCUIm1I8lzqXDQZGiY3RhNYah86A29UHfUMV0RbVgyu8_aem_qoYIU5S-ZCggFJsnbln_Fw\">LNE<\/a> \/<\/li>\n<\/ul>\n<p style=\"text-align: center\">La conseyera Lydia Espina visit\u00f3 g\u00fcei los trabayos y asegur\u00f3 que la moratoria nun va alteriar el calendariu d&#8217;apertura<\/p>\n<p style=\"text-align: center\"><a href=\"https:\/\/actualidad.asturias.es\/documents\/537115\/2474281\/2025_04_04+consejera+Educacion+sobre+visita+IES+Corrredoria+2.jpeg\/52882d89-c1ff-1e16-5c20-01f671a505d9?t=1743763358573\"><img loading=\"lazy\" decoding=\"async\" class=\"aligncenter size-large\" src=\"https:\/\/actualidad.asturias.es\/documents\/537115\/2474281\/2025_04_04+consejera+Educacion+sobre+visita+IES+Corrredoria+2.jpeg\/52882d89-c1ff-1e16-5c20-01f671a505d9?t=1743763358573\" width=\"4000\" height=\"3000\" \/><\/a><\/p>\n<p>Educaci\u00f3n peracaba la obra del IES &#8216;Margarita Salas&#8217; y la creaci\u00f3n alministrativa del centru uvie\u00edn para inauguralo en septiembre. El nuevu equipamientu tien pindiu&#8217;l remate de la fachada y l&#8217;urbanizaci\u00f3n esterior y y\u00e1 se tramita la compra del moblame.<\/p>\n<p><!--more--><br \/>\nEl Gobiernu d&#8217;Asturies peracaba los tr\u00e1mites para inaugurar en septiembre, al entamu del pr\u00f3ximu cursu escolar, l<strong>&#8216;Institutu d&#8217;Educaci\u00f3n Secundaria (IES) Margarita Salas<\/strong>, del barriu uvie\u00edn de La Corredoria. L&#8217;espediente de creaci\u00f3n alministrativa del centru foi dictamin\u00e1u y\u00e1 nel Conseyu Escolar del Princip\u00e1u y solo resta la so aprobaci\u00f3n nun pr\u00f3ximu Conseyu de Gobiernu.<\/p>\n<p><strong>Les obres de construcci\u00f3n del equipamientu t\u00e1n executaes casi al 95%.<\/strong> Falta por rematar la fachada y l&#8217;urbanizaci\u00f3n esterior de la parcela. Am\u00e1s, la conseyer\u00eda y\u00e1 xestiona l&#8217;alquisici\u00f3n del moblame, que va tar disponible para&#8217;l branu. La inversi\u00f3n prevista va superar los 565.000 euros.<\/p>\n<p>Per otru llau, el Serviciu d&#8217;Infraestructures Educatives concedi\u00f3 a la constructora una ampliaci\u00f3n del plazu de finalizaci\u00f3n de los trabayos hasta&#8217;l 8 de xunu. Unu de los motivos aduc\u00edos pola axudicataria foi que les carpinter\u00edes interiores del edificiu fabricar n&#8217;una zona de Valencia afectada pola dana, lo que provoc\u00f3 un retrasu de dos meses y mediu na entrega del suministru.<\/p>\n<p>Tami\u00e9n apunten otres causes sobreven\u00edes, rellacionaes cola cimentaci\u00f3n y les acomet\u00edes el\u00e9ctriques, que fueron acotaes polos t\u00e9cnicos del serviciu, que les consideren dafechu xustificaes. El Princip\u00e1u ampl\u00eda&#8217;l plazu de finalizaci\u00f3n de l&#8217;actuaci\u00f3n hasta xunu, tres el retrasu na entrega d&#8217;unos materiales pola dana y otres causes sobreven\u00edes.<\/p>\n<p>La conseyera Lydia Espina -quien visit\u00f3 g\u00fcei les obres, acompa\u00f1ada pola directora xeneral de Centros, Rede 0-3 y Ense\u00f1ances Profesionales, Cristina Blanco, y el director xeneral d&#8217;Infraestructures y Tecnolox\u00edes Educatives, Julio Vallaure- asegur\u00f3 qu&#8217;esa moratoria nun va alteriar en neng\u00fan casu&#8217;l calendariu d&#8217;inauguraci\u00f3n del centru, previstu pal entamu del pr\u00f3ximu cursu acad\u00e9micu.<\/p>\n<p>L&#8217;institutu axudic\u00e1u en 17,28 millones y financi\u00e1u al travi\u00e9s del <strong>Fondu Europ\u00e9u de Desenvolvimientu Rexonal (Feder)<\/strong>\u2013 va empezar la so activid\u00e1 lectiva colos cuatro cursos d&#8217;Educaci\u00f3n Secundaria Obligatoria (ESO) y los dos de Bachilleratu. Am\u00e1s, va incorporar el programa d&#8217;ense\u00f1anza de lling\u00fces estranxeres HABLE+.<\/p>\n<p>&nbsp;<\/p>\n<p><strong>Ua estructura de 22 unidaes<\/strong><\/p>\n<p>El centru va ufiertar tr\u00e9s modalidaes de Bachilleratu: Xeneral, Ciencies y Tecnolox\u00eda y Humanidaes y Ciencies Sociales. Coles mesmes, va tener xuna estructura de 22 unidaes -16 de Secundaria y 6 de Bachilleratu-, anque&#8217;l proyectu acuta espaciu p&#8217;habilitar dos aules m\u00e1s.<\/p>\n<p><strong>El IES Margarita Salas va ser el centru de referencia pal alumn\u00e1u escolariz\u00e1u nos colexos p\u00fablicos La Corredoria, Poeta \u00c1ngel Gonz\u00e1lez y Carmen Ruiz Tilve<\/strong>, los mesmos que nutren al actual institutu del barriu. L&#8217;alumn\u00e1u de 1\u00ba de la ESO va entrar pol procedimientu ordinariu d&#8217;almisi\u00f3n acordies con la so puntuaci\u00f3n, ente que los estudiantes del restu de cursos van poder escoyer ente los dos institutos del barriu. Una vegada concluy\u00edu esi procedimientu ordinariu, y en casu de qu&#8217;hubiera desequilibrios ente la demanda y l&#8217;ufierta de places, realizar\u00edase un sort\u00e9u curso a cursu pa cubrir les unidaes disponibles en cada institutu.<\/p>\n<p><strong>Nel primer a\u00f1u d&#8217;activid\u00e1 del centru van poder matriculase hasta 520 estudiantes<\/strong>. La secretar\u00eda del IES La Corredoria va realizar les xeres alministratives d&#8217;almisi\u00f3n hasta qu&#8217;empiece a funcionar la del nuevu institutu.<\/p>\n<p>Respectu al personal, van crease cinco puestos non docentes pa cubrir dos places d&#8217;alministrativu y tr\u00e9s d&#8217;ordenanza. La plantiya org\u00e1nica de profesor\u00e1u va rondar les 40 places, once de nueva creaci\u00f3n. El restu va venir de l&#8217;actual plantiya org\u00e1nica del IES La Corredoria, que se reasignar\u00e1 al Margarita Salas. El personal definitivo, incluy\u00edu l&#8217;inter\u00edn, va conocese cuando se concreten les solicit\u00faes.<\/p>\n<p>La Direcci\u00f3n Xeneral de Personal Docente trabaya nun resolvimientu que va regular el mecanismu para redistribuir al profesor\u00e1u de plantiya org\u00e1nica que tien plaza nel actual IES de La Corredoria. L&#8217;oxetivu ye priorizar al personal que quiera pasar al nuevu institutu.<\/p>\n<p>Pa cubrir la direcci\u00f3n convoc\u00f3se un concursu pol procedimientu ordinariu, nel que les persones candidates tendr\u00e1n de presentar un proyectu cuatrienal. Darr\u00e9u, la direcci\u00f3n va nomar al restu del equipu.<\/p>\n<p style=\"text-align: center\"><a href=\"https:\/\/actualidad.asturias.es\/documents\/537115\/2474281\/2025_04_04+consejera+Educacion+sobre+visita+IES+Corrredoria+6.jpeg\/2279fd41-b82b-f916-71dd-fbed4c3ba841?t=1743763358874\"><img loading=\"lazy\" decoding=\"async\" class=\"aligncenter size-large\" src=\"https:\/\/actualidad.asturias.es\/documents\/537115\/2474281\/2025_04_04+consejera+Educacion+sobre+visita+IES+Corrredoria+6.jpeg\/2279fd41-b82b-f916-71dd-fbed4c3ba841?t=1743763358874\" width=\"4000\" height=\"3000\" \/><\/a><\/p>\n<p style=\"text-align: center\"><a href=\"https:\/\/estaticos-cdn.prensaiberica.es\/clip\/bb3476b4-04af-40ec-970e-28d4b8f392b0_source-aspect-ratio_default_0.webp\"><img loading=\"lazy\" decoding=\"async\" class=\"aligncenter size-large\" src=\"https:\/\/estaticos-cdn.prensaiberica.es\/clip\/bb3476b4-04af-40ec-970e-28d4b8f392b0_source-aspect-ratio_default_0.webp\" width=\"1600\" height=\"1042\" \/><\/a><\/p>\n<p><strong>Tr\u00e9s bloques enllazaos<\/strong><\/p>\n<p>El IES Margarita Salas va ocupar xuna superficie construyida de 9.598 metros cuadraos. L&#8217;equipamientu va estremar en tr\u00e9s bloques enllazaos y asitiaos en cuatro niveles p&#8217;afaese a la topograf\u00eda del terr\u00e9n. Les instalaciones deportives -provistes de pista cubierta, ximnasiu y vestuarios- van poder tener un usu independiente.<\/p>\n<p style=\"text-align: center\"><a href=\"https:\/\/actualidad.asturias.es\/documents\/537115\/2474281\/2025_04_04+consejera+Educacion+sobre+visita+IES+Corrredoria+4.jpeg\/ce3dd6b1-427d-1680-8046-3e3a265faf2e?t=1743763358707\"><img loading=\"lazy\" decoding=\"async\" class=\"aligncenter size-large\" src=\"https:\/\/actualidad.asturias.es\/documents\/537115\/2474281\/2025_04_04+consejera+Educacion+sobre+visita+IES+Corrredoria+4.jpeg\/ce3dd6b1-427d-1680-8046-3e3a265faf2e?t=1743763358707\" width=\"4000\" height=\"3000\" \/><\/a><\/p>\n<p><strong>L&#8217;institutu va incorporar distintos espacios pa desenvolver nueves metodolox\u00edes d&#8217;aprendizaxe, como les superaulas, l&#8217;atriu, el fueu campamentu o&#8217;l grader\u00edu, na mesma ll\u00ednea pedag\u00f3xica aplicada nos \u00faltimos centros p\u00fablicos construy\u00edos n&#8217;Asturies. Am\u00e1s, va tener el certific\u00e1u 5 fueyes verdes qu&#8217;acredita la sostenibilid\u00e1 del edificiu.<\/strong><\/p>\n<p style=\"text-align: center\"><a href=\"https:\/\/actualidad.asturias.es\/documents\/537115\/2474281\/2025_04_04+consejera+Educacion+sobre+visita+IES+Corrredoria+7.jpeg\/deb2c796-d324-fd57-25c0-de8240994c38?t=1743763358937\"><img loading=\"lazy\" decoding=\"async\" class=\"aligncenter size-large\" src=\"https:\/\/actualidad.asturias.es\/documents\/537115\/2474281\/2025_04_04+consejera+Educacion+sobre+visita+IES+Corrredoria+7.jpeg\/deb2c796-d324-fd57-25c0-de8240994c38?t=1743763358937\" width=\"4000\" height=\"3000\" \/><\/a><\/p>\n<p style=\"text-align: center\"><a href=\"https:\/\/estaticos-cdn.prensaiberica.es\/clip\/de63db43-fb55-4ebd-aef1-0d3b6b99e293_16-9-aspect-ratio_default_0.webp\"><img loading=\"lazy\" decoding=\"async\" class=\"aligncenter size-large\" src=\"https:\/\/estaticos-cdn.prensaiberica.es\/clip\/de63db43-fb55-4ebd-aef1-0d3b6b99e293_16-9-aspect-ratio_default_0.webp\" width=\"880\" height=\"495\" \/><\/a><\/p>\n<p style=\"text-align: center\">\n<!-- iframe plugin v.6.0 wordpress.org\/plugins\/iframe\/ -->\n<iframe loading=\"lazy\" src=\"https:\/\/www.facebook.com\/plugins\/post.php?href=https%3A%2F%2Fwww.facebook.com%2Fphoto.php%3Ffbid%3D635525216118993%26set%3Da.108910392113814%26type%3D3&#038;show_text=false&#038;width=500\" width=\"500\" height=\"792\" style=\"border:none;overflow:hidden\" scrolling=\"no\" frameborder=\"0\" allowfullscreen=\"true\" allow=\"autoplay; clipboard-write; encrypted-media; picture-in-picture; web-share\" 0=\"\/iframe\" class=\"iframe-class\"><\/iframe>\n<\/p>\n","protected":false},"excerpt":{"rendered":"<p>Fonte: Actualid\u00e1 Asturies \/ LNE \/ La conseyera Lydia Espina visit\u00f3 g\u00fcei los trabayos y asegur\u00f3 que la moratoria nun va alteriar el calendariu d&#8217;apertura Educaci\u00f3n peracaba la obra del IES &#8216;Margarita Salas&#8217; y la creaci\u00f3n alministrativa del centru uvie\u00edn para inauguralo en septiembre. El nuevu equipamientu tien pindiu&#8217;l remate de la fachada y l&#8217;urbanizaci\u00f3n [&hellip;]<\/p>\n","protected":false},"author":117,"featured_media":0,"comment_status":"open","ping_status":"open","sticky":false,"template":"","format":"standard","meta":{"footnotes":""},"categories":[431],"tags":[],"class_list":["post-45398","post","type-post","status-publish","format-standard","hentry","category-ies-margarita-salas"],"_links":{"self":[{"href":"https:\/\/edublog.educastur.es\/ixuxu\/wp-json\/wp\/v2\/posts\/45398","targetHints":{"allow":["GET"]}}],"collection":[{"href":"https:\/\/edublog.educastur.es\/ixuxu\/wp-json\/wp\/v2\/posts"}],"about":[{"href":"https:\/\/edublog.educastur.es\/ixuxu\/wp-json\/wp\/v2\/types\/post"}],"author":[{"embeddable":true,"href":"https:\/\/edublog.educastur.es\/ixuxu\/wp-json\/wp\/v2\/users\/117"}],"replies":[{"embeddable":true,"href":"https:\/\/edublog.educastur.es\/ixuxu\/wp-json\/wp\/v2\/comments?post=45398"}],"version-history":[{"count":5,"href":"https:\/\/edublog.educastur.es\/ixuxu\/wp-json\/wp\/v2\/posts\/45398\/revisions"}],"predecessor-version":[{"id":45567,"href":"https:\/\/edublog.educastur.es\/ixuxu\/wp-json\/wp\/v2\/posts\/45398\/revisions\/45567"}],"wp:attachment":[{"href":"https:\/\/edublog.educastur.es\/ixuxu\/wp-json\/wp\/v2\/media?parent=45398"}],"wp:term":[{"taxonomy":"category","embeddable":true,"href":"https:\/\/edublog.educastur.es\/ixuxu\/wp-json\/wp\/v2\/categories?post=45398"},{"taxonomy":"post_tag","embeddable":true,"href":"https:\/\/edublog.educastur.es\/ixuxu\/wp-json\/wp\/v2\/tags?post=45398"}],"curies":[{"name":"wp","href":"https:\/\/api.w.org\/{rel}","templated":true}]}}