{"id":45407,"date":"2025-04-05T09:00:36","date_gmt":"2025-04-05T07:00:36","guid":{"rendered":"https:\/\/edublog.educastur.es\/ixuxu\/?p=45407"},"modified":"2025-04-05T18:05:11","modified_gmt":"2025-04-05T16:05:11","slug":"dia-internacional-de-la-conciencia","status":"publish","type":"post","link":"https:\/\/edublog.educastur.es\/ixuxu\/2025\/04\/dia-internacional-de-la-conciencia\/","title":{"rendered":"D\u00eda Internacional de la Conciencia"},"content":{"rendered":"<p style=\"text-align: center\"><a href=\"https:\/\/www.un.org\/sites\/un2.un.org\/files\/styles\/banner-image-style-27-10\/public\/conscience-day-banner.jpg\"><img loading=\"lazy\" decoding=\"async\" class=\"aligncenter size-large\" src=\"https:\/\/www.un.org\/sites\/un2.un.org\/files\/styles\/banner-image-style-27-10\/public\/conscience-day-banner.jpg\" width=\"1350\" height=\"500\" \/><\/a><\/p>\n<p>El <a href=\"https:\/\/es.wikipedia.org\/wiki\/D\u00eda_Internacional_de_la_Conciencia\"><strong>D\u00eda Internacional de la Conciencia<\/strong><\/a> ye una xornada internacional de concienciaci\u00f3n que se celebra a\u00f1almente&#8217;l 5 d&#8217;abril dende 2020, establecida pola Organizaci\u00f3n de les Naciones Xun\u00edes el 25 de xunetu de 2019. Esti d\u00eda <strong><span style=\"color: #008080\">enfatiza la necesid\u00e1 de promover una cultura de paz basada en xusticia, democracia, solidarid\u00e1 y respetu polos derechos humanos<\/span><\/strong>, reconociendo la dignid\u00e1, llibert\u00e1 ya iguald\u00e1 intr\u00ednseques a tolos seres humanos. Fonte: <a href=\"https:\/\/www.un.org\/en\/observances\/conscience-day\">ONU<\/a> \/<\/p>\n<p><!--more--><\/p>\n<p>Esti d\u00eda busca fomentar una conciencia global que tescienda alcuerdos pol\u00edticos o econ\u00f3micos, <strong>inspir\u00e1ndose na solidarid\u00e1 intelectual y moral que promueve la paz<\/strong>, tal como se destacar na Declaraci\u00f3n Universal de Derechos Humanos y la constituci\u00f3n de la UNESCO.\u200b<\/p>\n<p>La efem\u00e9ride conmemora cada 5 d&#8217;abril, siendo la so primer vegada nel 2020, ye <strong>una fecha escoyida para destacar la importancia de la educaci\u00f3n calidable y les actividaes de concienciaci\u00f3n p\u00fablica que promueven el desenvolvimientu sostenible y uno cultura de paz.<\/strong> La ONU convida a la participaci\u00f3n activa d&#8217;Estaos miembros, organizaciones del sistema de la ONU, el sector priv\u00e1u y la socied\u00e1 civil, incluy\u00edes organizaciones non gubernamentales y particulares, n&#8217;actividaes qu&#8217;encarnen estos ideales, fortaleciendo asina les pilastres d&#8217;una cultura de paz con amor y conciencia.<\/p>\n","protected":false},"excerpt":{"rendered":"<p>El D\u00eda Internacional de la Conciencia ye una xornada internacional de concienciaci\u00f3n que se celebra a\u00f1almente&#8217;l 5 d&#8217;abril dende 2020, establecida pola Organizaci\u00f3n de les Naciones Xun\u00edes el 25 de xunetu de 2019. Esti d\u00eda enfatiza la necesid\u00e1 de promover una cultura de paz basada en xusticia, democracia, solidarid\u00e1 y respetu polos derechos humanos, reconociendo [&hellip;]<\/p>\n","protected":false},"author":117,"featured_media":0,"comment_status":"open","ping_status":"open","sticky":false,"template":"","format":"standard","meta":{"footnotes":""},"categories":[6],"tags":[],"class_list":["post-45407","post","type-post","status-publish","format-standard","hentry","category-dia-de"],"_links":{"self":[{"href":"https:\/\/edublog.educastur.es\/ixuxu\/wp-json\/wp\/v2\/posts\/45407","targetHints":{"allow":["GET"]}}],"collection":[{"href":"https:\/\/edublog.educastur.es\/ixuxu\/wp-json\/wp\/v2\/posts"}],"about":[{"href":"https:\/\/edublog.educastur.es\/ixuxu\/wp-json\/wp\/v2\/types\/post"}],"author":[{"embeddable":true,"href":"https:\/\/edublog.educastur.es\/ixuxu\/wp-json\/wp\/v2\/users\/117"}],"replies":[{"embeddable":true,"href":"https:\/\/edublog.educastur.es\/ixuxu\/wp-json\/wp\/v2\/comments?post=45407"}],"version-history":[{"count":4,"href":"https:\/\/edublog.educastur.es\/ixuxu\/wp-json\/wp\/v2\/posts\/45407\/revisions"}],"predecessor-version":[{"id":45411,"href":"https:\/\/edublog.educastur.es\/ixuxu\/wp-json\/wp\/v2\/posts\/45407\/revisions\/45411"}],"wp:attachment":[{"href":"https:\/\/edublog.educastur.es\/ixuxu\/wp-json\/wp\/v2\/media?parent=45407"}],"wp:term":[{"taxonomy":"category","embeddable":true,"href":"https:\/\/edublog.educastur.es\/ixuxu\/wp-json\/wp\/v2\/categories?post=45407"},{"taxonomy":"post_tag","embeddable":true,"href":"https:\/\/edublog.educastur.es\/ixuxu\/wp-json\/wp\/v2\/tags?post=45407"}],"curies":[{"name":"wp","href":"https:\/\/api.w.org\/{rel}","templated":true}]}}