{"id":4546,"date":"2021-03-21T11:00:16","date_gmt":"2021-03-21T09:00:16","guid":{"rendered":"https:\/\/edublog.educastur.es\/ixuxu\/?p=4546"},"modified":"2021-03-22T21:25:47","modified_gmt":"2021-03-22T19:25:47","slug":"dia-mundial-del-sindrome-de-down","status":"publish","type":"post","link":"https:\/\/edublog.educastur.es\/ixuxu\/2021\/03\/dia-mundial-del-sindrome-de-down\/","title":{"rendered":"D\u00eda Mundial del S\u00edndrome de Down"},"content":{"rendered":"<p style=\"text-align: center\"><a href=\"https:\/\/imgbox.es\/images\/2021\/03\/22\/dawn1884a297d3513d652.jpg\"><img loading=\"lazy\" decoding=\"async\" class=\"alignnone\" src=\"https:\/\/imgbox.es\/images\/2021\/03\/22\/dawn1884a297d3513d652.jpg\" alt=\"\" width=\"371\" height=\"371\" \/><\/a><\/p>\n<ul>\n<li><a href=\"https:\/\/www.facebook.com\/hashtag\/d%C3%ADamundialdels%C3%ADndromededown\">Enllaces<\/a><\/li>\n<li><a href=\"https:\/\/www.sindromedown.net\/\">https:\/\/www.sindromedown.net\/<\/a><\/li>\n<li><a href=\"https:\/\/www.sindromedown.net\/sindrome-down\/\">\u00bfQu\u00e9 ye?<\/a>:<\/li>\n<\/ul>\n<p>El <span style=\"color: #008080\"><strong>D\u00eda Mundial del S\u00edndrome de Down<\/strong><\/span>, ye un d\u00eda definiu pola Asamblea Xeneral de les Naciones Xun\u00edes asign\u00e1u&#8217;l 21 de marzu, que se va reparar tolos a\u00f1os a partir de 2012. Esti 21 de marzu esperamos qu&#8217;el lema de la campa\u00f1a de DOWN ESPA\u00d1A, <strong><span style=\"color: #008080\">&#8216;Que nada dix\u00e9brenos&#8217;<\/span><\/strong>, f\u00e1igase viral, de manera que provoque un gran camb\u00e9u qu&#8217;impulse la socializaci\u00f3n de les persones con s\u00edndrome de Down.<\/p>\n<blockquote>\n<p style=\"text-align: center\"><span style=\"font-size: 20px;color: #800080\"><em>&#8216;Que nada dix\u00e9brenos&#8217; \/ \u00abQue nada nos separe\u00bb<\/em><\/span><\/p>\n<\/blockquote>\n<p><!--more--><\/p>\n<p>Para ello, ellaboremos la campa\u00f1a <strong><span style=\"color: #008080\">#QueNadaNosSepare<\/span><\/strong>, que&#8217;l so exa central ye un mensaxe de sensibilizaci\u00f3n social:<strong><em><span style=\"color: #008080\"> \u201cSi tenemos tantes coses de mancom\u00fan, \u00bfpor qu\u00e9 dexamos que solo un cromosoma dix\u00e9brenos?\u201d.<\/span><\/em><\/strong><\/p>\n<p>Al travi\u00e9s d&#8217;esta campa\u00f1a, pretendemos encetar el problema de la falta d&#8217;amistaes y oportunidaes de socializaci\u00f3n al que s&#8217;enfrenten les persones con s\u00edndrome de Down cuando algamen l&#8217;adolescencia y l&#8217;ed\u00e1 adulta (un 24% del colectivu diz nun tener amigos y un 62% tien poques o nenguna oportunid\u00e1 para faer nueves amistaes). Un problema que provoca&#8217;l so aislamientu y soled\u00e1, y que conduz a situaciones de frustraci\u00f3n y depresi\u00f3n.<\/p>\n<p>Con esta celebraci\u00f3n, l&#8217;Asamblea Xeneral quier aumentar la conciencia p\u00fablica sobro la cuesti\u00f3n y recordar la dignid\u00e1 inherente, la val\u00eda y les pervalibles contribuciones de les persones con discapacid\u00e1 intelectual como promotores del bienestar y de la diversid\u00e1 de les sos comunidaes. Tami\u00e9n quier resaltar la importancia de la so autonom\u00eda ya independencia individualsobremanera la llibert\u00e1 de tomar les sos propies decisiones. <a href=\"https:\/\/es.wikipedia.org\/wiki\/D%C3%ADa_Mundial_del_S%C3%ADndrome_de_Down\">Wiki<\/a><\/p>\n<p style=\"text-align: center\">\n<!-- iframe plugin v.6.0 wordpress.org\/plugins\/iframe\/ -->\n<iframe loading=\"lazy\" width=\"100%\" height=\"320\" src=\"https:\/\/www.youtube.com\/embed\/n_ub5gRsmjA\" 0=\"\/iframe\" scrolling=\"yes\" class=\"iframe-class\" frameborder=\"0\"><\/iframe>\n<\/p>\n<p>El s\u00edndrome de Down <strong><span style=\"color: #008080\">ye una alteraci\u00f3n xen\u00e9tica que se produz pola presencia d&#8217;un cromosoma extra<\/span><\/strong> (el cromosoma ye la estructura que contien l&#8217;ADN) o una parte d&#8217;\u00e9l. Les c\u00e9lules del cuerpu humanu tienen 46 cromosomes distribuy\u00edos en 23 pares. Unu d&#8217;estos pares determina&#8217;l sexu del individuu, los otros 22 numberaos del 1 al 22 en funci\u00f3n del so tama\u00f1u decreciente. Les persones con s\u00edndrome de Down tienen tr\u00e9s cromosomes nel par 21 en llugar de los dos qu&#8217;esisten davezu; por ello, esti s\u00edndrome tami\u00e9n se conoz como trisom\u00eda 21.<\/p>\n<p>El s\u00edndrome de Down <span style=\"color: #008080\"><strong>ye la principal causa de discapacid\u00e1 intelectual y l&#8217;alteraci\u00f3n xen\u00e9tica humana m\u00e1s com\u00fan<\/strong><\/span>. Produzse de forma bonal, ensin qu&#8217;esista una causa aparente sobro la que pueda actuase pa torgar. Produzse en toles etnies, en tolos pa\u00edses, en toles clases sociales, con una incidencia d&#8217;una por cada 600-700 concepciones nel mundu.<\/p>\n<p>El s\u00edndrome de Down <span style=\"color: #008080\"><strong>nun ye xuna enfermed\u00e1.<\/strong> <\/span>Tampoco esisten graos de s\u00edndrome de Down, pero l&#8217;efectu que la presencia d&#8217;esta alteraci\u00f3n produz en cada persona ye bien variable. Les persones con s\u00edndrome de Down amuesen delles caracter\u00edstiques comunes pero cada individuu ye singular, con una apariencia, personalid\u00e1 y habilidaes \u00faniques.<\/p>\n","protected":false},"excerpt":{"rendered":"<p>Enllaces https:\/\/www.sindromedown.net\/ \u00bfQu\u00e9 ye?: El D\u00eda Mundial del S\u00edndrome de Down, ye un d\u00eda definiu pola Asamblea Xeneral de les Naciones Xun\u00edes asign\u00e1u&#8217;l 21 de marzu, que se va reparar tolos a\u00f1os a partir de 2012. Esti 21 de marzu esperamos qu&#8217;el lema de la campa\u00f1a de DOWN ESPA\u00d1A, &#8216;Que nada dix\u00e9brenos&#8217;, f\u00e1igase viral, de [&hellip;]<\/p>\n","protected":false},"author":117,"featured_media":0,"comment_status":"open","ping_status":"open","sticky":false,"template":"","format":"standard","meta":{"footnotes":""},"categories":[6],"tags":[],"class_list":["post-4546","post","type-post","status-publish","format-standard","hentry","category-dia-de"],"_links":{"self":[{"href":"https:\/\/edublog.educastur.es\/ixuxu\/wp-json\/wp\/v2\/posts\/4546","targetHints":{"allow":["GET"]}}],"collection":[{"href":"https:\/\/edublog.educastur.es\/ixuxu\/wp-json\/wp\/v2\/posts"}],"about":[{"href":"https:\/\/edublog.educastur.es\/ixuxu\/wp-json\/wp\/v2\/types\/post"}],"author":[{"embeddable":true,"href":"https:\/\/edublog.educastur.es\/ixuxu\/wp-json\/wp\/v2\/users\/117"}],"replies":[{"embeddable":true,"href":"https:\/\/edublog.educastur.es\/ixuxu\/wp-json\/wp\/v2\/comments?post=4546"}],"version-history":[{"count":6,"href":"https:\/\/edublog.educastur.es\/ixuxu\/wp-json\/wp\/v2\/posts\/4546\/revisions"}],"predecessor-version":[{"id":4559,"href":"https:\/\/edublog.educastur.es\/ixuxu\/wp-json\/wp\/v2\/posts\/4546\/revisions\/4559"}],"wp:attachment":[{"href":"https:\/\/edublog.educastur.es\/ixuxu\/wp-json\/wp\/v2\/media?parent=4546"}],"wp:term":[{"taxonomy":"category","embeddable":true,"href":"https:\/\/edublog.educastur.es\/ixuxu\/wp-json\/wp\/v2\/categories?post=4546"},{"taxonomy":"post_tag","embeddable":true,"href":"https:\/\/edublog.educastur.es\/ixuxu\/wp-json\/wp\/v2\/tags?post=4546"}],"curies":[{"name":"wp","href":"https:\/\/api.w.org\/{rel}","templated":true}]}}