{"id":45510,"date":"2025-04-07T11:40:27","date_gmt":"2025-04-07T09:40:27","guid":{"rendered":"https:\/\/edublog.educastur.es\/ixuxu\/?p=45510"},"modified":"2025-04-08T16:16:00","modified_gmt":"2025-04-08T14:16:00","slug":"nueva-campana-para-incentivar-la-matriculacion-en-llingua-asturiana-y-eonaviego","status":"publish","type":"post","link":"https:\/\/edublog.educastur.es\/ixuxu\/2025\/04\/nueva-campana-para-incentivar-la-matriculacion-en-llingua-asturiana-y-eonaviego\/","title":{"rendered":"Nueva campa\u00f1a para incentivar la matriculaci\u00f3n en llingua asturiana y eonaviego"},"content":{"rendered":"<p style=\"text-align: center\"><a href=\"https:\/\/www.educastur.es\/documents\/34868\/2177107\/2025-04-ast-matriculacion-2025-cartel-ast-1060.jpg\/18e3fee1-7017-7300-dea9-983f679efaa3?t=1743765865681\"><img loading=\"lazy\" decoding=\"async\" class=\"aligncenter \" src=\"https:\/\/www.educastur.es\/documents\/34868\/2177107\/2025-04-ast-matriculacion-2025-cartel-ast-1060.jpg\/18e3fee1-7017-7300-dea9-983f679efaa3?t=1743765865681\" width=\"558\" height=\"789\" \/><\/a><\/p>\n<p>Educaci\u00f3n empecipia una nueva campa\u00f1a para incentivar la matriculaci\u00f3n en llingua asturiana y eonaviego. La iniciativa va desenvolvese en tr\u00e9s fases, coincidiendo colos periodos de solicit\u00fa de plaza y d&#8217;inscripci\u00f3n.\u00a0 El Princip\u00e1u va partir nos centros d&#8217;ense\u00f1anza carteles, folletos, bol\u00edgrafos y marcap\u00e1ginas col calendariu escolar. La primer fase empieza g\u00fcei y va enllargase hasta&#8217;l 11 d&#8217;abril.<\/p>\n<ul>\n<li>Fonte: <a href=\"https:\/\/actualidad.asturias.es\/-\/educaci%C3%B3n-inicia-una-nueva-campa%C3%B1a-para-incentivar-la-matriculaci%C3%B3n-en-lengua-asturiana-y-eonaviego?redirect=%2F\">Actualid\u00e1 Asturies<\/a> \/ <strong> #educallingua \/ <a href=\"https:\/\/www.educastur.es\/-\/campa\u00f1a-matriculacion-asturiano-eonaviego-2025-apuntome?redirect=%2F\">Educastur<\/a> \/\u00a0 <\/strong><a href=\"https:\/\/www.educastur.es\/documents\/34868\/2177033\/2025-04-ast-matriculacion-2025-folletu-ast..pdf\/de1b2d6d-eb3e-20f1-edba-fe5023f88070?t=1743766083681\" target=\"_blank\" rel=\"noopener\">Folletu<\/a> (pdf) \u00a0<a href=\"https:\/\/www.educastur.es\/documents\/34868\/2177033\/2025-04-ast-matriculacion-2025-cartel-ast.pdf\/852b8ca1-043b-2c44-1700-d1ef6382f201?t=1743766781229\" target=\"_blank\" rel=\"noopener\">Cartel<\/a>\u00a0(pdf)<\/li>\n<\/ul>\n<p><!--more--><\/p>\n<p><span style=\"color: #008080\">Conocer les lling\u00fces d\u2019Asturies ye un derechu que tienen tolos alumnos y alumnes de los centros del Princip\u00e1u. Am\u00e1s, conocer el nuestru patrimoniu lling\u00fc\u00edsticu tien munches ventayes pal so desenvolvimientu personal y acad\u00e9micu. Escueyi asturianu nel to centru pal cursu que vien.<\/span><\/p>\n<p style=\"text-align: center\"><span style=\"text-decoration: underline\"><span style=\"color: #008080\"><strong>\u00bfQu\u00e9 m\u2019aporta l\u2019estudiu del asturianu? Mira tolo que dicen:<\/strong><\/span><\/span><\/p>\n<div class=\"portlet-msg-info\">\n<p><span style=\"color: #800080\"><strong>El profesor\u00e1u y les families dicen\u2026<\/strong><\/span><\/p>\n<p><span style=\"color: #008080\">&#8211; Trab\u00e1yense toles destreces lling\u00fc\u00edstiques, complementando al estudiu del castellanu y del ingl\u00e9s.<\/span><br \/>\n<span style=\"color: #008080\">&#8211; Los ne\u00f1os y ne\u00f1es conocen y aprienden a valorar l\u2019entornu natural y social m\u00e1s cercanu, colo que cultiven l\u2019autoestima y la segurid\u00e1 nellos mesmos.<\/span><br \/>\n<span style=\"color: #008080\">&#8211; L\u2019alumn\u00e1u conecta colos saberes de les persones mayores, fomentando\u2019l di\u00e1logu cola familia y la vecind\u00e1.<\/span><br \/>\n<span style=\"color: #008080\">&#8211; El profesor\u00e1u orienta les clases a la comunicaci\u00f3n real usando la metodolox\u00eda dixital m\u00e1s actual.<\/span><br \/>\n<span style=\"color: #008080\">&#8211; Nes clases trab\u00e1yense actividaes basaes na creaci\u00f3n audiovisual, na m\u00fasica, na lliteratura o nel teatru.<\/span><br \/>\n<span style=\"color: #008080\">&#8211;\u00a0L\u2019alumn\u00e1u gana sensibilid\u00e1 pa cola diversid\u00e1 cultural y lling\u00fc\u00edstica, colo que se fomenta la empat\u00eda, la tolerancia y los valores democr\u00e1ticos.<\/span><\/p>\n<\/div>\n<div class=\"portlet-msg-alert\">\n<p><span style=\"color: #800080\"><strong>Los alumnos y les alumnes dicen\u2026<\/strong><\/span><\/p>\n<p><span style=\"color: #008080\">&#8211; Sabiendo asturianu diferencies qu\u00e9 palabres son del castellanu y cu\u00e1les del asturianu.<\/span><br \/>\n<span style=\"color: #008080\">&#8211; Presta sentir na escuela y nel insti palabres tal como se dicen en casa y nel mio pueblu.\u00a0\u00a1Asina nun cuesta gota aprendelo!<\/span><br \/>\n<span style=\"color: #008080\">&#8211; Ye una clase onde toos y toes participamos.<\/span><br \/>\n<span style=\"color: #008080\">&#8211; Facemos debates, teatru, cantamos, trabayamos con aplicaciones dixitales y lleemos llibros mui prestosos.<\/span><br \/>\n<span style=\"color: #008080\">&#8211; Preparamos actuaciones pa los festivales de la escuela y participamos en concursos de cuentos, de carteles, v\u00eddeos, podcasts\u2026<\/span><br \/>\n<span style=\"color: #008080\">&#8211; La clas d\u2019asturianu ense\u00f1\u00f3me que toles lling\u00fces y cultures son importantes y merecen respetu. \u00a1La nuestra tami\u00e9n!<\/span><\/p>\n<\/div>\n<div><\/div>\n<div>\n<p><span style=\"color: #800080\"><strong>Si nun lo di n\u2019a\u00f1os anteriores, \u00bfpueo apuntame pa esti cursu?<\/strong><\/span><\/p>\n<p>S\u00ed, puedes facelo perfectamente. Si disti otra optativa nel cursu anterior, nam\u00e1s a lo primero del cursu, el profesor o profesora va mirar por que teas en condiciones d\u2019aprovechar el cursu. L\u2019asturianu, al ser una llingua ambiental y cercana al castellanu, ye una llingua onde se garra competencia comunicativa mui r\u00e1pido \u00a1y seguro que sabes m\u00e1s asturianu de lo que pienses!<\/p>\n<p>La Conseyer\u00eda d&#8217;Educaci\u00f3n empecipi\u00f3 g\u00fcei una nueva campa\u00f1a para incentivar la matriculaci\u00f3n para&#8217;l pr\u00f3ximu cursu escolar del alumn\u00e1u de Primaria, Secundaria y Bachilleratu en llingua asturiana y eonaviego en centros sosten\u00edos con fondos p\u00fablicos. La iniciativa va desenvolvese en tr\u00e9s fases: antes y mientres el periodu de solicit\u00fa de plaza y cinco d\u00edes antes d&#8217;empezar la inscripci\u00f3n.<\/p>\n<\/div>\n<p>La campa\u00f1a publicitaria, que lleva por lema Ap\u00fantome, <strong>va espublizase en medios impresos, dixitales y nes redes sociales Facebook y Instagram<\/strong>. La conseyer\u00eda pretende de nuevu compaxinar los formatos tradicionales coles canales de comunicaci\u00f3n m\u00e1s utilizaos pola xente nueva.<\/p>\n<p>La promoci\u00f3n va atayar mientres la Selmana Santa y va volver a entamar <strong>nuna segunda folada del 21 al 25 d&#8217;abril<\/strong>. El plazu de presentaci\u00f3n de solicit\u00faes d&#8217;almisi\u00f3n va ser del 21 d&#8217;abril al 6 de mayu.<\/p>\n<p>A lo \u00faltimo,<strong> el tercer ciclu va desenvolvese del 13 al 23 de xunu.<\/strong> Pela so parte<strong>, el periodu de matriculaci\u00f3n va ser del 18 al 25 de xunu pal alumn\u00e1u de Primaria<\/strong>, y del 30 de xunu al 11 de xunetu pa Secundaria y Bachilleratu.<\/p>\n<p>La iniciativa epondera la diversid\u00e1 lling\u00fc\u00edstico y cultural, los beneficios de les lling\u00fces d&#8217;Asturies nes distintes etapes educatives y la so relaci\u00f3n coles se\u00f1es d&#8217;identid\u00e1 aut\u00f3ctones. Tami\u00e9n incl\u00fai un lema afechu al p\u00fablicu oxetivu, que sorraya la ufierta nes ense\u00f1ances obligatories y el Bachilleratu.<\/p>\n<p>La campa\u00f1a dirixir a la comunid\u00e1 educativa y a la ciudadan\u00eda polo xeneral, con un dise\u00f1u visual curiosu, un llinguaxe senciellu fayadizu pa tolos p\u00fablicos y non sexista. Ye moderna, din\u00e1mica y acorde con una socied\u00e1 que favorez la convivencia, la integraci\u00f3n y les tradiciones. Cada acci\u00f3n utiliza la etiqueta<strong> #educallingua.<\/strong><\/p>\n<p>La llingua asturiana ye una materia d&#8217;ufierta obligatoria nes etapes educatives de Primaria, ESO y Bachilleratu, pero que <strong>s&#8217;estudia de forma totalmente voluntaria<\/strong>. L&#8217;alumn\u00e1u comenenciudo puede solicitalo al entamu de cualquier cursu, independientemente de qu&#8217;escoyera otra optativa con anteriorid\u00e1.<\/p>\n<p><strong>Los conten\u00edos de la campa\u00f1a t\u00e1n disponibles nel portal Educastur <\/strong><a href=\"http:\/\/www.educastur.es\/asturianu\/centros\">www.educastur.es\/asturianu\/centros<\/a> , onde figura tami\u00e9n informaci\u00f3n b\u00e1sica sobre estes ense\u00f1ances y les feches de matriculaci\u00f3n.<\/p>\n<p><span style=\"color: #800080\"><strong>Materiales de refuerzu<\/strong><\/span><\/p>\n<p>Per otru llau, la conseyer\u00eda va complementar la campa\u00f1a cola repartida en tolos centros educativos d&#8217;una serie de materiales pa fomentar la matriculaci\u00f3n. La entrega va empezar nos pr\u00f3ximos d\u00edes y va realizase en tr\u00e9s fases.<\/p>\n<p>Primero, van unviase cartelos informativos a los centros d&#8217;ense\u00f1anza. M\u00e1s palantre, van mandase folletos y bol\u00edgrafos a tol alumn\u00e1u escolariz\u00e1u. Y, de cara al periodu de matriculaci\u00f3n, van partise marcap\u00e1xines col calendariu escolar del pr\u00f3ximu cursu.<\/p>\n<p>Esta campa\u00f1a respuende al compromisu de la Conseyer\u00eda d&#8217;Educaci\u00f3n de<strong> promover l&#8217;usu, l&#8217;espardimientu y l&#8217;ense\u00f1anza del asturianu y l&#8217;eonaviego, en cumplimientu de la Llei 1\/1998, de 23 de marzu, lo mesmo que de potenciar la pluralid\u00e1 lling\u00fc\u00edstico y cultural del Princip\u00e1u.<\/strong><\/p>\n<p>La iniciativa coincide, am\u00e1s, con un cursu escolar nel que la materia de Llingua Asturiana y Lliteratura rexistr\u00f3 la cifra m\u00e1s alta d&#8217;alumn\u00e1u de los \u00faltimos a\u00f1os, con una medr\u00eda del 1,2% d&#8217;estudiantes.<\/p>\n","protected":false},"excerpt":{"rendered":"<p>Educaci\u00f3n empecipia una nueva campa\u00f1a para incentivar la matriculaci\u00f3n en llingua asturiana y eonaviego. La iniciativa va desenvolvese en tr\u00e9s fases, coincidiendo colos periodos de solicit\u00fa de plaza y d&#8217;inscripci\u00f3n.\u00a0 El Princip\u00e1u va partir nos centros d&#8217;ense\u00f1anza carteles, folletos, bol\u00edgrafos y marcap\u00e1ginas col calendariu escolar. La primer fase empieza g\u00fcei y va enllargase hasta&#8217;l 11 [&hellip;]<\/p>\n","protected":false},"author":117,"featured_media":0,"comment_status":"open","ping_status":"open","sticky":false,"template":"","format":"standard","meta":{"footnotes":""},"categories":[44,11,393],"tags":[],"class_list":["post-45510","post","type-post","status-publish","format-standard","hentry","category-asturianu","category-campanes","category-eonaviego"],"_links":{"self":[{"href":"https:\/\/edublog.educastur.es\/ixuxu\/wp-json\/wp\/v2\/posts\/45510","targetHints":{"allow":["GET"]}}],"collection":[{"href":"https:\/\/edublog.educastur.es\/ixuxu\/wp-json\/wp\/v2\/posts"}],"about":[{"href":"https:\/\/edublog.educastur.es\/ixuxu\/wp-json\/wp\/v2\/types\/post"}],"author":[{"embeddable":true,"href":"https:\/\/edublog.educastur.es\/ixuxu\/wp-json\/wp\/v2\/users\/117"}],"replies":[{"embeddable":true,"href":"https:\/\/edublog.educastur.es\/ixuxu\/wp-json\/wp\/v2\/comments?post=45510"}],"version-history":[{"count":5,"href":"https:\/\/edublog.educastur.es\/ixuxu\/wp-json\/wp\/v2\/posts\/45510\/revisions"}],"predecessor-version":[{"id":45655,"href":"https:\/\/edublog.educastur.es\/ixuxu\/wp-json\/wp\/v2\/posts\/45510\/revisions\/45655"}],"wp:attachment":[{"href":"https:\/\/edublog.educastur.es\/ixuxu\/wp-json\/wp\/v2\/media?parent=45510"}],"wp:term":[{"taxonomy":"category","embeddable":true,"href":"https:\/\/edublog.educastur.es\/ixuxu\/wp-json\/wp\/v2\/categories?post=45510"},{"taxonomy":"post_tag","embeddable":true,"href":"https:\/\/edublog.educastur.es\/ixuxu\/wp-json\/wp\/v2\/tags?post=45510"}],"curies":[{"name":"wp","href":"https:\/\/api.w.org\/{rel}","templated":true}]}}