{"id":45519,"date":"2025-04-07T09:01:33","date_gmt":"2025-04-07T07:01:33","guid":{"rendered":"https:\/\/edublog.educastur.es\/ixuxu\/?p=45519"},"modified":"2025-04-09T13:36:18","modified_gmt":"2025-04-09T11:36:18","slug":"l-dia-mundial-de-la-salu","status":"publish","type":"post","link":"https:\/\/edublog.educastur.es\/ixuxu\/2025\/04\/l-dia-mundial-de-la-salu\/","title":{"rendered":"D\u00eda Mundial de la Sal\u00fa y 77 aniversariu de la OMS"},"content":{"rendered":"<p style=\"text-align: center\"><span style=\"text-decoration: underline;font-size: 24px\"><em><span style=\"color: #008080\"><strong>Empiezos saludables, futuros esperanzadores<\/strong><\/span><\/em><\/span><\/p>\n<p style=\"text-align: center\"><a href=\"https:\/\/cdn.who.int\/media\/images\/default-source\/headquarters\/campaigns\/world-health-day\/2025\/whd-main-feature.tmb-1200v.jpg\"><img loading=\"lazy\" decoding=\"async\" class=\"aligncenter size-large\" src=\"https:\/\/cdn.who.int\/media\/images\/default-source\/headquarters\/campaigns\/world-health-day\/2025\/whd-main-feature.tmb-1200v.jpg\" width=\"1200\" height=\"675\" \/><\/a><\/p>\n<p>E<strong>l D\u00eda Mundial de la Sal\u00fa<\/strong> cel\u00e9brase&#8217;l 7 d&#8217;abril de cada a\u00f1u en comemoraci\u00f3n del aniversariu de la fundaci\u00f3n de la OMS en 1948. Precisamente angua\u00f1o ye m\u00e1s especial porque <strong><span style=\"color: #008080\">se celebra&#8217;l 77 aniversariu de la OMS<\/span>.<\/strong>\u00a0 Nesti d\u00eda arraca<strong> una campa\u00f1a d&#8217;un a\u00f1u de duraci\u00f3n sobro la sal\u00fa de la madre y el naciellu.<\/strong><\/p>\n<p style=\"text-align: center\"><a href=\"https:\/\/elperiodico.hn\/wp-content\/uploads\/2020\/12\/oms-logo-png.png\"><img loading=\"lazy\" decoding=\"async\" class=\"aligncenter \" src=\"https:\/\/elperiodico.hn\/wp-content\/uploads\/2020\/12\/oms-logo-png.png\" width=\"473\" height=\"241\" \/><\/a><\/p>\n<p>Fonte: <a href=\"https:\/\/www.who.int\/campaigns\/world-health-day\/2025\"><strong>ONU<\/strong> <\/a>\/ <span style=\"color: #008080\"><a style=\"color: #008080\" href=\"https:\/\/www.who.int\/es\">Organizaci\u00f3n Mundial de la Sal\u00fa: OMS<\/a><\/span> \/<\/p>\n<p><!--more--><\/p>\n<p>Na campa\u00f1a, titulada <span style=\"text-decoration: underline\"><em><span style=\"color: #008080\"><strong>Empiezos saludables, futuros esperanzadores<\/strong><\/span><\/em><\/span>, va encamentar a los gobiernos y a la comunid\u00e1 de la sal\u00fa a intensificar los esfuerzos pa poner fin a les muertes prevenibles de madres y naciellos, y a dar priorid\u00e1 a la sal\u00fa y el bienestar de les muyeres al llargu plazu.<\/p>\n<p><strong>Ayudar a que toles muyeres y naciellos sobrevivan y espolleten. <\/strong>Esta xera ye fundamental. Seg\u00fan les estimaciones actuales, cada a\u00f1u pierden la vida tr\u00e1xicamente unes 300 000 muyeres mientres l&#8217;embaranzu o&#8217;l partu, m\u00e1s de dos millones de naciellos finen nel so primer mes de vida y alredor de dos millones m\u00e1s nacen muertos. Estes cifres equivalen aprosimao a una muerte prevenible cada siete segundos.<\/p>\n<p><strong>Escuchar a les muyeres y sofitar a les families. <\/strong>Les muyeres y les families, uquier que tean, precisen una atenci\u00f3n d&#8217;alta calid\u00e1 que les sofite f\u00edsica y emocionalmente, antes, mientres y dempu\u00e9s del partu. Los sistemes de sal\u00fa tienen d&#8217;evolucionar pa xestionar los numberosos problemes de sal\u00fa qu&#8217;inciden na sal\u00fa de la madre y el naciellu. Nun se trata solamente d&#8217;entueyos obst\u00e9tricas directes, tami\u00e9n s&#8217;incl\u00fain les afecciones de sal\u00fa mental, les enfermedaes non transmisibles y la planificaci\u00f3n familiar.<\/p>\n<p>Am\u00e1s, les muyeres y les families tendr\u00eden de tener el sofitu de lleis y pol\u00edtiques que salvaguarden la so sal\u00fa y los sos derechos.<\/p>\n<p><em><strong>Oxetivos de la campa\u00f1a.<\/strong>\u00a0 <\/em><\/p>\n<ul>\n<li><em>Sensibilizar sobre los defectos na supervivencia materna y neonatal y sobre la necesid\u00e1 de dar priorid\u00e1 al bienestar de les muyeres al llargu plazu.<\/em><\/li>\n<li><em>Abogar por inversiones efectives qu&#8217;ameyoren la sal\u00fa de les muyeres y los naciellos.\u202f<\/em><\/li>\n<li><em>Afalar l&#8217;acci\u00f3n colectiva pa sofitar a los proxenitores, seg\u00fan a los profesionales de la sal\u00fa qu&#8217;ufierten curiaos cruciales.<\/em><\/li>\n<li><em>Apurrir informaci\u00f3n \u00fatil en materia de sal\u00fa sobre l&#8217;embaranzu, el partu y el periodu postnatal.<\/em><\/li>\n<\/ul>\n<p>Foi nel a\u00f1u 1948 cuando los pa\u00edses del mundu axunt\u00e1ronse para celebrar la Primer Asamblea Mundial de la Sal\u00fa. A partir d&#8217;esi momentu propunxo la celebraci\u00f3n d&#8217;un D\u00eda Mundial de la Sal\u00fa como alcordanza de la fundaci\u00f3n de la OMS. Y dende 1950, cada 7 d&#8217;abril escu\u00e9yese una tem\u00e1tica prioritaria de sal\u00fa para destacar.<\/p>\n<p>La OMS lleva m\u00e1s de siete d\u00e9cades tratando d&#8217;ameyorar la calid\u00e1 de vida de la poblaci\u00f3n. Les campa\u00f1es que promueve cada a\u00f1u mientres esti d\u00eda intenten motivar l&#8217;acci\u00f3n para llantar cara a los retos sanitarios de g\u00fcei y de ma\u00f1ana. Pretenden crear conciencia sobro les enfermedaes que nos arrodien y la necesid\u00e1 de llevar una vida sana pero, sobremanera, garantizar l&#8217;accesu universal y equitativo a la sanid\u00e1.<\/p>\n<p style=\"text-align: center\"><a href=\"https:\/\/img.freepik.com\/vector-premium\/diseno-vectorial-herramientas-medicas-salud-mundial_1156881-389.jpg\"><img loading=\"lazy\" decoding=\"async\" class=\"aligncenter size-large\" src=\"https:\/\/img.freepik.com\/vector-premium\/diseno-vectorial-herramientas-medicas-salud-mundial_1156881-389.jpg\" width=\"626\" height=\"626\" \/><\/a><\/p>\n<p>&nbsp;<\/p>\n","protected":false},"excerpt":{"rendered":"<p>Empiezos saludables, futuros esperanzadores El D\u00eda Mundial de la Sal\u00fa cel\u00e9brase&#8217;l 7 d&#8217;abril de cada a\u00f1u en comemoraci\u00f3n del aniversariu de la fundaci\u00f3n de la OMS en 1948. Precisamente angua\u00f1o ye m\u00e1s especial porque se celebra&#8217;l 77 aniversariu de la OMS.\u00a0 Nesti d\u00eda arraca una campa\u00f1a d&#8217;un a\u00f1u de duraci\u00f3n sobro la sal\u00fa de la [&hellip;]<\/p>\n","protected":false},"author":117,"featured_media":0,"comment_status":"open","ping_status":"open","sticky":false,"template":"","format":"standard","meta":{"footnotes":""},"categories":[6,48],"tags":[],"class_list":["post-45519","post","type-post","status-publish","format-standard","hentry","category-dia-de","category-salu"],"_links":{"self":[{"href":"https:\/\/edublog.educastur.es\/ixuxu\/wp-json\/wp\/v2\/posts\/45519","targetHints":{"allow":["GET"]}}],"collection":[{"href":"https:\/\/edublog.educastur.es\/ixuxu\/wp-json\/wp\/v2\/posts"}],"about":[{"href":"https:\/\/edublog.educastur.es\/ixuxu\/wp-json\/wp\/v2\/types\/post"}],"author":[{"embeddable":true,"href":"https:\/\/edublog.educastur.es\/ixuxu\/wp-json\/wp\/v2\/users\/117"}],"replies":[{"embeddable":true,"href":"https:\/\/edublog.educastur.es\/ixuxu\/wp-json\/wp\/v2\/comments?post=45519"}],"version-history":[{"count":13,"href":"https:\/\/edublog.educastur.es\/ixuxu\/wp-json\/wp\/v2\/posts\/45519\/revisions"}],"predecessor-version":[{"id":45703,"href":"https:\/\/edublog.educastur.es\/ixuxu\/wp-json\/wp\/v2\/posts\/45519\/revisions\/45703"}],"wp:attachment":[{"href":"https:\/\/edublog.educastur.es\/ixuxu\/wp-json\/wp\/v2\/media?parent=45519"}],"wp:term":[{"taxonomy":"category","embeddable":true,"href":"https:\/\/edublog.educastur.es\/ixuxu\/wp-json\/wp\/v2\/categories?post=45519"},{"taxonomy":"post_tag","embeddable":true,"href":"https:\/\/edublog.educastur.es\/ixuxu\/wp-json\/wp\/v2\/tags?post=45519"}],"curies":[{"name":"wp","href":"https:\/\/api.w.org\/{rel}","templated":true}]}}