{"id":45543,"date":"2025-04-07T11:50:01","date_gmt":"2025-04-07T09:50:01","guid":{"rendered":"https:\/\/edublog.educastur.es\/ixuxu\/?p=45543"},"modified":"2025-04-08T12:41:58","modified_gmt":"2025-04-08T10:41:58","slug":"recordamos-esta-fantastica-campana","status":"publish","type":"post","link":"https:\/\/edublog.educastur.es\/ixuxu\/2025\/04\/recordamos-esta-fantastica-campana\/","title":{"rendered":"Recordamos esta fant\u00e1stica campa\u00f1a sobro&#8217;l sidre"},"content":{"rendered":"<ul>\n<li class=\"page-h1 container\"><a href=\"https:\/\/politicallinguistica.asturias.es\/-\/el-princip-c3-a1u-promociona-l-vocabulariu-sidreru-al-travi-c3-a9s-de-la-campa-c3-b1a-c2-abla-sidra-como-siempre-se-dixo-c2-bb?p_l_back_url=%2Fresultados%3Fredirect%3D%252F%26fbclid%3DIwY2xjawJgfexleHRuA2FlbQIxMAABHl2978EuTmVacp7sO2hnC0Ta1ANys1k7G6pOYV9oQHz3sA7eoHhatk5iEKgs_aem_u2ef3aXQRBxVLwnLTkYh1w%26q%3Dsidra\"><span class=\"titulo\">El Princip\u00e1u promociona\u2019l vocabulariu sidreru al travi\u00e9s de la campa\u00f1a \u00abLa sidra, como siempre se dixo\u00bb<\/span><\/a><\/li>\n<\/ul>\n<p style=\"text-align: center\"><a href=\"https:\/\/politicallinguistica.asturias.es\/documents\/71052\/137420\/Cartel+campa%C3%B1a+cultura+sidrera.jpg\/e4fb27d0-7d2c-8740-b3f9-bea7e2151400?t=1649227844956\"><img loading=\"lazy\" decoding=\"async\" class=\"aligncenter \" src=\"https:\/\/politicallinguistica.asturias.es\/documents\/71052\/137420\/Cartel+campa%C3%B1a+cultura+sidrera.jpg\/e4fb27d0-7d2c-8740-b3f9-bea7e2151400?t=1649227844956\" width=\"487\" height=\"695\" \/><\/a><\/p>\n<p>Equ\u00ed pues descargar los materiales de la campa\u00f1a:\u00a0&#8211;<a href=\"https:\/\/politicallinguistica.asturias.es\/documents\/35940\/137501\/Cartel+campa%C3%B1a+cultura+sidrera.pdf\/7ed4bd8c-62b5-1d58-6e67-8fecbb31b3b2?t=1649312872435\" target=\"_blank\" rel=\"noopener\">Cartel La sidra, como siempre se dixo<\/a>. \/\u00a0&#8211;<a href=\"https:\/\/politicallinguistica.asturias.es\/documents\/35940\/137501\/Dipticu+%28asturianu%29.pdf\/7b756d2f-0531-d713-71f9-d601185b222a?t=1649312891901\" target=\"_blank\" rel=\"noopener\">Folletu en llingua asturiana<\/a>. \/\u00a0&#8211;<a href=\"https:\/\/politicallinguistica.asturias.es\/documents\/35940\/137501\/Diptico+%28gallego-asturiano%29.pdf\/88cdc765-67d4-d932-792d-c3f9602b29f8?t=1649312907574\" target=\"_blank\" rel=\"noopener\">Folletu n&#8217;eonaviegu<\/a>. \/-<a href=\"https:\/\/politicallinguistica.asturias.es\/documents\/35940\/137501\/SPOT+SIDRA.mp4\/2298fbfe-e403-640c-bc64-2ced461c14c1?t=1649312923331\" target=\"_blank\" rel=\"noopener\">Spot de la campa\u00f1a<\/a>.<\/p>\n<p><!--more--><\/p>\n<p style=\"text-align: center\"><a href=\"https:\/\/politicallinguistica.asturias.es\/documents\/71052\/137420\/Dipticu+%28asturianu%29+interior.jpg\/21f77ad4-da51-a127-458c-046303b89460?t=1649227845005\"><img loading=\"lazy\" decoding=\"async\" class=\"aligncenter size-large\" src=\"https:\/\/politicallinguistica.asturias.es\/documents\/71052\/137420\/Dipticu+%28asturianu%29+interior.jpg\/21f77ad4-da51-a127-458c-046303b89460?t=1649227845005\" width=\"1755\" height=\"1241\" \/><\/a><\/p>\n<p>La conseyera de Cultura, Pol\u00edtica Lling\u00fc\u00edstica y Turismu, Berta Pi\u00f1\u00e1n, y el director de Pol\u00edtica Lling\u00fc\u00edstica, Ant\u00f3n Garc\u00eda, presentaron\u00a0nel Mus\u00e9u de la Sidra de Nava la campa\u00f1a\u00a0<em>La sidra, como siempre se dixo<\/em>, una iniciativa que quier dar a conocer ente la ciudadan\u00eda&#8217;l vocabulariu especificu vincul\u00e1u a la cultura sidrera, caracteriz\u00e1u por t\u00e9rminos inequ\u00edvocamente asturianos.<\/p>\n<p>Esta campa\u00f1a ye una de les acciones de promoci\u00f3n y defensa de la cultura sidrera, que la so candidatura a ser Patrimoniu Inmaterial de la Unesco impuls\u00f3la&#8217;l Gobiernu del Princip\u00e1u con un sofitu social ampliu. Precisamente, el vocabulariu espec\u00edficu pa llamar a cada elementu del procesu d&#8217;ellaboraci\u00f3n y consumu de la sidra ye una parte fundamental de la so identid\u00e1 y da-y orixinalid\u00e1 y especificid\u00e1.<\/p>\n<p>La imaxe central de la campa\u00f1a sup\u00f3n un homenaxe del dibuxante Ernesto Garc\u00eda del Castillo,\u00a0<em>Neto<\/em>, al popular cartel\u00a0<em>\u00bfQu\u00e9 tien la sidra?<\/em>, realiz\u00e1u va m\u00e1s de 40 a\u00f1os por El\u00edas Antonio Garrido Barrientos (1933-2019), conoc\u00edu como Garrido. El recuerdu consiste na actualizaci\u00f3n d&#8217;aquella ilustraci\u00f3n tan popular, incorporando la realid\u00e1 social asturiana de g\u00fcei, ensin perder la esencia, la tradici\u00f3n y l&#8217;humor qu&#8217;us\u00f3 Garrido pa representar la cultura sidrera.<\/p>\n<p>Los personaxes del cartel faen comentarios al respective de la sidra que t\u00e1n bebiendo y pa eso usen delles de les munches espresiones tradicionales qu&#8217;existen n&#8217;asturianu pa valorar la nuestra bebida m\u00e1s identificativo: \u00abTa de bandera\u00bb, \u00abFai bon vasu\u00bb, \u00abPue bebese\u00bb, \u00abTa cantarino\u00bb, \u00abRasca nel garg\u00fcelu\u00bb, etc.<\/p>\n<p>La Conseyer\u00eda de Cultura, Pol\u00edtica Lling\u00fc\u00edstica y Turismu va repartir ente les sidrer\u00edes el cartel nuevu, am\u00e1s d&#8217;un folletu relativu al vocabulariu sidreru. Ta previsto distribuyir 60.000 d\u00edpticos y 2.000 carteles per tol territoriu, am\u00e1s d\u2019una versi\u00f3n del folletu n&#8217;eonaviegu pa repartir nel estremu occidental.<\/p>\n<p>&nbsp;<\/p>\n","protected":false},"excerpt":{"rendered":"<p>El Princip\u00e1u promociona\u2019l vocabulariu sidreru al travi\u00e9s de la campa\u00f1a \u00abLa sidra, como siempre se dixo\u00bb Equ\u00ed pues descargar los materiales de la campa\u00f1a:\u00a0&#8211;Cartel La sidra, como siempre se dixo. \/\u00a0&#8211;Folletu en llingua asturiana. \/\u00a0&#8211;Folletu n&#8217;eonaviegu. \/-Spot de la campa\u00f1a.<\/p>\n","protected":false},"author":117,"featured_media":0,"comment_status":"open","ping_status":"open","sticky":false,"template":"","format":"standard","meta":{"footnotes":""},"categories":[1],"tags":[],"class_list":["post-45543","post","type-post","status-publish","format-standard","hentry","category-sin-categoria"],"_links":{"self":[{"href":"https:\/\/edublog.educastur.es\/ixuxu\/wp-json\/wp\/v2\/posts\/45543","targetHints":{"allow":["GET"]}}],"collection":[{"href":"https:\/\/edublog.educastur.es\/ixuxu\/wp-json\/wp\/v2\/posts"}],"about":[{"href":"https:\/\/edublog.educastur.es\/ixuxu\/wp-json\/wp\/v2\/types\/post"}],"author":[{"embeddable":true,"href":"https:\/\/edublog.educastur.es\/ixuxu\/wp-json\/wp\/v2\/users\/117"}],"replies":[{"embeddable":true,"href":"https:\/\/edublog.educastur.es\/ixuxu\/wp-json\/wp\/v2\/comments?post=45543"}],"version-history":[{"count":5,"href":"https:\/\/edublog.educastur.es\/ixuxu\/wp-json\/wp\/v2\/posts\/45543\/revisions"}],"predecessor-version":[{"id":45617,"href":"https:\/\/edublog.educastur.es\/ixuxu\/wp-json\/wp\/v2\/posts\/45543\/revisions\/45617"}],"wp:attachment":[{"href":"https:\/\/edublog.educastur.es\/ixuxu\/wp-json\/wp\/v2\/media?parent=45543"}],"wp:term":[{"taxonomy":"category","embeddable":true,"href":"https:\/\/edublog.educastur.es\/ixuxu\/wp-json\/wp\/v2\/categories?post=45543"},{"taxonomy":"post_tag","embeddable":true,"href":"https:\/\/edublog.educastur.es\/ixuxu\/wp-json\/wp\/v2\/tags?post=45543"}],"curies":[{"name":"wp","href":"https:\/\/api.w.org\/{rel}","templated":true}]}}