{"id":45671,"date":"2025-04-09T11:44:21","date_gmt":"2025-04-09T09:44:21","guid":{"rendered":"https:\/\/edublog.educastur.es\/ixuxu\/?p=45671"},"modified":"2025-04-09T13:37:14","modified_gmt":"2025-04-09T11:37:14","slug":"grupu-de-conversacion-nasturianu","status":"publish","type":"post","link":"https:\/\/edublog.educastur.es\/ixuxu\/2025\/04\/grupu-de-conversacion-nasturianu\/","title":{"rendered":"Grupu de conversaci\u00f3n n&#8217;asturianu"},"content":{"rendered":"<div class=\"html-div xdj266r xat24cr x1mh8g0r xexx8yu x4uap5 x18d9i69 xkhd6sd x78zum5 x2lah0s xqtp20y x1emribx\">\n<div class=\"xc9qbxq x14qfxbe x6s0dn4 x78zum5 xl56j7k\">\n<div style=\"text-align: center\"><img loading=\"lazy\" decoding=\"async\" class=\"aligncenter \" src=\"https:\/\/iniciativapolasturianu.org\/wp-content\/uploads\/2025\/02\/Cartelu.jpg\" width=\"374\" height=\"578\" \/><\/div>\n<\/div>\n<\/div>\n<div class=\"x78zum5 xdt5ytf xz62fqu x16ldp7u\">\n<div class=\"xu06os2 x1ok221b\">\n<div class=\"html-div xdj266r x11i5rnm xat24cr x1mh8g0r xexx8yu x4uap5 x18d9i69 xkhd6sd\" data-ad-rendering-role=\"profile_name\">\n<ul>\n<li class=\"html-h3 x11i5rnm xat24cr x1mh8g0r xexx8yu x4uap5 x18d9i69 xkhd6sd x1vvkbs x1heor9g x1qlqyl8 x1pd3egz x1a2a7pz x1gslohp x1yc453h\"><span class=\"x1lliihq x6ikm8r x10wlt62 x1n2onr6\"><span class=\"xt0psk2\"><span class=\"xjp7ctv\"><a class=\"x1i10hfl xjbqb8w x1ejq31n xd10rxx x1sy0etr x17r0tee x972fbf xcfux6l x1qhh985 xm0m39n x9f619 x1ypdohk xt0psk2 xe8uvvx xdj266r x11i5rnm xat24cr x1mh8g0r xexx8yu x4uap5 x18d9i69 xkhd6sd x16tdsg8 x1hl2dhg xggy1nq x1a2a7pz xkrqix3 x1sur9pj xzsf02u x1s688f\" role=\"link\" href=\"https:\/\/www.facebook.com\/iniciativapolasturianu?__cft__[0]=AZWlF83bFVKOLxYUNfdyf2nt0r3_cXJgfqO2kyJEgPp88jwCY4pTLVZMRV98of5jd8MmL1kcwJSxXsUDVb_dhVpNgJYcQRdZUL7nwCEHwenGG2Fxtjs0jtkZFmnXhFm_D7fp3JaHv1DhLXNTKhOZzj-R96ELQ2JnTCsYSrgTpKArcOFxV1PnHbWLMqHWRulvvvoyaKTyRqxywUFkQSSPTtYa&amp;__tn__=-UC%2CP-y-R\"><strong class=\"html-strong xdj266r x11i5rnm xat24cr x1mh8g0r xexx8yu x4uap5 x18d9i69 xkhd6sd x1hl2dhg x16tdsg8 x1vvkbs x1s688f\"><span class=\"html-span xdj266r x11i5rnm xat24cr x1mh8g0r xexx8yu x4uap5 x18d9i69 xkhd6sd x1hl2dhg x16tdsg8 x1vvkbs\">Iniciativa pol Asturianu<\/span><\/strong><\/a><\/span><\/span><\/span>\/ <a href=\"https:\/\/scontent-mad2-1.xx.fbcdn.net\/v\/t39.30808-6\/490415028_1067624245412181_2839578686812454102_n.jpg?_nc_cat=100&amp;ccb=1-7&amp;_nc_sid=833d8c&amp;_nc_ohc=rL69lWTAcugQ7kNvwFgdS4J&amp;_nc_oc=Adl_5BRjk3q10YzsD389ppEXzFaArkYnPiRYawmoB7HYfwaYDcY4cWeIVBNmxNl2-YA&amp;_nc_zt=23&amp;_nc_ht=scontent-mad2-1.xx&amp;_nc_gid=mi3XSQORBMXcQR9OFqxsAA&amp;oh=00_AfElsHLZMb3tNt2AVI6AzDQFWsXRg2vhw0uc2LFD086dvQ&amp;oe=67FC2DE2\">imaxe<\/a><\/li>\n<\/ul>\n<\/div>\n<\/div>\n<\/div>\n<div class=\"html-div xdj266r x11i5rnm xat24cr x1mh8g0r xexx8yu x4uap5 x18d9i69 xkhd6sd\" dir=\"auto\">\n<div class=\"html-div xdj266r x11i5rnm xat24cr x1mh8g0r xexx8yu x4uap5 x18d9i69 xkhd6sd\" dir=\"auto\">\n<div class=\"html-div xdj266r x11i5rnm xat24cr x1mh8g0r xexx8yu x4uap5 x18d9i69 xkhd6sd\" data-ad-rendering-role=\"story_message\">\n<div class=\"x1l90r2v x1iorvi4 x1ye3gou xn6708d\" data-ad-comet-preview=\"message\" data-ad-preview=\"message\">\n<div class=\"x78zum5 xdt5ytf xz62fqu x16ldp7u\">\n<div class=\"xu06os2 x1ok221b\">\n<div class=\"xdj266r x11i5rnm xat24cr x1mh8g0r x1vvkbs x126k92a\">\n<div dir=\"auto\"><span class=\"html-span xexx8yu x4uap5 x18d9i69 xkhd6sd x1hl2dhg x16tdsg8 x1vvkbs x3nfvp2 x1j61x8r x1fcty0u xdj266r xat24cr xgzva0m xhhsvwb xxymvpz xlup9mm x1kky2od\"><img loading=\"lazy\" decoding=\"async\" class=\"xz74otr x168nmei x13lgxp2 x5pf9jr xo71vjh\" src=\"https:\/\/static.xx.fbcdn.net\/images\/emoji.php\/v9\/tfb\/1\/16\/1f5e3.png\" alt=\"\ud83d\udde3\ufe0f\" width=\"16\" height=\"16\" \/><\/span> Depu\u00e9s del par\u00f3n pol <span class=\"html-span xdj266r x11i5rnm xat24cr x1mh8g0r xexx8yu x4uap5 x18d9i69 xkhd6sd x1hl2dhg x16tdsg8 x1vvkbs\"><a class=\"x1i10hfl xjbqb8w x1ejq31n xd10rxx x1sy0etr x17r0tee x972fbf xcfux6l x1qhh985 xm0m39n x9f619 x1ypdohk xt0psk2 xe8uvvx xdj266r x11i5rnm xat24cr x1mh8g0r xexx8yu x4uap5 x18d9i69 xkhd6sd x16tdsg8 x1hl2dhg xggy1nq x1a2a7pz xkrqix3 x1sur9pj x1fey0fg x1s688f\" role=\"link\" href=\"https:\/\/www.facebook.com\/hashtag\/seminariuoficialid%C3%A1?__eep__=6&amp;__cft__[0]=AZWlF83bFVKOLxYUNfdyf2nt0r3_cXJgfqO2kyJEgPp88jwCY4pTLVZMRV98of5jd8MmL1kcwJSxXsUDVb_dhVpNgJYcQRdZUL7nwCEHwenGG2Fxtjs0jtkZFmnXhFm_D7fp3JaHv1DhLXNTKhOZzj-R96ELQ2JnTCsYSrgTpKArcOFxV1PnHbWLMqHWRulvvvoyaKTyRqxywUFkQSSPTtYa&amp;__tn__=*NK-y-R\">#SeminariuOficialid\u00e1<\/a><\/span> volvemos a retomar el grupu de conversaci\u00f3n n\u2019<span class=\"html-span xdj266r x11i5rnm xat24cr x1mh8g0r xexx8yu x4uap5 x18d9i69 xkhd6sd x1hl2dhg x16tdsg8 x1vvkbs\"><a class=\"x1i10hfl xjbqb8w x1ejq31n xd10rxx x1sy0etr x17r0tee x972fbf xcfux6l x1qhh985 xm0m39n x9f619 x1ypdohk xt0psk2 xe8uvvx xdj266r x11i5rnm xat24cr x1mh8g0r xexx8yu x4uap5 x18d9i69 xkhd6sd x16tdsg8 x1hl2dhg xggy1nq x1a2a7pz xkrqix3 x1sur9pj x1fey0fg x1s688f\" role=\"link\" href=\"https:\/\/www.facebook.com\/hashtag\/asturianu?__eep__=6&amp;__cft__[0]=AZWlF83bFVKOLxYUNfdyf2nt0r3_cXJgfqO2kyJEgPp88jwCY4pTLVZMRV98of5jd8MmL1kcwJSxXsUDVb_dhVpNgJYcQRdZUL7nwCEHwenGG2Fxtjs0jtkZFmnXhFm_D7fp3JaHv1DhLXNTKhOZzj-R96ELQ2JnTCsYSrgTpKArcOFxV1PnHbWLMqHWRulvvvoyaKTyRqxywUFkQSSPTtYa&amp;__tn__=*NK-y-R\">#asturianu<\/a><\/span>, gracies a la collaboraci\u00f3n del Conseyu de la Moced\u00e1 de Xix\u00f3n. La cita va repetise tolos s\u00e1bados a les diez de la ma\u00f1ana de manera telem\u00e1tica, al travi\u00e9s de la plataforma Zoom. Pa facilitar el trabayu pa la organizaci\u00f3n y la comunicaci\u00f3n, les persones interesaes han <a href=\"https:\/\/docs.google.com\/forms\/d\/1tyYRpxm5eIKELvcxQA5jJCe8fce6ocvoCYtS5oawJd4\/\">rellenar esti formulariu<\/a>.<\/div>\n<div dir=\"auto\">\n<p dir=\"ltr\"><!--more-->Iniciativa pol Asturianu agradez fonderamente la predisposici\u00f3n, collaboraci\u00f3n y militancia de toles persones que faen posible recuperar esta activid\u00e1.<\/p>\n<\/div>\n<\/div>\n<div dir=\"auto\">Con esta convocatoria<strong> pret\u00e9ndese abrir un espaciu pa toles persones que necesiten d\u2019un espaciu informal, relax\u00e1u y seguru onde quitar el mieu a falar n\u2019asturianu en p\u00fablicu<\/strong> y nel que nun importa\u2019l nivel d\u2019usu o conocencia del idioma.<\/div>\n<div dir=\"auto\"><\/div>\n<div dir=\"auto\">Los grupos informales de conversaci\u00f3n son una iniciativa del CMX col env\u00eds de que la xente pierda\u2019l mieu a falar n\u2019otros idiomes como\u2019l franc\u00e9s, l\u2019ingl\u00e9s y l\u2019alem\u00e1n.<\/div>\n<div dir=\"auto\"><\/div>\n<div dir=\"auto\">Resulta, ent\u00f3s, perinteresante usar estos espacios como sitios seguros onde l\u2019asturianu medre ensin tar estigmatiz\u00e1u, p\u2019amosar que se pue falar n\u2019asturianu en toles situaciones sociales, seya cola familia, na cai, nel supermerc\u00e1u o colos collacios.<\/div>\n<div dir=\"auto\">\n<div><\/div>\n<div class=\"\">\n<!-- iframe plugin v.6.0 wordpress.org\/plugins\/iframe\/ -->\n<iframe loading=\"lazy\" src=\"https:\/\/www.facebook.com\/plugins\/post.php?href=https%3A%2F%2Fwww.facebook.com%2Finiciativapolasturianu%2Fposts%2Fpfbid0PygpA4STUajm6FUoxVEkKrwRDERWTtTbMuVW5MXpaEZQgwfjsF1CPyQpNDyTJYuvl&#038;show_text=false&#038;width=500\" width=\"500\" height=\"281\" style=\"border:none;overflow:hidden\" scrolling=\"no\" frameborder=\"0\" allowfullscreen=\"true\" allow=\"autoplay; clipboard-write; encrypted-media; picture-in-picture; web-share\" 0=\"\/iframe\" class=\"iframe-class\"><\/iframe>\n<\/div>\n<\/div>\n<\/div>\n<\/div>\n<\/div>\n<\/div>\n<\/div>\n<\/div>\n<p>&nbsp;<\/p>\n","protected":false},"excerpt":{"rendered":"<p>Iniciativa pol Asturianu\/ imaxe Depu\u00e9s del par\u00f3n pol #SeminariuOficialid\u00e1 volvemos a retomar el grupu de conversaci\u00f3n n\u2019#asturianu, gracies a la collaboraci\u00f3n del Conseyu de la Moced\u00e1 de Xix\u00f3n. La cita va repetise tolos s\u00e1bados a les diez de la ma\u00f1ana de manera telem\u00e1tica, al travi\u00e9s de la plataforma Zoom. Pa facilitar el trabayu pa la [&hellip;]<\/p>\n","protected":false},"author":117,"featured_media":0,"comment_status":"open","ping_status":"open","sticky":false,"template":"","format":"standard","meta":{"footnotes":""},"categories":[47],"tags":[],"class_list":["post-45671","post","type-post","status-publish","format-standard","hentry","category-iniciativa-pol-asturianu"],"_links":{"self":[{"href":"https:\/\/edublog.educastur.es\/ixuxu\/wp-json\/wp\/v2\/posts\/45671","targetHints":{"allow":["GET"]}}],"collection":[{"href":"https:\/\/edublog.educastur.es\/ixuxu\/wp-json\/wp\/v2\/posts"}],"about":[{"href":"https:\/\/edublog.educastur.es\/ixuxu\/wp-json\/wp\/v2\/types\/post"}],"author":[{"embeddable":true,"href":"https:\/\/edublog.educastur.es\/ixuxu\/wp-json\/wp\/v2\/users\/117"}],"replies":[{"embeddable":true,"href":"https:\/\/edublog.educastur.es\/ixuxu\/wp-json\/wp\/v2\/comments?post=45671"}],"version-history":[{"count":5,"href":"https:\/\/edublog.educastur.es\/ixuxu\/wp-json\/wp\/v2\/posts\/45671\/revisions"}],"predecessor-version":[{"id":45704,"href":"https:\/\/edublog.educastur.es\/ixuxu\/wp-json\/wp\/v2\/posts\/45671\/revisions\/45704"}],"wp:attachment":[{"href":"https:\/\/edublog.educastur.es\/ixuxu\/wp-json\/wp\/v2\/media?parent=45671"}],"wp:term":[{"taxonomy":"category","embeddable":true,"href":"https:\/\/edublog.educastur.es\/ixuxu\/wp-json\/wp\/v2\/categories?post=45671"},{"taxonomy":"post_tag","embeddable":true,"href":"https:\/\/edublog.educastur.es\/ixuxu\/wp-json\/wp\/v2\/tags?post=45671"}],"curies":[{"name":"wp","href":"https:\/\/api.w.org\/{rel}","templated":true}]}}