{"id":45684,"date":"2025-04-09T12:06:09","date_gmt":"2025-04-09T10:06:09","guid":{"rendered":"https:\/\/edublog.educastur.es\/ixuxu\/?p=45684"},"modified":"2025-04-09T12:11:04","modified_gmt":"2025-04-09T10:11:04","slug":"primer-estudiu-integral-sobro-la-flora-del-cantabricu","status":"publish","type":"post","link":"https:\/\/edublog.educastur.es\/ixuxu\/2025\/04\/primer-estudiu-integral-sobro-la-flora-del-cantabricu\/","title":{"rendered":"Primer estudiu integral sobro la flora del Cant\u00e1bricu"},"content":{"rendered":"<div class=\"html-div xdj266r xat24cr x1mh8g0r xexx8yu x4uap5 x18d9i69 xkhd6sd x78zum5 x2lah0s xqtp20y x1emribx\">\n<div class=\"xc9qbxq x1td3qas x6s0dn4 x78zum5 xl56j7k\">\n<div class=\"\" style=\"text-align: center\">\n<!-- iframe plugin v.6.0 wordpress.org\/plugins\/iframe\/ -->\n<iframe loading=\"lazy\" src=\"https:\/\/www.facebook.com\/plugins\/post.php?href=https%3A%2F%2Fwww.facebook.com%2FUniversidadOviedo%2Fposts%2Fpfbid02hPt14kUhJaGRnc2yaPh3M6PMnNHFCPmjCWqMdxdLxJtph1EuLiS2HXi9EA3x4FfKl&#038;show_text=false&#038;width=500\" width=\"500\" height=\"281\" style=\"border:none;overflow:hidden\" scrolling=\"no\" frameborder=\"0\" allowfullscreen=\"true\" allow=\"autoplay; clipboard-write; encrypted-media; picture-in-picture; web-share\" 0=\"\/iframe\" class=\"iframe-class\"><\/iframe>\n<\/div>\n<\/div>\n<\/div>\n<div class=\"x78zum5 xdt5ytf xz62fqu x16ldp7u\">\n<div class=\"xu06os2 x1ok221b\">\n<div class=\"html-div xdj266r x11i5rnm xat24cr x1mh8g0r xexx8yu x4uap5 x18d9i69 xkhd6sd\" data-ad-rendering-role=\"profile_name\">\n<ul>\n<li class=\"html-h3 x11i5rnm xat24cr x1mh8g0r xexx8yu x4uap5 x18d9i69 xkhd6sd x1vvkbs x1heor9g x1qlqyl8 x1pd3egz x1a2a7pz x1gslohp x1yc453h\"><span class=\"x1lliihq x6ikm8r x10wlt62 x1n2onr6\"><span class=\"xt0psk2\"><span class=\"xjp7ctv\"><a class=\"x1i10hfl xjbqb8w x1ejq31n xd10rxx x1sy0etr x17r0tee x972fbf xcfux6l x1qhh985 xm0m39n x9f619 x1ypdohk xt0psk2 xe8uvvx xdj266r x11i5rnm xat24cr x1mh8g0r xexx8yu x4uap5 x18d9i69 xkhd6sd x16tdsg8 x1hl2dhg xggy1nq x1a2a7pz xkrqix3 x1sur9pj xzsf02u x1s688f\" role=\"link\" href=\"https:\/\/www.facebook.com\/UniversidadOviedo?__cft__[0]=AZU4FKC6zXqM9u2KKPiMMlLFzUy6-04eAvJpfMp_FUNS1pEms8nHu0f-MHxmRrq7N4Vr2fK3bHVN6ID6bJtozvsS9eak3l1W-LE9CyVTzB7RrLzGMVBAxVOAqecLOIpSdgG11j__xQ5V5LsiksZ6UStJ4zlPM1UzMHf9lSG-dgK6PV_ZfGFiIKLgo16oBObfQIWcehnq-4xvYgNfC7qj1AW-&amp;__tn__=-UC%2CP-y-R\"><strong class=\"html-strong xdj266r x11i5rnm xat24cr x1mh8g0r xexx8yu x4uap5 x18d9i69 xkhd6sd x1hl2dhg x16tdsg8 x1vvkbs x1s688f\"><span class=\"html-span xdj266r x11i5rnm xat24cr x1mh8g0r xexx8yu x4uap5 x18d9i69 xkhd6sd x1hl2dhg x16tdsg8 x1vvkbs\">Universidad de Oviedo &#8211; UniOvi<\/span><\/strong><\/a><\/span><\/span><\/span>\/<a href=\"https:\/\/scontent-mad1-1.xx.fbcdn.net\/v\/t39.30808-6\/489457928_1069791911841230_4235218949102898858_n.jpg?_nc_cat=107&amp;ccb=1-7&amp;_nc_sid=127cfc&amp;_nc_ohc=Squ6fn_h5m0Q7kNvwFSYo6E&amp;_nc_oc=AdkgXJQgxc8rQRbGJAo4PpRe5KhT1iML2DJFk_QNDm37zizdZyWy8HPZAQMDDa9MEmw&amp;_nc_zt=23&amp;_nc_ht=scontent-mad1-1.xx&amp;_nc_gid=RZogO4uHPVXaL6GIcOCdUQ&amp;oh=00_AfFltog-2dWT7SxZAHn4vl-mqJlNuDbTB-1Hy8xuOH2Ajw&amp;oe=67FC2BAB\"><strong>imaxe<\/strong><\/a> \/<span class=\"html-span xdj266r x11i5rnm xat24cr x1mh8g0r xexx8yu x4uap5 x18d9i69 xkhd6sd x1hl2dhg x16tdsg8 x1vvkbs\"><a class=\"x1i10hfl xjbqb8w x1ejq31n xd10rxx x1sy0etr x17r0tee x972fbf xcfux6l x1qhh985 xm0m39n x9f619 x1ypdohk xt0psk2 xe8uvvx xdj266r x11i5rnm xat24cr x1mh8g0r xexx8yu x4uap5 x18d9i69 xkhd6sd x16tdsg8 x1hl2dhg xggy1nq x1a2a7pz xkrqix3 x1sur9pj x1fey0fg x1s688f\" role=\"link\" href=\"https:\/\/f.mtr.cool\/yiwaptouqu?fbclid=IwZXh0bgNhZW0CMTAAAR6qxI5Rr4Le7vgmskZBZ-94pJX7qR6vnmaIODjG6W5sV2XtXr0nF-e2B_RnQQ_aem_o7kWDxqHLn1j0zGGtyZ8bw\" target=\"_blank\" rel=\"nofollow noopener noreferrer\">https:\/\/f.mtr.cool\/yiwaptouqu<\/a><\/span><\/li>\n<\/ul>\n<\/div>\n<\/div>\n<\/div>\n<div class=\"html-div xdj266r x11i5rnm xat24cr x1mh8g0r xexx8yu x4uap5 x18d9i69 xkhd6sd\" dir=\"auto\">\n<div class=\"html-div xdj266r x11i5rnm xat24cr x1mh8g0r xexx8yu x4uap5 x18d9i69 xkhd6sd\" dir=\"auto\">\n<div class=\"html-div xdj266r x11i5rnm xat24cr x1mh8g0r xexx8yu x4uap5 x18d9i69 xkhd6sd\" data-ad-rendering-role=\"story_message\">\n<div class=\"x1l90r2v x1iorvi4 x1ye3gou xn6708d\" data-ad-comet-preview=\"message\" data-ad-preview=\"message\">\n<div class=\"x78zum5 xdt5ytf xz62fqu x16ldp7u\">\n<div class=\"xu06os2 x1ok221b\">\n<div dir=\"auto\">Investigadores de la Universid\u00e1 d&#8217;Uvi\u00e9u presenten el primer estudiu integral sobro la flora del Cant\u00e1bricu, qu&#8217;arrexunta m\u00e1s de 200.000 rexistros d&#8217;especies dende l&#8217;a\u00f1u 2000.<\/div>\n<div dir=\"auto\"><!--more--><\/div>\n<div dir=\"auto\" style=\"text-align: center\"><a href=\"https:\/\/www.uniovi.es\/o\/adaptive-media\/image\/11082727\/3\/bea34e5c-3f6a-11da-7f48-6d920e821179?t=1744102326239\"><img loading=\"lazy\" decoding=\"async\" class=\"aligncenter size-large\" src=\"https:\/\/www.uniovi.es\/o\/adaptive-media\/image\/11082727\/3\/bea34e5c-3f6a-11da-7f48-6d920e821179?t=1744102326239\" width=\"1000\" height=\"992\" \/><\/a><\/div>\n<\/div>\n<\/div>\n<\/div>\n<\/div>\n<\/div>\n<\/div>\n<div class=\"documents-wrapper\">\n<ul class=\"documents list-unstyled\">\n<li class=\"document-entry\"><a class=\"document document-docx\" href=\"https:\/\/www.uniovi.es\/documents\/39158\/11032217\/2025-04-07-NP-flora-cant%C3%A1brico.docx\/bec5be57-3c3a-5c14-8f61-fd8798cd1fba?t=1744099657833\" data-type=\"docx\" data-size=\"187,5 kB\"><span class=\"title\">Nota de prensa Investigadores de la Universidad de Oviedo presentan el primer estudio integral sobre la flora del Cant\u00e1brico<\/span>\u00a0<span class=\"meta\">(docx\u00a0187,5 kB)<\/span><\/a><\/li>\n<\/ul>\n<div class=\"text\">\n<p>El trabayu ufierta un anal\u00eds detall\u00e1u de la biodiversid\u00e1 vexetal d&#8217;esta ecorrex\u00f3n y destaca la importancia de la ciencia ciudadana y la necesid\u00e1 de validaci\u00f3n cient\u00edfica para ameyorar el caltenimientu d&#8217;especies reinales y amenaciaes | L&#8217;estudiu arrexunta m\u00e1s de 200.000 rexistros d&#8217;especies dende l&#8217;a\u00f1u 2000 hasta 2024 y pon en valor la participaci\u00f3n de la ciudadan\u00eda al travi\u00e9s de plataformes como iNaturalist | Los autores destaquen que<strong> factores como&#8217;l camb\u00e9u clim\u00e1ticu, la perda de biodiversid\u00e1 y l&#8217;acci\u00f3n humana infl\u00fain na composici\u00f3n y distribuci\u00f3n de les especies nesta ecorrex\u00f3n,<\/strong> lo qu&#8217;esixe estratexes de caltenimientu qu&#8217;integren conocencia local con marcos globales | La investigaci\u00f3n foi realizada por un equipu multidisciplinar lider\u00e1u por Eduardo Cires, profesor titular de Bot\u00e1nica del Departamentu de Biolox\u00eda d&#8217;Organismos y Sistemes ya investigador del Institutu de Recursos Naturales y Ordenaci\u00f3n del Territoriu (Indurot).<\/p>\n<p style=\"text-align: center\"><a href=\"https:\/\/www.uniovi.es\/documents\/39158\/11032232\/Luz+Mar%C3%ADa+Madrazo-Fr%C3%ADas+y+Eduardo+Cires+investigando+las+poblaciones+de+Nuphar+pumila.jpeg\/6ed4d083-c644-0af9-99c3-94e5bba1e039?t=1744102259608\"><img loading=\"lazy\" decoding=\"async\" class=\"aligncenter \" src=\"https:\/\/www.uniovi.es\/documents\/39158\/11032232\/Luz+Mar%C3%ADa+Madrazo-Fr%C3%ADas+y+Eduardo+Cires+investigando+las+poblaciones+de+Nuphar+pumila.jpeg\/6ed4d083-c644-0af9-99c3-94e5bba1e039?t=1744102259608\" width=\"593\" height=\"445\" \/><\/a><\/p>\n<p>Un equipu multidisciplinar d&#8217;investigadores lider\u00e1u por Eduardo Cires, profesor titular de Bot\u00e1nica del Departamentu de Biolox\u00eda d&#8217;Organismos y Sistemes ya investigador del Institutu de Recursos Naturales y Ordenaci\u00f3n del Territoriu (Indurot) de la Universid\u00e1 d&#8217;Uvi\u00e9u, <strong>public\u00f3 na revista Naturalia Cantabricae<\/strong> el primer estudiu refechu sobro la flora de los montes mistos cant\u00e1bricos.<\/p>\n<p>Col t\u00edtulu Flora del Cant\u00e1bricu: xuna visi\u00f3n glocal, el trabayu ufierta un anal\u00eds detall\u00e1u de la biodiversid\u00e1 vexetal d&#8217;esta ecorrex\u00f3n y destaca la importancia de la ciencia ciudadana y la necesid\u00e1 de validaci\u00f3n cient\u00edfica p&#8217;ameyorar el caltenimientu d&#8217;especies reinales y amenaciaes.<\/p>\n<p><strong>Un cuartu de sieglu de datos pal caltenimientu<\/strong><\/p>\n<p>L&#8217;estudiu, qu&#8217;arrexunta m\u00e1s de 200.000 rexistros d&#8217;especies dende l&#8217;a\u00f1u 2000 hasta 2024, pon en valor la participaci\u00f3n de la ciudadan\u00eda al travi\u00e9s de plataformes como iNaturalist. Sicas\u00ed, los autores alverten sobro los sesgos na distribuci\u00f3n de los datos, una y bones les especies m\u00e1s llamatives y accesibles suelen tar sobrerrepresentadas, ente que la flora reinal y en peligru cr\u00edticu recibe menos atenci\u00f3n.<\/p>\n<p><strong>Una visi\u00f3n \u2018glocal\u2019 de la biodiversid\u00e1<\/strong><\/p>\n<p>El conceutu de visi\u00f3n glocal aplic\u00e1u nel estudiu sorraya la necesid\u00e1 d&#8217;analizar la flora del Cant\u00e1bricu tantu dende una perspectiva global como local. Los\u00a0 autores destaquen que factores como&#8217;l camb\u00e9u clim\u00e1ticu, la perda de biodiversid\u00e1 y l&#8217;acci\u00f3n humana infl\u00fain na composici\u00f3n y distribuci\u00f3n de les especies nesta ecorrex\u00f3n, lo qu&#8217;esixe estratexes de caltenimientu qu&#8217;integren conocencia local con marcos globales.<\/p>\n<p><strong>Retos y futuru de la ciencia ciudadana na bot\u00e1nica<\/strong><\/p>\n<p>Magar la ciencia ciudadana demostr\u00f3 ser xuna ferramienta clave pal siguimientu d&#8217;especies, l&#8217;estudiu se\u00f1ala la importancia de complementar estos datos con fontes cient\u00edfiques consolidaes. Los investigadores encamienten a fortalecer la collaboraci\u00f3n ente espertos y la ciudadan\u00eda p&#8217;ameyorar la precisi\u00f3n de los rexistros y garantizar que la informaci\u00f3n arrexuntada pueda ser utilizada en pol\u00edtiques de caltenimientu efectives.<\/p>\n<p><strong>Escontra una xesti\u00f3n sostenible de los montes mistos cant\u00e1bricos<\/strong><\/p>\n<p>Esti trabayu sienta les bases para xuna meyor comprensi\u00f3n de la flora de la rex\u00f3n y suxure estratexes pa optimizar la xesti\u00f3n de los ecosistemes forestales. El caltenimientu de los montes mistos cant\u00e1bricos ye crucial non solo pola so riqueza biol\u00f3xica, sin\u00f3n tami\u00e9n polos servicios ecosist\u00e9micos qu&#8217;ufierten, como la captura de carbonu y la regulaci\u00f3n h\u00eddrica.<\/p>\n<p><strong>Referencia:<\/strong><br \/>\nCires, E., Cuesta, C., Estrada Fern\u00e1ndez, A., Madrazo-Fr\u00edas, L.M., L\u00f3pez-Alonso, R., Gonz\u00e1lez-Toral, C., Moriano-Gonz\u00e1lez, L., Torralba-Burrial, A., Colina, A., Garcia-de-la-Fuente, L., Fern\u00e1ndez Iglesias, E., Fern\u00e1ndez-Garc\u00eda, M., Sanna, M. y Rodr\u00edguez Gallego, J.L. 2025. Flora del Cant\u00e1brico: una visi\u00f3n glocal. Naturalia Cantabricae 13(2): 39-69. Enlace: <a href=\"https:\/\/www.indurot.uniovi.es\/actividad\/publicaciones\/naturalia\/numero13\">https:\/\/www.indurot.uniovi.es\/actividad\/publicaciones\/naturalia\/numero13<\/a><\/p>\n<\/div>\n<\/div>\n","protected":false},"excerpt":{"rendered":"<p>Universidad de Oviedo &#8211; UniOvi\/imaxe \/https:\/\/f.mtr.cool\/yiwaptouqu Investigadores de la Universid\u00e1 d&#8217;Uvi\u00e9u presenten el primer estudiu integral sobro la flora del Cant\u00e1bricu, qu&#8217;arrexunta m\u00e1s de 200.000 rexistros d&#8217;especies dende l&#8217;a\u00f1u 2000.<\/p>\n","protected":false},"author":117,"featured_media":0,"comment_status":"open","ping_status":"open","sticky":false,"template":"","format":"standard","meta":{"footnotes":""},"categories":[1],"tags":[],"class_list":["post-45684","post","type-post","status-publish","format-standard","hentry","category-sin-categoria"],"_links":{"self":[{"href":"https:\/\/edublog.educastur.es\/ixuxu\/wp-json\/wp\/v2\/posts\/45684","targetHints":{"allow":["GET"]}}],"collection":[{"href":"https:\/\/edublog.educastur.es\/ixuxu\/wp-json\/wp\/v2\/posts"}],"about":[{"href":"https:\/\/edublog.educastur.es\/ixuxu\/wp-json\/wp\/v2\/types\/post"}],"author":[{"embeddable":true,"href":"https:\/\/edublog.educastur.es\/ixuxu\/wp-json\/wp\/v2\/users\/117"}],"replies":[{"embeddable":true,"href":"https:\/\/edublog.educastur.es\/ixuxu\/wp-json\/wp\/v2\/comments?post=45684"}],"version-history":[{"count":4,"href":"https:\/\/edublog.educastur.es\/ixuxu\/wp-json\/wp\/v2\/posts\/45684\/revisions"}],"predecessor-version":[{"id":45688,"href":"https:\/\/edublog.educastur.es\/ixuxu\/wp-json\/wp\/v2\/posts\/45684\/revisions\/45688"}],"wp:attachment":[{"href":"https:\/\/edublog.educastur.es\/ixuxu\/wp-json\/wp\/v2\/media?parent=45684"}],"wp:term":[{"taxonomy":"category","embeddable":true,"href":"https:\/\/edublog.educastur.es\/ixuxu\/wp-json\/wp\/v2\/categories?post=45684"},{"taxonomy":"post_tag","embeddable":true,"href":"https:\/\/edublog.educastur.es\/ixuxu\/wp-json\/wp\/v2\/tags?post=45684"}],"curies":[{"name":"wp","href":"https:\/\/api.w.org\/{rel}","templated":true}]}}