{"id":45713,"date":"2025-04-10T09:30:16","date_gmt":"2025-04-10T07:30:16","guid":{"rendered":"https:\/\/edublog.educastur.es\/ixuxu\/?p=45713"},"modified":"2025-04-10T10:13:30","modified_gmt":"2025-04-10T08:13:30","slug":"educacion-pon-nomes-nasturianu-a-les-catorce-nueves-escuelines","status":"publish","type":"post","link":"https:\/\/edublog.educastur.es\/ixuxu\/2025\/04\/educacion-pon-nomes-nasturianu-a-les-catorce-nueves-escuelines\/","title":{"rendered":"Educaci\u00f3n pon nomes n&#8217;asturianu a les catorce nueves escuelines"},"content":{"rendered":"<ul>\n<li>Fonte: <a href=\"https:\/\/actualidad.asturias.es\/-\/educaci%C3%B3n-pone-nombres-en-asturiano-a-los-catorce-centros-de-nueva-creaci%C3%B3n-de-la-fase-2-de-la-red-de-les-escuelines-as-escol%C3%ADas?redirect=%2Fnoticias\">Actualid\u00e1 Asturies<\/a> \/<\/li>\n<\/ul>\n<div id=\"main-content\" class=\"columns-1\" role=\"main\">\n<div class=\"portlet-layout row\">\n<div id=\"column-1\" class=\"col-md-12 portlet-column portlet-column-only\">\n<div id=\"layout-column_column-1\" class=\"portlet-dropzone portlet-column-content portlet-column-content-only\">\n<div id=\"p_p_id_com_liferay_asset_publisher_web_portlet_AssetPublisherPortlet_INSTANCE_DSnKSBdGDt7q_\" class=\"portlet-boundary portlet-boundary_com_liferay_asset_publisher_web_portlet_AssetPublisherPortlet_ portlet-static portlet-static-end portlet-barebone portlet-asset-publisher nota-detalle\">\n<section id=\"portlet_com_liferay_asset_publisher_web_portlet_AssetPublisherPortlet_INSTANCE_DSnKSBdGDt7q\" class=\"portlet\">\n<div class=\"portlet-content\">\n<div class=\" portlet-content-container\">\n<div class=\"portlet-body\">\n<div class=\"asset-full-content clearfix default-asset-publisher show-asset-title\">\n<div id=\"_com_liferay_asset_publisher_web_portlet_AssetPublisherPortlet_INSTANCE_DSnKSBdGDt7q_2487044\" class=\"asset-content\">\n<div class=\"clearfix journal-content-article\" data-analytics-asset-id=\"2487031\" data-analytics-asset-title=\"Educaci\u00f3n pone nombres en asturiano a los catorce centros de nueva creaci\u00f3n de la fase 2 de la red de Les Escuelines\/As Escol\u00edas\" data-analytics-asset-type=\"web-content\">\n<div class=\"nota\">\n<div class=\"description\">\n<p style=\"text-align: center\"><a href=\"https:\/\/actualidad.asturias.es\/documents\/537115\/2487034\/2024_04_04+Consejera+reunion+escuelines+corvera.jpg\/028f95d5-2545-4341-3900-66b3f4fed6f1?t=1744197213953\"><img loading=\"lazy\" decoding=\"async\" class=\"aligncenter size-large\" src=\"https:\/\/actualidad.asturias.es\/documents\/537115\/2487034\/2024_04_04+Consejera+reunion+escuelines+corvera.jpg\/028f95d5-2545-4341-3900-66b3f4fed6f1?t=1744197213953\" width=\"2016\" height=\"1512\" \/><\/a><\/p>\n<p>Educaci\u00f3n pon nomes n&#8217;asturianu a los catorce centros de nueva creaci\u00f3n de la fase 2 de la rede de Les Escuelines\/As Escol\u00edas.\u00a0<strong>Los nomes son de procedencia variada, anque predominen los alusivos al mundu infantil y los xuegos tradicionales (Los Rebusquinos, Los Pericos, El Boliche, Trebeyos, Cucurrabucu) y a la flora y la fauna (Los Ablaninos, La Cerezal, Les Curuxines, La Foquina).<\/strong><\/p>\n<p><!--more--><\/p>\n<p>La Conseyer\u00eda d&#8217;Educaci\u00f3n punxo nomes oficiales n&#8217;asturianu a los catorce centros de nueva construcci\u00f3n previstos na fase 2 del esplegue de la rede auton\u00f3mica, p\u00fablica y gratuita de<strong> Les Escuelines\/As Escol\u00edas para alumn\u00e1u de 0 a 3 a\u00f1os.<\/strong> La denominaci\u00f3n supon el pasu previu a la so creaci\u00f3n alministrativa, que tendr\u00e1 d&#8217;aprobar el Conseyu de Gobiernu.<\/p>\n<p>Al igual qu&#8217;asocedi\u00f3 coles 31 escuelines de la fase 1, la conseyer\u00eda encarg\u00f3se de buscar nomes aut\u00f3ctonos, atendiendo a les peculiaridaes de cada conceyu. La conseyer\u00eda busc\u00f3 palabres aut\u00f3ctones venceyaes a los territorios col respaldu de los conceyos.\u00a0Darr\u00e9u, les denominaciones propuestes consensu\u00e1ronse colos conceyos.<\/p>\n<p><strong>Los nomes son de procedencia variada, anque predominen los alusivos al mundu infantil y los xuegos tradicionales (Los Rebusquinos, Los Pericos, El Boliche, Trebeyos, Cucurrabucu) y a la flora y la fauna (Los Ablaninos, La Cerezal, Les Curuxines, La Foquina).<\/strong><\/p>\n<p>Hai un top\u00f3nimu, La Xungarosa, que ye como se conoz tradicionalmente al barriu aviles\u00edn de La Lluz, y dos alusiones a la hestoria local: Los Condalinos, en Nore\u00f1a, y Los Vaqueirinos, en Tin\u00e9u. A lo \u00faltimo, dos escuelines d&#8217;Uvi\u00e9u lleven el nome del matrimoniu form\u00e1u por Pin\u00f3n y Telva, los dos personaxes creaos pol dibuxante Alfonso Iglesias.<\/p>\n<p>Per otru llau, la fase 2 de la rede educativa incl\u00fai la creaci\u00f3n d&#8217;unidaes en cinco escueles municipales y\u00e1 esistentes. Tr\u00e9s d&#8217;elles tienen un nome propiu: La Oliva (Villaviciosa), La Marinera (Carre\u00f1o) y Pin\u00edn (Navia), ente que les otres dos caltienen, pel momento, el del conceyu: El Franco y Pravia.<\/p>\n<p>De sigu\u00edo det\u00e1llense les nomenclatures por conceyu y centru educativu de referencia:<\/p>\n<div class=\"description\">\n<div align=\"center\">\n<table class=\"Table\" style=\"width: 63.3351%\" width=\"441\">\n<tbody>\n<tr>\n<td style=\"width: 28.3447%\" width=\"127\">\n<p align=\"center\"><b>Concejo<\/b><\/p>\n<\/td>\n<td style=\"width: 36.9615%\" width=\"167\">\n<p align=\"center\"><b>Nombre de la escuelina<\/b><\/p>\n<\/td>\n<td style=\"width: 82.4442%\" width=\"147\">\n<p align=\"center\"><b>Centro de referencia<\/b><\/p>\n<\/td>\n<\/tr>\n<tr>\n<td style=\"width: 28.3447%\" width=\"127\">Allande<\/td>\n<td style=\"width: 36.9615%\" width=\"167\">Los Ablaninos<\/td>\n<td style=\"width: 82.4442%\" width=\"147\">\n<p align=\"left\">CPEB Pola de Allande<\/p>\n<\/td>\n<\/tr>\n<tr>\n<td style=\"width: 28.3447%\" width=\"127\">Avil\u00e9s<\/td>\n<td style=\"width: 36.9615%\" width=\"167\">La Foquina<\/td>\n<td style=\"width: 82.4442%\" width=\"147\">\n<p align=\"left\">CP Marcos del Torniello<\/p>\n<\/td>\n<\/tr>\n<tr>\n<td style=\"width: 28.3447%\" width=\"127\">Avil\u00e9s<\/td>\n<td style=\"width: 36.9615%\" width=\"167\">La Xungarosa<\/td>\n<td style=\"width: 82.4442%\" width=\"147\">\n<p align=\"left\">CP Poeta Juan Ochoa<\/p>\n<\/td>\n<\/tr>\n<tr>\n<td style=\"width: 28.3447%\" width=\"127\">Cangas del Narcea<\/td>\n<td style=\"width: 36.9615%\" width=\"167\">El Boliche<\/td>\n<td style=\"width: 82.4442%\" width=\"147\">\n<p align=\"left\">CP Obanca<\/p>\n<\/td>\n<\/tr>\n<tr>\n<td style=\"width: 28.3447%\" width=\"127\">Castrill\u00f3n<\/td>\n<td style=\"width: 36.9615%\" width=\"167\">La Cerezal<\/td>\n<td style=\"width: 82.4442%\" width=\"147\">\n<p align=\"left\">CP Manuel \u00c1lvarez Iglesias<\/p>\n<\/td>\n<\/tr>\n<tr>\n<td style=\"width: 28.3447%\" width=\"127\">Gij\u00f3n<\/td>\n<td style=\"width: 36.9615%\" width=\"167\">Los Rebusquinos<\/td>\n<td style=\"width: 82.4442%\" width=\"147\">\n<p align=\"left\">CP Montevil<\/p>\n<\/td>\n<\/tr>\n<tr>\n<td style=\"width: 28.3447%\" width=\"127\">Gij\u00f3n<\/td>\n<td style=\"width: 36.9615%\" width=\"167\">Trebeyos<\/td>\n<td style=\"width: 82.4442%\" width=\"147\">\n<p align=\"left\">CP Los Campos<\/p>\n<\/td>\n<\/tr>\n<tr>\n<td style=\"width: 28.3447%\" width=\"127\">Goz\u00f3n<\/td>\n<td style=\"width: 36.9615%\" width=\"167\">Les Curuxines<\/td>\n<td style=\"width: 82.4442%\" width=\"147\">\n<p align=\"left\">CRA Cabo Pe\u00f1as<\/p>\n<\/td>\n<\/tr>\n<tr>\n<td style=\"width: 28.3447%\" width=\"127\">Mieres<\/td>\n<td style=\"width: 36.9615%\" width=\"167\">Cucurrabucu<\/td>\n<td style=\"width: 82.4442%\" width=\"147\">\n<p align=\"left\">CP Teodoro Cuesta<\/p>\n<\/td>\n<\/tr>\n<tr>\n<td style=\"width: 28.3447%\" width=\"127\">Nore\u00f1a<\/td>\n<td style=\"width: 36.9615%\" width=\"167\">Los Condalinos<\/td>\n<td style=\"width: 82.4442%\" width=\"147\">\n<p align=\"left\">CP Condado de Nore\u00f1a<\/p>\n<\/td>\n<\/tr>\n<tr>\n<td style=\"width: 28.3447%\" width=\"127\">Oviedo<\/td>\n<td style=\"width: 36.9615%\" width=\"167\">Los Pericos<\/td>\n<td style=\"width: 82.4442%\" width=\"147\">\n<p align=\"left\">CP La Gesta<\/p>\n<\/td>\n<\/tr>\n<tr>\n<td style=\"width: 28.3447%\" width=\"127\">Oviedo<\/td>\n<td style=\"width: 36.9615%\" width=\"167\">Pin\u00f3n<\/td>\n<td style=\"width: 82.4442%\" width=\"147\">\n<p align=\"left\">CP Pablo Miaja<\/p>\n<\/td>\n<\/tr>\n<tr>\n<td style=\"width: 28.3447%\" width=\"127\">Oviedo<\/td>\n<td style=\"width: 36.9615%\" width=\"167\">Telva<\/td>\n<td style=\"width: 82.4442%\" width=\"147\">\n<p align=\"left\">CP El Villar<\/p>\n<\/td>\n<\/tr>\n<tr>\n<td style=\"width: 28.3447%\" width=\"127\">Tineo<\/td>\n<td style=\"width: 36.9615%\" width=\"167\">Los Vaqueirinos<\/td>\n<td style=\"width: 82.4442%\" width=\"147\">\n<p align=\"left\">CP Pasc\u00f3n<\/p>\n<\/td>\n<\/tr>\n<\/tbody>\n<\/table>\n<\/div>\n<p>&nbsp;<\/p>\n<\/div>\n<div class=\"contenido-article documentacion\"><\/div>\n<\/div>\n<\/div>\n<\/div>\n<\/div>\n<\/div>\n<\/div>\n<\/div>\n<\/div>\n<\/section>\n<\/div>\n<\/div>\n<\/div>\n<\/div>\n<\/div>\n<p>&nbsp;<\/p>\n","protected":false},"excerpt":{"rendered":"<p>Fonte: Actualid\u00e1 Asturies \/ Educaci\u00f3n pon nomes n&#8217;asturianu a los catorce centros de nueva creaci\u00f3n de la fase 2 de la rede de Les Escuelines\/As Escol\u00edas.\u00a0Los nomes son de procedencia variada, anque predominen los alusivos al mundu infantil y los xuegos tradicionales (Los Rebusquinos, Los Pericos, El Boliche, Trebeyos, Cucurrabucu) y a la flora y [&hellip;]<\/p>\n","protected":false},"author":117,"featured_media":0,"comment_status":"open","ping_status":"open","sticky":false,"template":"","format":"standard","meta":{"footnotes":""},"categories":[132,341],"tags":[],"class_list":["post-45713","post","type-post","status-publish","format-standard","hentry","category-educastur","category-escuelines"],"_links":{"self":[{"href":"https:\/\/edublog.educastur.es\/ixuxu\/wp-json\/wp\/v2\/posts\/45713","targetHints":{"allow":["GET"]}}],"collection":[{"href":"https:\/\/edublog.educastur.es\/ixuxu\/wp-json\/wp\/v2\/posts"}],"about":[{"href":"https:\/\/edublog.educastur.es\/ixuxu\/wp-json\/wp\/v2\/types\/post"}],"author":[{"embeddable":true,"href":"https:\/\/edublog.educastur.es\/ixuxu\/wp-json\/wp\/v2\/users\/117"}],"replies":[{"embeddable":true,"href":"https:\/\/edublog.educastur.es\/ixuxu\/wp-json\/wp\/v2\/comments?post=45713"}],"version-history":[{"count":3,"href":"https:\/\/edublog.educastur.es\/ixuxu\/wp-json\/wp\/v2\/posts\/45713\/revisions"}],"predecessor-version":[{"id":45716,"href":"https:\/\/edublog.educastur.es\/ixuxu\/wp-json\/wp\/v2\/posts\/45713\/revisions\/45716"}],"wp:attachment":[{"href":"https:\/\/edublog.educastur.es\/ixuxu\/wp-json\/wp\/v2\/media?parent=45713"}],"wp:term":[{"taxonomy":"category","embeddable":true,"href":"https:\/\/edublog.educastur.es\/ixuxu\/wp-json\/wp\/v2\/categories?post=45713"},{"taxonomy":"post_tag","embeddable":true,"href":"https:\/\/edublog.educastur.es\/ixuxu\/wp-json\/wp\/v2\/tags?post=45713"}],"curies":[{"name":"wp","href":"https:\/\/api.w.org\/{rel}","templated":true}]}}