{"id":45771,"date":"2025-04-11T10:37:59","date_gmt":"2025-04-11T08:37:59","guid":{"rendered":"https:\/\/edublog.educastur.es\/ixuxu\/?p=45771"},"modified":"2025-04-20T15:52:00","modified_gmt":"2025-04-20T13:52:00","slug":"lantiguu-poblau-da-paicega-pezos","status":"publish","type":"post","link":"https:\/\/edublog.educastur.es\/ixuxu\/2025\/04\/lantiguu-poblau-da-paicega-pezos\/","title":{"rendered":"L&#8217;antiguu pobl\u00e1u d&#8217;A Paicega (Pez\u00f3s)"},"content":{"rendered":"<div class=\"x5yr21d xw2csxc x1odjw0f x1n2onr6\">\n<div class=\"x9f619 x78zum5 xdt5ytf x5yr21d xexx8yu x1pi30zi x1l90r2v x1swvt13 x10l6tqk xh8yej3\">\n<div>\n<div class=\"x9f619 xjbqb8w x78zum5 x168nmei x13lgxp2 x5pf9jr xo71vjh xsag5q8 xz9dl7a x1uhb9sk x1plvlek xryxfnj x1c4vz4f x2lah0s x1q0g3np xqjyukv x1qjc9v5 x1oa3qoh x1nhvcw1\">\n<div class=\"x9f619 xjbqb8w x78zum5 x168nmei x13lgxp2 x5pf9jr xo71vjh x1uhb9sk x1plvlek xryxfnj x1iyjqo2 x2lwn1j xeuugli x1q0g3np xqjyukv x1qjc9v5 x1oa3qoh x1nhvcw1\">\n<div class=\"x9f619 xjbqb8w x78zum5 x168nmei x13lgxp2 x5pf9jr xo71vjh x1uhb9sk x1plvlek xryxfnj x1iyjqo2 x2lwn1j xeuugli xdt5ytf xqjyukv x1qjc9v5 x1oa3qoh x1nhvcw1\">\n<div class=\"x9f619 xjbqb8w x78zum5 x168nmei x13lgxp2 x5pf9jr xo71vjh x1uhb9sk x1plvlek xryxfnj x1c4vz4f x2lah0s xdt5ytf xqjyukv x1qjc9v5 x1oa3qoh x1nhvcw1\">\n<p><span class=\"x193iq5w xeuugli x1fj9vlw x13faqbe x1vvkbs xt0psk2 x1i0vuye xvs91rp xo1l8bm x5n08af x10wh9bi x1wdrske x8viiok x18hxmgj\">La Conseyer\u00eda de Cultura remat\u00f3 la llimpieza de pintaes <strong>nel antiguu pobl\u00e1u d\u2019A Paicega (Pez\u00f3s)<\/strong>\ud83e\uddfc\ud83c\udfa8, un llugar con gran valor hist\u00f3ricu y emocional pa la zona.\u00a0 <\/span><\/p>\n<p style=\"text-align: center\">\n<!-- iframe plugin v.6.0 wordpress.org\/plugins\/iframe\/ -->\n<iframe loading=\"lazy\" src=\"https:\/\/www.instagram.com\/reel\/DIRqxlasO3g\/embed\" width=\"460\" height=\"550\" 0=\"\/iframe\" scrolling=\"yes\" class=\"iframe-class\" frameborder=\"0\"><\/iframe>\n<\/p>\n<p><span class=\"x193iq5w xeuugli x1fj9vlw x13faqbe x1vvkbs xt0psk2 x1i0vuye xvs91rp xo1l8bm x5n08af x10wh9bi x1wdrske x8viiok x18hxmgj\">La conseyera Vanessa Guti\u00e9rrez tuvo nel complexu xunto a l\u2019alcaldesa de Pez\u00f3s, Luc\u00eda Villanueva, y el director xeneral de Patrimoniu Cultural, Pablo Le\u00f3n, pa conocer de primer mano\u2019l result\u00e1u d\u2019esta actuaci\u00f3n. Aplic\u00e1ronse t\u00e9cniques espec\u00edfiques pa protexer les superficies orixinales d\u2019esti enclave incluy\u00edu nel Inventariu del Patrimoniu Cultural d\u2019Asturies \ud83e\uddf1\ud83d\udcdc<\/span><\/p>\n<p>\u2795\u2139\ufe0f\ud83d\udd17<a href=\"https:\/\/actualidad.asturias.es\/-\/cultura-concluye-la-limpieza-de-pintadas-en-el-antiguo-poblado-de-a-paicega-en-pesoz?redirect=%2Fnoticias\"> actualidad.asturias.es<\/a> \/ <a href=\"https:\/\/www.turismoasturias.es\/es\/-\/blogs\/a-paicega-y-argul-dos-joyas-que-te-haran-viajar-al-pasado-en-asturias\">Turismu Asturies<\/a> \/ <a href=\"https:\/\/www.facebook.com\/reel\/950812646919394\">Reel<\/a> \/<\/p>\n<p><!--more--><\/p>\n<\/div>\n<p style=\"text-align: center\"><a href=\"https:\/\/actualidad.asturias.es\/documents\/537115\/2489281\/2025_04_10+NP+A+Paicega+1.jpeg\/a97c996b-53a1-e692-7f56-4bd1ec3c1775?t=1744284945748\"><img loading=\"lazy\" decoding=\"async\" class=\"aligncenter size-large\" src=\"https:\/\/actualidad.asturias.es\/documents\/537115\/2489281\/2025_04_10+NP+A+Paicega+1.jpeg\/a97c996b-53a1-e692-7f56-4bd1ec3c1775?t=1744284945748\" width=\"1200\" height=\"1600\" \/><\/a><\/p>\n<p>L&#8217;aldega medieval d&#8217;Argul y el pobl\u00e1u d&#8217;A &#8216;Paicega son dos de les xoyes que te aguarden nel conceyu de Pez\u00f3s, nel occidente d&#8217;Asturies. Ensin dulda, un interesante viaxe al pas\u00e1u.<\/p>\n<p style=\"text-align: center\"><a href=\"https:\/\/www.turismoasturias.es\/o\/adaptive-media\/image\/234735\/3\/16775c07-718f-5efa-d7bf-dd63ad4732da?t=1674191023824\"><img loading=\"lazy\" decoding=\"async\" class=\"aligncenter size-large\" src=\"https:\/\/www.turismoasturias.es\/o\/adaptive-media\/image\/234735\/3\/16775c07-718f-5efa-d7bf-dd63ad4732da?t=1674191023824\" width=\"780\" height=\"585\" \/><\/a><\/p>\n<p><strong>El conceyu de Pez\u00f3s ye unu de los m\u00e1s pequenos del Princip\u00e1u d&#8217;Asturies<\/strong>, sicas\u00ed, atesora aut\u00e9ntiques xoyes del nuesu patrimoniu que, ensin dulda, tienes de conocer. Nesti art\u00edculu prop\u00f3ngote dos rutes sencielles por esti abrupto territoriu del suroccidente asturianu que vas poder faer a cuerpu, en bicicleta o nel to propiu veh\u00edculu y te van averar a l&#8217;aldega medieval d&#8217;Argul y el pobl\u00e1u abandon\u00e1u d&#8217;A Paicega. \u00a1Un aut\u00e9nticu viaxe al pas\u00e1u!<\/p>\n<div class=\"x9f619 xjbqb8w x78zum5 x168nmei x13lgxp2 x5pf9jr xo71vjh x1uhb9sk x1plvlek xryxfnj x1c4vz4f x2lah0s xdt5ytf xqjyukv x1qjc9v5 x1oa3qoh x1nhvcw1\">\n<p><strong>Pez\u00f3s, capital del conceyu &#8211; El puntu de partida<\/strong><\/p>\n<p>La parroquia de Pez\u00f3s ye la \u00fanica del conceyu y tami\u00e9n la so capital. Cuenta con un mus\u00e9u dedic\u00e1u al vinu y ye que, nesta zona serrapatosa del Occidente d&#8217;Asturies, cult\u00edvase la vide. Tami\u00e9n practiquen la viticultura n&#8217;otros conceyos vecinos que gocien del mesma microclima particular, cuntando inclusive cola so propia denominaci\u00f3n d&#8217;orixe, la D.O. P. Cangas.<\/p>\n<p>En Pez\u00f3s tami\u00e9n destaca la Ilesia rom\u00e1nica de Santiago y el Palaciu de Ron, construy\u00edu nel sieglu XVII para \u00c1lvaro D\u00edaz, descendiente d&#8217;un poderosu llinaxe bien popular nes tierres nutr\u00edes pelos r\u00edos Eo y Navia.<\/p>\n<\/div>\n<\/div>\n<\/div>\n<\/div>\n<\/div>\n<\/div>\n<\/div>\n<p>&nbsp;<\/p>\n","protected":false},"excerpt":{"rendered":"<p>La Conseyer\u00eda de Cultura remat\u00f3 la llimpieza de pintaes nel antiguu pobl\u00e1u d\u2019A Paicega (Pez\u00f3s)\ud83e\uddfc\ud83c\udfa8, un llugar con gran valor hist\u00f3ricu y emocional pa la zona.\u00a0 La conseyera Vanessa Guti\u00e9rrez tuvo nel complexu xunto a l\u2019alcaldesa de Pez\u00f3s, Luc\u00eda Villanueva, y el director xeneral de Patrimoniu Cultural, Pablo Le\u00f3n, pa conocer de primer mano\u2019l result\u00e1u [&hellip;]<\/p>\n","protected":false},"author":117,"featured_media":0,"comment_status":"open","ping_status":"open","sticky":false,"template":"","format":"standard","meta":{"footnotes":""},"categories":[22,1],"tags":[],"class_list":["post-45771","post","type-post","status-publish","format-standard","hentry","category-pueblos","category-sin-categoria"],"_links":{"self":[{"href":"https:\/\/edublog.educastur.es\/ixuxu\/wp-json\/wp\/v2\/posts\/45771","targetHints":{"allow":["GET"]}}],"collection":[{"href":"https:\/\/edublog.educastur.es\/ixuxu\/wp-json\/wp\/v2\/posts"}],"about":[{"href":"https:\/\/edublog.educastur.es\/ixuxu\/wp-json\/wp\/v2\/types\/post"}],"author":[{"embeddable":true,"href":"https:\/\/edublog.educastur.es\/ixuxu\/wp-json\/wp\/v2\/users\/117"}],"replies":[{"embeddable":true,"href":"https:\/\/edublog.educastur.es\/ixuxu\/wp-json\/wp\/v2\/comments?post=45771"}],"version-history":[{"count":8,"href":"https:\/\/edublog.educastur.es\/ixuxu\/wp-json\/wp\/v2\/posts\/45771\/revisions"}],"predecessor-version":[{"id":46425,"href":"https:\/\/edublog.educastur.es\/ixuxu\/wp-json\/wp\/v2\/posts\/45771\/revisions\/46425"}],"wp:attachment":[{"href":"https:\/\/edublog.educastur.es\/ixuxu\/wp-json\/wp\/v2\/media?parent=45771"}],"wp:term":[{"taxonomy":"category","embeddable":true,"href":"https:\/\/edublog.educastur.es\/ixuxu\/wp-json\/wp\/v2\/categories?post=45771"},{"taxonomy":"post_tag","embeddable":true,"href":"https:\/\/edublog.educastur.es\/ixuxu\/wp-json\/wp\/v2\/tags?post=45771"}],"curies":[{"name":"wp","href":"https:\/\/api.w.org\/{rel}","templated":true}]}}