{"id":45815,"date":"2025-04-11T11:35:30","date_gmt":"2025-04-11T09:35:30","guid":{"rendered":"https:\/\/edublog.educastur.es\/ixuxu\/?p=45815"},"modified":"2025-04-12T11:34:20","modified_gmt":"2025-04-12T09:34:20","slug":"aviles-recupera-un-dulce-centenariu-dasturie","status":"publish","type":"post","link":"https:\/\/edublog.educastur.es\/ixuxu\/2025\/04\/aviles-recupera-un-dulce-centenariu-dasturie\/","title":{"rendered":"Avil\u00e9s recupera un dulce centenariu d&#8217;Asturie"},"content":{"rendered":"<p style=\"text-align: center\"><a href=\"https:\/\/imagenes.elpais.com\/resizer\/v2\/ZRZL7PA4ZVHXRIAPK2P4G4A3DI.jpg?auth=6814541ed72409faed8e4333c3c5eea8e4b7c398e8ae26ed28e491eac6ab7bd5&amp;width=1200\"><img loading=\"lazy\" decoding=\"async\" class=\"aligncenter size-large\" src=\"https:\/\/imagenes.elpais.com\/resizer\/v2\/ZRZL7PA4ZVHXRIAPK2P4G4A3DI.jpg?auth=6814541ed72409faed8e4333c3c5eea8e4b7c398e8ae26ed28e491eac6ab7bd5&amp;width=1200\" width=\"1200\" height=\"1154\" \/><\/a><\/p>\n<p>Avil\u00e9s recupera un dulce centenariu d&#8217;Asturies, t\u00edpicu de Selmana Santa: el mantec\u00e1u de la confiter\u00eda Gal\u00e9. Vuelve ellaborase nel obrador d&#8217;El Palaciu d&#8217;Avil\u00e9s, cola receta orixinaria trabayada agora pol pasteleru Alejandro Montes, el ceador de Mama Framboise. Mantec\u00e1u d&#8217;Avil\u00e9s, n&#8217;una imaxe proporcionada por Gustatio.<\/p>\n<p>Fonte: <a href=\"https:\/\/elpais.com\/gastronomia\/2025-04-09\/aviles-recupera-un-dulce-centenario-de-asturias-tipico-de-semana-santa-el-mantecado-de-la-confiteria-gale.html?fbclid=IwY2xjawJlv5RleHRuA2FlbQIxMQABHkIkHUwotC2Oy2yP4HiAaz8gGPFkJb1VlZYYHOlyqWVtYcYJ1lz_CbMZO_5L_aem_uKbXiNn4yfbjWnn8PIn37w\">El Pa\u00eds<\/a> \/ <a href=\"https:\/\/www.lne.es\/aviles\/2025\/04\/11\/dulce-tipico-asturias-come-semana-116294468.html?utm_term=Autofeed&amp;utm_medium=Social&amp;utm_source=Facebook&amp;fbclid=IwY2xjawJnEpVleHRuA2FlbQIxMAABHo5Cirij1Fl5Mi3Tqk3oQDprM20MhxKMZSP24raAooZ99A8-xdmemEQi1LvT_aem_QmHFJpJGYqsE1LTxewcPTg#Echobox=1744377665\">LNE<\/a> \/<\/p>\n<p><!--more--><\/p>\n<p>Hai vida nos locales que cierren. El pas\u00e1u, hestories guardaes ente los sos murios, golores, alcordances, tradiciones. Y en dalgunos, recetarios que cuando se despolvorien guarden ayalgues. Ye lo que-y asocedi\u00f3 a los propietarios de la tienda d&#8217;alimentaci\u00f3n L&#8217;Avilesina, inaugurada n&#8217;avientu de 2024 nel coraz\u00f3n d&#8217;Avil\u00e9s, cuando recibieron el leg\u00e1u de la hist\u00f3rica confiter\u00eda Gal\u00e9, abierta en 1876, na cai de la C\u00e1mara.<\/p>\n<p>Hasta esti obrador, Manuel Gal\u00e9, el fundador, llevara les t\u00e9cniques y recetes qu&#8217;aprendi\u00f3 nos sos viaxes a Par\u00eds. Llueu fixo d&#8217;esti llugar un puntu d&#8217;alcuentru de los avilesinos y foranos, conoc\u00edu poles sos mediallunes, turrones, postres d&#8217;almendra y yema, y<strong> un mantec\u00e1u, que se convirti\u00f3 nel bollu de Pascua d&#8217;Avil\u00e9s.<\/strong> La confiter\u00eda cerr\u00f3 nos a\u00f1os noventa. El procesu de realizaci\u00f3n de los mantecaos del Palaciu d&#8217;Avil\u00e9s, n&#8217;imaxes venc\u00edes por Gustatio.<\/p>\n<p>Ye agora cuando l&#8217;empresariu Carlos Antu\u00f1a, propietariu de la mesma d&#8217;El Palaciu d&#8217;Avil\u00e9s, decide recuperar nel obrador del hotel, unu de los dulces m\u00e1s ic\u00f3nicos d&#8217;Asturies: el mantec\u00e1u de la confiter\u00eda Gal\u00e9, que se dex\u00f3 de faer cuando la confiter\u00eda cerr\u00f3 nos a\u00f1os noventa. L&#8217;encargu f\u00edxo-y lo al repostero asturianu Alejandro Montes, que cre\u00f3 en Madrid les pasteler\u00edes Mama Framboise y agora vive en Llangr\u00e9u, onde mont\u00f3 un obrador nel monte, dende onde desenvuelve productos pa empreses, como Life Gourmet Catering.<\/p>\n<p>\u201cTr\u00e1tase d&#8217;<strong>unu de los primeros bollos de viaxe, a base de mantequilla y azucre<\/strong>, qu&#8217;aguantaben los tresllaos en barcu, y nel sieglu XIX populariz\u00f3se como bollu de Pascua\u201d, rellata Montes, que dende va un a\u00f1u trabaya nel perfeccionamientu de la receta, nos distintos formatos y na imaxe del dulce, que pretenden recuperar pa la Selmana Santa avilesina. \u201cYe bono de compartir, y queremos que vuelva ser el bollu de referencia\u201d. Anque la intenci\u00f3n, como lu pasa a les torrixes ye qu&#8217;esti emblema duce de la ciud\u00e1 produza tol a\u00f1u y viaxe a cualquier rinc\u00f3n d&#8217;Espa\u00f1a.<\/p>\n<p><strong>Tr\u00e1tase d&#8217;un bizcuechu ellabor\u00e1u con mantequilla, azucre, farina y g\u00fcevos.<\/strong> Tou ello, realiz\u00e1u siguiendo la receta centenaria tradicional, y utilizando productos de cercan\u00eda, como la mantequilla asturiana o los g\u00fcevos frescos de granxa<em>. \u201dLa orixinalid\u00e1 nun ta nel productu, sin\u00f3n na forma de faelo, de glasearlo xustu nel momentu de salir a la vienta, a lo qu&#8217;hai que sumar una cuidada est\u00e9tica afecha a los nuevos tiempos<\/em>\u201d, asegura Olga Garc\u00eda, propietaria de L&#8217;Avilesina, que tien claro que \u201c<strong>ye&#8217;l postre d&#8217;Avil\u00e9s<\/strong>, el dulce m\u00e1s hist\u00f3ricu, al altor de les moscovitas o los carbayones n&#8217;Uvi\u00e9u o les princesines en Xix\u00f3n\u201d.<\/p>\n<p style=\"text-align: center\"><a href=\"https:\/\/estaticos-cdn.prensaiberica.es\/clip\/c360c60c-661c-4f4e-83c5-bd8e8fb42dad_16-9-discover-aspect-ratio_default_0.webp\"><img loading=\"lazy\" decoding=\"async\" class=\"aligncenter size-large\" src=\"https:\/\/estaticos-cdn.prensaiberica.es\/clip\/c360c60c-661c-4f4e-83c5-bd8e8fb42dad_16-9-discover-aspect-ratio_default_0.webp\" width=\"1200\" height=\"675\" \/><\/a><\/p>\n<p>Precisamente, foi a ella a quien Manolo Gal\u00e9, descendiente de la familia fundadora, confi\u00f3-y el recetariu de la confiter\u00eda, col enfotu de que dalg\u00fan d\u00eda pudieren volver recuperase. Esi d\u00eda lleg\u00f3. <strong>Y y\u00e1 pueden adquirise y encargar en distintos tama\u00f1os, de 1,9 quilos, 1 quilu y 400 gramos (esti postreru, 18 euros).<\/strong><\/p>\n<p style=\"text-align: center\"><a href=\"https:\/\/estaticos-cdn.prensaiberica.es\/clip\/fc87d949-1d21-450e-882b-ce7f22040d7f_16-9-discover-aspect-ratio_default_0.webp\"><img loading=\"lazy\" decoding=\"async\" class=\"aligncenter size-large\" src=\"https:\/\/estaticos-cdn.prensaiberica.es\/clip\/fc87d949-1d21-450e-882b-ce7f22040d7f_16-9-discover-aspect-ratio_default_0.webp\" width=\"1200\" height=\"675\" \/><\/a><\/p>\n","protected":false},"excerpt":{"rendered":"<p>Avil\u00e9s recupera un dulce centenariu d&#8217;Asturies, t\u00edpicu de Selmana Santa: el mantec\u00e1u de la confiter\u00eda Gal\u00e9. Vuelve ellaborase nel obrador d&#8217;El Palaciu d&#8217;Avil\u00e9s, cola receta orixinaria trabayada agora pol pasteleru Alejandro Montes, el ceador de Mama Framboise. Mantec\u00e1u d&#8217;Avil\u00e9s, n&#8217;una imaxe proporcionada por Gustatio. Fonte: El Pa\u00eds \/ LNE \/<\/p>\n","protected":false},"author":117,"featured_media":0,"comment_status":"open","ping_status":"open","sticky":false,"template":"","format":"standard","meta":{"footnotes":""},"categories":[153],"tags":[],"class_list":["post-45815","post","type-post","status-publish","format-standard","hentry","category-llambiotaes"],"_links":{"self":[{"href":"https:\/\/edublog.educastur.es\/ixuxu\/wp-json\/wp\/v2\/posts\/45815","targetHints":{"allow":["GET"]}}],"collection":[{"href":"https:\/\/edublog.educastur.es\/ixuxu\/wp-json\/wp\/v2\/posts"}],"about":[{"href":"https:\/\/edublog.educastur.es\/ixuxu\/wp-json\/wp\/v2\/types\/post"}],"author":[{"embeddable":true,"href":"https:\/\/edublog.educastur.es\/ixuxu\/wp-json\/wp\/v2\/users\/117"}],"replies":[{"embeddable":true,"href":"https:\/\/edublog.educastur.es\/ixuxu\/wp-json\/wp\/v2\/comments?post=45815"}],"version-history":[{"count":2,"href":"https:\/\/edublog.educastur.es\/ixuxu\/wp-json\/wp\/v2\/posts\/45815\/revisions"}],"predecessor-version":[{"id":45871,"href":"https:\/\/edublog.educastur.es\/ixuxu\/wp-json\/wp\/v2\/posts\/45815\/revisions\/45871"}],"wp:attachment":[{"href":"https:\/\/edublog.educastur.es\/ixuxu\/wp-json\/wp\/v2\/media?parent=45815"}],"wp:term":[{"taxonomy":"category","embeddable":true,"href":"https:\/\/edublog.educastur.es\/ixuxu\/wp-json\/wp\/v2\/categories?post=45815"},{"taxonomy":"post_tag","embeddable":true,"href":"https:\/\/edublog.educastur.es\/ixuxu\/wp-json\/wp\/v2\/tags?post=45815"}],"curies":[{"name":"wp","href":"https:\/\/api.w.org\/{rel}","templated":true}]}}