{"id":45836,"date":"2025-04-11T12:03:21","date_gmt":"2025-04-11T10:03:21","guid":{"rendered":"https:\/\/edublog.educastur.es\/ixuxu\/?p=45836"},"modified":"2025-04-11T12:08:12","modified_gmt":"2025-04-11T10:08:12","slug":"una-espectacular-bandada-daves-de-gran-tamanu-toma-la-ria-de-villaviciosa","status":"publish","type":"post","link":"https:\/\/edublog.educastur.es\/ixuxu\/2025\/04\/una-espectacular-bandada-daves-de-gran-tamanu-toma-la-ria-de-villaviciosa\/","title":{"rendered":"Una espectacular bandada d&#8217;aves de gran tama\u00f1u toma la r\u00eda de Villaviciosa"},"content":{"rendered":"<p style=\"text-align: center\"><a href=\"https:\/\/estaticos-cdn.prensaiberica.es\/clip\/34545843-2a9c-4807-9c84-fdb698642e0a_source-aspect-ratio_default_0.webp\"><img loading=\"lazy\" decoding=\"async\" class=\"aligncenter size-large\" src=\"https:\/\/estaticos-cdn.prensaiberica.es\/clip\/34545843-2a9c-4807-9c84-fdb698642e0a_source-aspect-ratio_default_0.webp\" width=\"1600\" height=\"1063\" \/><\/a><\/p>\n<p>\u00abLo nunca visto\u00bb en Villaviciosa: una espectacular bandada d&#8217;aves de gran tama\u00f1u toma la r\u00eda y les sos porreos. Cada primavera, delles cig\u00fce\u00f1es blanques (\u00abCiconia ciconia\u00bb) d\u00e9xense ver na <strong>r\u00eda de Villaviciosa y la so redolada, como llugar de descansu o alimentu d&#8217;\u00e9sta y otres aves nos sos pasos migratorios per Asturies.<\/strong><\/p>\n<ul>\n<li>Fonte: <a href=\"https:\/\/www.lne.es\/villaviciosa\/2025\/04\/11\/visto-villaviciosa-espectacular-bandada-aves-116278277.html?utm_medium=Social&amp;utm_campaign=Echobox&amp;utm_source=Facebook&amp;fbclid=IwY2xjawJlx_FleHRuA2FlbQIxMAABHt5H3m1UWC7n-62Trrr_Mrx8vrIqI_Uj7shvcwSf3Azo54vvfNVG5zk-7kho_aem_tSqNJTkRXAUkMkDzFOo2-Q#Echobox=1744357991\">LNE<\/a> \/<\/li>\n<\/ul>\n<p><!--more--><\/p>\n<p>Los exemplares baxaron en c\u00edrculos sobro l&#8217;estuariu: &#8216;Foi xuna marav\u00eda, daqu\u00e9 estraordinariu&#8217;. Cada primavera, delles cig\u00fce\u00f1es blanques (\u00abCiconia ciconia\u00bb) d\u00e9xense ver na <strong>r\u00eda de Villaviciosa y la so redolada, como llugar de descansu o alimentu d&#8217;\u00e9sta y otres aves nos sos pasos migratorios per Asturies.<\/strong> Pero esti mi\u00e9rcoles la sorpresa foi may\u00fascula para los vecinos del barriu La Vienta de Torn\u00f3n, cuando vieron un bandu de 18 cig\u00fce\u00f1es baxar en c\u00edrculos sobro los porreos de riba y Villaverde.<\/p>\n<p><em>\u201cFoi xuna marav\u00eda ver la so guapura. Otros a\u00f1os n\u00e9sta d\u00f3mina vemos nestos porreos dos o tr\u00e9s cig\u00fce\u00f1es, o dalguna pareya, un a\u00f1u llegaron un grupu d&#8217;ocho, pero ver dieciocho cig\u00fce\u00f1es xuntes foi daqu\u00e9 estraordinariu. Veles baxar toes al empar de forma sincronizada foi tou un espect\u00e1culu dignu de ver\u201d,<\/em> esplica abluc\u00e1u Guilermo Cadavieco, vec\u00edn de Torn\u00f3n que caminaba col so perru pela ruta de pas\u00e9u de la zona..<\/p>\n<p>Seg\u00fan Cadavieco, <strong>nestos terrenes inundables les aves atopen muncha comida.<\/strong> \u00abEqu\u00ed son bien abondosos les xaronques, anguiles, c\u00e1mbaros, xaronques y otres especies. Tami\u00e9n hai tierres semaes onde pueden comer y ver bien relaxaes, aliment\u00e1ndose en compa\u00f1\u00eda d&#8217;un fat\u00e1u de vaques. A esta zona ye habitual que lleguen en busca de comida garces, garcetas, gallinetes o cor\u00edos. <strong>Pero 18 cig\u00fce\u00f1es xuntes ye daqu\u00e9 ins\u00f3litu que nun se vio nunca en Villaviciosa,<\/strong> y de xuru tampoco n&#8217;Asturies. Ser\u00eda bonu poner asentamientos para intentar que pudieren a\u00f1erar\u201c, esplica entusiasm\u00e1u Cadavieco pola sorprendente visita.<\/p>\n<p>El bi\u00f3logu maliay\u00e9s Gonzalo Gil esplica lo inusual de la llegada d&#8217;estes aves a Villaviciosa:<strong><em> \u00abLa cig\u00fce\u00f1a blanca ye una ave pocu com\u00fan n&#8217;Asturies, con solu dos o tr\u00e9s pareyes nidificantes.<\/em><\/strong> En primavera, les que se ven en Villaviciosa son migratories que provienen de Castiella o \u00c1frica, onde enviernen. Estes aves faen una parada nos praos h\u00famedos barganal de la r\u00eda para alimentase antes de siguir la so ruta escontra&#8217;l norte d&#8217;Europa.<\/p>\n<p>Guillermo Cadavieco que se paso la tarde esfrutando de la guapura y l&#8217;espect\u00e1culu d&#8217;estes maxestoses aves, recuerda tami\u00e9n<em> \u00ab<strong>la importancia de caltener la riqueza ecol\u00f3xica d&#8217;esta redolada de la r\u00eda, y la necesid\u00e1 de protecci\u00f3n d&#8217;estos pervalibles ecosistemes\u00bb.<\/strong><\/em><\/p>\n","protected":false},"excerpt":{"rendered":"<p>\u00abLo nunca visto\u00bb en Villaviciosa: una espectacular bandada d&#8217;aves de gran tama\u00f1u toma la r\u00eda y les sos porreos. Cada primavera, delles cig\u00fce\u00f1es blanques (\u00abCiconia ciconia\u00bb) d\u00e9xense ver na r\u00eda de Villaviciosa y la so redolada, como llugar de descansu o alimentu d&#8217;\u00e9sta y otres aves nos sos pasos migratorios per Asturies. Fonte: LNE \/<\/p>\n","protected":false},"author":117,"featured_media":0,"comment_status":"open","ping_status":"open","sticky":false,"template":"","format":"standard","meta":{"footnotes":""},"categories":[1],"tags":[],"class_list":["post-45836","post","type-post","status-publish","format-standard","hentry","category-sin-categoria"],"_links":{"self":[{"href":"https:\/\/edublog.educastur.es\/ixuxu\/wp-json\/wp\/v2\/posts\/45836","targetHints":{"allow":["GET"]}}],"collection":[{"href":"https:\/\/edublog.educastur.es\/ixuxu\/wp-json\/wp\/v2\/posts"}],"about":[{"href":"https:\/\/edublog.educastur.es\/ixuxu\/wp-json\/wp\/v2\/types\/post"}],"author":[{"embeddable":true,"href":"https:\/\/edublog.educastur.es\/ixuxu\/wp-json\/wp\/v2\/users\/117"}],"replies":[{"embeddable":true,"href":"https:\/\/edublog.educastur.es\/ixuxu\/wp-json\/wp\/v2\/comments?post=45836"}],"version-history":[{"count":5,"href":"https:\/\/edublog.educastur.es\/ixuxu\/wp-json\/wp\/v2\/posts\/45836\/revisions"}],"predecessor-version":[{"id":45841,"href":"https:\/\/edublog.educastur.es\/ixuxu\/wp-json\/wp\/v2\/posts\/45836\/revisions\/45841"}],"wp:attachment":[{"href":"https:\/\/edublog.educastur.es\/ixuxu\/wp-json\/wp\/v2\/media?parent=45836"}],"wp:term":[{"taxonomy":"category","embeddable":true,"href":"https:\/\/edublog.educastur.es\/ixuxu\/wp-json\/wp\/v2\/categories?post=45836"},{"taxonomy":"post_tag","embeddable":true,"href":"https:\/\/edublog.educastur.es\/ixuxu\/wp-json\/wp\/v2\/tags?post=45836"}],"curies":[{"name":"wp","href":"https:\/\/api.w.org\/{rel}","templated":true}]}}