{"id":45842,"date":"2025-04-11T13:44:06","date_gmt":"2025-04-11T11:44:06","guid":{"rendered":"https:\/\/edublog.educastur.es\/ixuxu\/?p=45842"},"modified":"2025-04-11T18:29:03","modified_gmt":"2025-04-11T16:29:03","slug":"taller-infantil-conociendo-la-vida-de-les-camparines","status":"publish","type":"post","link":"https:\/\/edublog.educastur.es\/ixuxu\/2025\/04\/taller-infantil-conociendo-la-vida-de-les-camparines\/","title":{"rendered":"Taller infantil: \u201cConociendo la vida de les camparines\u201d"},"content":{"rendered":"<div class=\"html-div xdj266r xat24cr x1mh8g0r xexx8yu x4uap5 x18d9i69 xkhd6sd x78zum5 x2lah0s xqtp20y x1emribx\">\n<div class=\"xc9qbxq x1td3qas x6s0dn4 x78zum5 xl56j7k\">\n<div class=\"\" style=\"text-align: center\">\n<!-- iframe plugin v.6.0 wordpress.org\/plugins\/iframe\/ -->\n<iframe loading=\"lazy\" src=\"https:\/\/www.facebook.com\/plugins\/post.php?href=https%3A%2F%2Fwww.facebook.com%2Fpermalink.php%3Fstory_fbid%3Dpfbid0qpvbbzMqewv84kUHsMg5p55gSm34VsPs3tSaj3sjQg2fJLG5RUX4wG7JQCtCQiePl%26id%3D100064652505203&#038;show_text=false&#038;width=500\" width=\"500\" height=\"497\" style=\"border:none;overflow:hidden\" scrolling=\"no\" frameborder=\"0\" allowfullscreen=\"true\" allow=\"autoplay; clipboard-write; encrypted-media; picture-in-picture; web-share\" 0=\"\/iframe\" class=\"iframe-class\"><\/iframe>\n<\/div>\n<\/div>\n<\/div>\n<div class=\"x78zum5 xdt5ytf xz62fqu x16ldp7u\">\n<div class=\"xu06os2 x1ok221b\">\n<div class=\"html-div xdj266r x11i5rnm xat24cr x1mh8g0r xexx8yu x4uap5 x18d9i69 xkhd6sd\" data-ad-rendering-role=\"profile_name\">\n<ul>\n<li class=\"html-h3 x11i5rnm xat24cr x1mh8g0r xexx8yu x4uap5 x18d9i69 xkhd6sd x1vvkbs x1heor9g x1qlqyl8 x1pd3egz x1a2a7pz x1gslohp x1yc453h\"><span class=\"x1lliihq x6ikm8r x10wlt62 x1n2onr6\"><span class=\"xt0psk2\"><span class=\"xjp7ctv\"><a class=\"x1i10hfl xjbqb8w x1ejq31n xd10rxx x1sy0etr x17r0tee x972fbf xcfux6l x1qhh985 xm0m39n x9f619 x1ypdohk xt0psk2 xe8uvvx xdj266r x11i5rnm xat24cr x1mh8g0r xexx8yu x4uap5 x18d9i69 xkhd6sd x16tdsg8 x1hl2dhg xggy1nq x1a2a7pz xkrqix3 x1sur9pj xzsf02u x1s688f\" role=\"link\" href=\"https:\/\/www.facebook.com\/profile.php?id=100064652505203&amp;__cft__[0]=AZUAv2TeMGZEYpok_J-sYowQTPcwFW5trk-0t1GWinXe_teXoOkWW6Hu9JnE-C8KJY4Ei8TKnjoaOAmQAUQ_NOT2NF2IIKfxyjUgKiLRQGKUnNFn0T3IZn3Lc2Fc8foKfgWT0onyTOqIiU4rornojsASHtiAPsOFxPiwG12e4YEjvLFXL8gK1tuU18SCVknNY10IQ96qtbr6_aTCSAXlPryN&amp;__tn__=-UC%2CP-y-R\"><strong class=\"html-strong xdj266r x11i5rnm xat24cr x1mh8g0r xexx8yu x4uap5 x18d9i69 xkhd6sd x1hl2dhg x16tdsg8 x1vvkbs x1s688f\"><span class=\"html-span xdj266r x11i5rnm xat24cr x1mh8g0r xexx8yu x4uap5 x18d9i69 xkhd6sd x1hl2dhg x16tdsg8 x1vvkbs\">Red Natural de Asturias<\/span><\/strong><\/a><\/span><\/span><\/span>\/ <a href=\"https:\/\/scontent-mad1-1.xx.fbcdn.net\/v\/t39.30808-6\/490303455_1133885485443191_2269047540604929960_n.jpg?_nc_cat=105&amp;ccb=1-7&amp;_nc_sid=833d8c&amp;_nc_ohc=tNOWlajqYRsQ7kNvwGJG3rB&amp;_nc_oc=AdmWKB3cBSAVNWPaOuUnzmCVvCRrFJSdC3xAac0KVLV6gx0iiiPhfFBnReWp473Zuzg&amp;_nc_zt=23&amp;_nc_ht=scontent-mad1-1.xx&amp;_nc_gid=XVtdFA0eVy0n-iRdsxkzKg&amp;oh=00_AfGhmXkxH2VoJiahz9spJDcg87kAuhCbjxKNK8pLBA102A&amp;oe=67FEE837\">cartelu<\/a> \/ Ne\u00f1os y ne\u00f1es de 6 a 12 a\u00f1os<\/li>\n<li>Inscr\u00edbete nel corr\u00e9u info@rednaturaldeasturias.es<\/li>\n<\/ul>\n<\/div>\n<\/div>\n<\/div>\n<div class=\"html-div xdj266r x11i5rnm xat24cr x1mh8g0r xexx8yu x4uap5 x18d9i69 xkhd6sd\" dir=\"auto\">\n<div class=\"html-div xdj266r x11i5rnm xat24cr x1mh8g0r xexx8yu x4uap5 x18d9i69 xkhd6sd\" dir=\"auto\">\n<div class=\"html-div xdj266r x11i5rnm xat24cr x1mh8g0r xexx8yu x4uap5 x18d9i69 xkhd6sd\" data-ad-rendering-role=\"story_message\">\n<div class=\"x1l90r2v x1iorvi4 x1ye3gou xn6708d\" data-ad-comet-preview=\"message\" data-ad-preview=\"message\">\n<div class=\"x78zum5 xdt5ytf xz62fqu x16ldp7u\">\n<div class=\"xu06os2 x1ok221b\">\n<div class=\"x11i5rnm xat24cr x1mh8g0r x1vvkbs xtlvy1s x126k92a\">\n<div dir=\"auto\">\n<p>\u00bfQuies que los m\u00e1s pequenos pasen una tarde distinta y risondera nuna redolada natural? Ap\u00fantalos al nuesu taller infantil:<span style=\"color: #008080\"><strong> \u201cConociendo la vida de les camparines\u201d.<\/strong><\/span> <strong><span style=\"color: #008080\">Esti s\u00e1badu 12 d&#8217;abril n&#8217;horariu de 16:00 a 18:00hores<\/span>. <\/strong>Los nuesos talleres t\u00e1n dise\u00f1aos por que xueguen, apriendan y sobremanera que conozan la importancia del caltenimientu de la naturaleza y el medio ambiente y en que meyor llugar qu&#8217;en los nuesos centros d&#8217;interpretaci\u00f3n.<\/p>\n<p><!--more--><\/p>\n<p>\u00bfEn qu\u00e9 Centros pueden esfrutar d&#8217;esti taller?<\/p>\n<ul>\n<li><em>Centru d&#8217;Interpretaci\u00f3n de la <strong>Reserva Natural Parcial de la R\u00eda de Villaviciosa.<\/strong><\/em><\/li>\n<li><em>Centru d&#8217;Interpretaci\u00f3n de la<strong> Reserva Integral de Muniellos.<\/strong><\/em><\/li>\n<li><em>Centru d&#8217;Interpretaci\u00f3n del <strong>Parque Natural de Somiedu.<\/strong><\/em><\/li>\n<li><em>Centru d&#8217;Interpretaci\u00f3n del <strong>Parque Natural de Ponga<\/strong> <\/em><\/li>\n<li><em>Centro d&#8217;Interpretaci\u00f3ndel <strong>Parque Natural de Redes.<\/strong><\/em><\/li>\n<li><em>Casa de l&#8217;Agua (Ruseco, <strong>Parque Natural de Redes<\/strong><\/em><\/li>\n<\/ul>\n<p>&nbsp;<\/p>\n<\/div>\n<\/div>\n<\/div>\n<\/div>\n<\/div>\n<\/div>\n<\/div>\n<\/div>\n<p>&nbsp;<\/p>\n","protected":false},"excerpt":{"rendered":"<p>Red Natural de Asturias\/ cartelu \/ Ne\u00f1os y ne\u00f1es de 6 a 12 a\u00f1os Inscr\u00edbete nel corr\u00e9u info@rednaturaldeasturias.es \u00bfQuies que los m\u00e1s pequenos pasen una tarde distinta y risondera nuna redolada natural? Ap\u00fantalos al nuesu taller infantil: \u201cConociendo la vida de les camparines\u201d. Esti s\u00e1badu 12 d&#8217;abril n&#8217;horariu de 16:00 a 18:00hores. Los nuesos talleres [&hellip;]<\/p>\n","protected":false},"author":117,"featured_media":0,"comment_status":"open","ping_status":"open","sticky":false,"template":"","format":"standard","meta":{"footnotes":""},"categories":[314],"tags":[],"class_list":["post-45842","post","type-post","status-publish","format-standard","hentry","category-rede-natura-dasturies"],"_links":{"self":[{"href":"https:\/\/edublog.educastur.es\/ixuxu\/wp-json\/wp\/v2\/posts\/45842","targetHints":{"allow":["GET"]}}],"collection":[{"href":"https:\/\/edublog.educastur.es\/ixuxu\/wp-json\/wp\/v2\/posts"}],"about":[{"href":"https:\/\/edublog.educastur.es\/ixuxu\/wp-json\/wp\/v2\/types\/post"}],"author":[{"embeddable":true,"href":"https:\/\/edublog.educastur.es\/ixuxu\/wp-json\/wp\/v2\/users\/117"}],"replies":[{"embeddable":true,"href":"https:\/\/edublog.educastur.es\/ixuxu\/wp-json\/wp\/v2\/comments?post=45842"}],"version-history":[{"count":2,"href":"https:\/\/edublog.educastur.es\/ixuxu\/wp-json\/wp\/v2\/posts\/45842\/revisions"}],"predecessor-version":[{"id":45844,"href":"https:\/\/edublog.educastur.es\/ixuxu\/wp-json\/wp\/v2\/posts\/45842\/revisions\/45844"}],"wp:attachment":[{"href":"https:\/\/edublog.educastur.es\/ixuxu\/wp-json\/wp\/v2\/media?parent=45842"}],"wp:term":[{"taxonomy":"category","embeddable":true,"href":"https:\/\/edublog.educastur.es\/ixuxu\/wp-json\/wp\/v2\/categories?post=45842"},{"taxonomy":"post_tag","embeddable":true,"href":"https:\/\/edublog.educastur.es\/ixuxu\/wp-json\/wp\/v2\/tags?post=45842"}],"curies":[{"name":"wp","href":"https:\/\/api.w.org\/{rel}","templated":true}]}}