{"id":45846,"date":"2025-04-11T18:32:08","date_gmt":"2025-04-11T16:32:08","guid":{"rendered":"https:\/\/edublog.educastur.es\/ixuxu\/?p=45846"},"modified":"2025-04-12T11:37:44","modified_gmt":"2025-04-12T09:37:44","slug":"asina-va-ser-el-prosimu-calendariu-escolar-nasturies","status":"publish","type":"post","link":"https:\/\/edublog.educastur.es\/ixuxu\/2025\/04\/asina-va-ser-el-prosimu-calendariu-escolar-nasturies\/","title":{"rendered":"Asina va ser el pr\u00f3simu calendariu escolar  n&#8217;Asturies"},"content":{"rendered":"<p><a href=\"https:\/\/s2.ppllstatics.com\/elcomercio\/www\/multimedia\/2025\/04\/11\/calendario-escolar-bueno-RFz78iCriDkS8KeMdeK5SSP-1200x840@El%20Comercio.jpg\"><img loading=\"lazy\" decoding=\"async\" class=\"aligncenter size-large\" src=\"https:\/\/s2.ppllstatics.com\/elcomercio\/www\/multimedia\/2025\/04\/11\/calendario-escolar-bueno-RFz78iCriDkS8KeMdeK5SSP-1200x840@El%20Comercio.jpg\" width=\"1200\" height=\"840\" \/><\/a><\/p>\n<ul>\n<li>Fonte: <a href=\"https:\/\/www.elcomercio.es\/asturias\/calendario-escolar-asturias-2025-2026-20250411132436-nt.html?fbclid=IwY2xjawJmIsZleHRuA2FlbQIxMQABHmq864oizWoU8uCGnyBY4Mu77_rr7-jiXJcwPhTiJukhGwUG-JUoRoDoZM6t_aem_WrB-vm4WiylgwgTUvb9COQ\">El Comercio<\/a> \/ <a href=\"https:\/\/www.educastur.es\/-\/calendario-escolar-2025-2026?redirect=%2F\"><strong>Educastur<\/strong><\/a> \/<\/li>\n<li><a href=\"https:\/\/www.educastur.es\/documents\/34868\/39087\/2025-04-calendario-escolar-25-26.pdf\/369f8130-ef9e-57db-0b39-b5a9a8100ac3?t=1744369814424\" target=\"_blank\" rel=\"noopener\">Calendario escolar 25-26<\/a> (pdf) \/\u00a0<a href=\"https:\/\/www.educastur.es\/documents\/34868\/39087\/2025-04-calendario-escolar-25-26-infantil-03.pdf\/9077ad51-43d7-1add-476a-2eff88aea119?t=1744369839377\" target=\"_blank\" rel=\"noopener\">Calendario 25-26. E. Infantil 0-3 a\u00f1os<\/a>\u00a0(pdf)<\/li>\n<\/ul>\n<p>Ye unu de los momentos m\u00e1s esperaos por families y docentes: conocer el calendariu escolar del siguiente cursu. G\u00fcei la Conseyer\u00eda d&#8217;Educaci\u00f3n present\u00f3 la so propuesta, que vuelve ser unificada para Infantil, Primaria, Secundaria y Bachilleratu para&#8217;l cursu 2025-2026, que dende va dos a\u00f1os empiecen y acaben al empar, al contrariu de lo qu&#8217;asoced\u00eda antes.<\/p>\n<p><!--more--><\/p>\n<p>Pero, ensin dulda, la cuesti\u00f3n que xenera m\u00e1s alderique siempres son lo qu&#8217;Educaci\u00f3n denomina \u00abperiodos de respiru\u00bb, esto ye, descansos m\u00e1s o menos llargos, y una vegada m\u00e1s va haber unu por trimestre. Fai esactamente diez a\u00f1os que los sindicatos educativos abrieron l&#8217;alderique sobro la duraci\u00f3n y modelu de los trimestres. Propon\u00eden pasar del modelu de los tr\u00e9s grandes periodos lectivos a unu de cinco, m\u00e1s curtios y con mayores periodos de descansu en mediu. Falaben del &#8216;modelu pedag\u00f3xicu&#8217;.<\/p>\n<p>Aquel modelu nunca se lleg\u00f3 a aplicar porque nunca hubo unanimid\u00e1 ente les partes implicaes, principalmente ente los sindicatos y les families. Pero, col tiempu, diose con una especie de modelu h\u00edbridu&#8217; que dexa incorporar a met\u00e1 de cada unu de los tr\u00e9s trimestres varios d\u00edes non lectivos.<\/p>\n<p>La propuesta que present\u00f3 Educaci\u00f3n afita l&#8217;entamu del cursu&#8217;l 9 de setiembre de 2025 y la so final, el 19 de xunu<strong>. Van Ser, en total, 177 d\u00edes lectivos,<\/strong> distribuy\u00edos en per\u00edodos de 70, 54 y 53 pa cada unu de los trimestres.<strong> A esta cifra, hai que descontar los dos festivos locales de cada conceyu<\/strong>. Les vacaciones de Navid\u00e1 suman 19 d\u00edes (del 20 d&#8217;avientu al 7 de xineru), xuno m\u00e1s que l&#8217;actual cursu, y les de Selmana Santa, otros 9 (del 28 de marzu al 5 d&#8217;abril).<\/p>\n<p style=\"text-align: center\"><a href=\"https:\/\/estaticos-cdn.prensaiberica.es\/clip\/262bd227-9e0c-4c9c-b490-7fa951f544da_source-aspect-ratio_default_0.webp\"><strong>Calendariu de Les Escuelines<\/strong><\/a><\/p>\n<p style=\"text-align: center\"><a href=\"https:\/\/estaticos-cdn.prensaiberica.es\/clip\/262bd227-9e0c-4c9c-b490-7fa951f544da_source-aspect-ratio_default_0.webp\"><img loading=\"lazy\" decoding=\"async\" class=\"aligncenter size-large\" src=\"https:\/\/estaticos-cdn.prensaiberica.es\/clip\/262bd227-9e0c-4c9c-b490-7fa951f544da_source-aspect-ratio_default_0.webp\" width=\"1200\" height=\"846\" \/><\/a><\/p>\n<p>&nbsp;<\/p>\n","protected":false},"excerpt":{"rendered":"<p>Fonte: El Comercio \/ Educastur \/ Calendario escolar 25-26 (pdf) \/\u00a0Calendario 25-26. E. Infantil 0-3 a\u00f1os\u00a0(pdf) Ye unu de los momentos m\u00e1s esperaos por families y docentes: conocer el calendariu escolar del siguiente cursu. G\u00fcei la Conseyer\u00eda d&#8217;Educaci\u00f3n present\u00f3 la so propuesta, que vuelve ser unificada para Infantil, Primaria, Secundaria y Bachilleratu para&#8217;l cursu 2025-2026, [&hellip;]<\/p>\n","protected":false},"author":117,"featured_media":0,"comment_status":"open","ping_status":"open","sticky":false,"template":"","format":"standard","meta":{"footnotes":""},"categories":[73],"tags":[],"class_list":["post-45846","post","type-post","status-publish","format-standard","hentry","category-calendariu"],"_links":{"self":[{"href":"https:\/\/edublog.educastur.es\/ixuxu\/wp-json\/wp\/v2\/posts\/45846","targetHints":{"allow":["GET"]}}],"collection":[{"href":"https:\/\/edublog.educastur.es\/ixuxu\/wp-json\/wp\/v2\/posts"}],"about":[{"href":"https:\/\/edublog.educastur.es\/ixuxu\/wp-json\/wp\/v2\/types\/post"}],"author":[{"embeddable":true,"href":"https:\/\/edublog.educastur.es\/ixuxu\/wp-json\/wp\/v2\/users\/117"}],"replies":[{"embeddable":true,"href":"https:\/\/edublog.educastur.es\/ixuxu\/wp-json\/wp\/v2\/comments?post=45846"}],"version-history":[{"count":5,"href":"https:\/\/edublog.educastur.es\/ixuxu\/wp-json\/wp\/v2\/posts\/45846\/revisions"}],"predecessor-version":[{"id":45874,"href":"https:\/\/edublog.educastur.es\/ixuxu\/wp-json\/wp\/v2\/posts\/45846\/revisions\/45874"}],"wp:attachment":[{"href":"https:\/\/edublog.educastur.es\/ixuxu\/wp-json\/wp\/v2\/media?parent=45846"}],"wp:term":[{"taxonomy":"category","embeddable":true,"href":"https:\/\/edublog.educastur.es\/ixuxu\/wp-json\/wp\/v2\/categories?post=45846"},{"taxonomy":"post_tag","embeddable":true,"href":"https:\/\/edublog.educastur.es\/ixuxu\/wp-json\/wp\/v2\/tags?post=45846"}],"curies":[{"name":"wp","href":"https:\/\/api.w.org\/{rel}","templated":true}]}}