{"id":45875,"date":"2025-04-12T08:30:33","date_gmt":"2025-04-12T06:30:33","guid":{"rendered":"https:\/\/edublog.educastur.es\/ixuxu\/?p=45875"},"modified":"2025-04-12T11:43:06","modified_gmt":"2025-04-12T09:43:06","slug":"el-tiempu-el-comercio-43","status":"publish","type":"post","link":"https:\/\/edublog.educastur.es\/ixuxu\/2025\/04\/el-tiempu-el-comercio-43\/","title":{"rendered":"El tiempu n&#8217;Asturies: esp\u00e9rase un d\u00eda inestable."},"content":{"rendered":"<p>Los bastios podr\u00eden aportar a localmente fuertes nel interior por momentos y nun se refuga que vengan acompa\u00f1aos de dalguna qu&#8217;otra nube.<\/p>\n<ul>\n<li>Fonte: <a href=\"https:\/\/www.elcomercio.es\/asturias\/tiempo-asturias-prevision-sabado-12-abril-semana-santa-20250411224924-nt.html\">El Comercio<\/a> \/ <span class=\"r-18u37iz\"><a class=\"css-4rbku5 css-18t94o4 css-901oao css-16my406 r-1loqt21 r-poiln3 r-bcqeeo r-qvutc0\" dir=\"ltr\" role=\"link\" href=\"https:\/\/twitter.com\/hashtag\/AEMET?ref_src=twsrc%5Etfw%7Ctwcamp%5Etweetembed%7Ctwterm%5E1910250434960179326%7Ctwgr%5E48f796cf153ca0e73b5cd572a0bfd4c2607487fb%7Ctwcon%5Es1_&amp;ref_url=https%3A%2F%2Fwww.elcomercio.es%2Fasturias%2Fsemana-santa-asturias-2025-tiempo-domingo-ramos-20250411115332-nt.html&amp;src=hashtag_click\" target=\"_blank\" rel=\"noopener noreferrer nofollow\">AEMET<\/a><\/span><span class=\"css-901oao css-16my406 r-poiln3 r-bcqeeo r-qvutc0\">\/ <\/span><span class=\"r-18u37iz\"><a class=\"css-4rbku5 css-18t94o4 css-901oao css-16my406 r-1loqt21 r-poiln3 r-bcqeeo r-qvutc0\" dir=\"ltr\" role=\"link\" href=\"https:\/\/twitter.com\/hashtag\/FMA?ref_src=twsrc%5Etfw%7Ctwcamp%5Etweetembed%7Ctwterm%5E1910250434960179326%7Ctwgr%5E48f796cf153ca0e73b5cd572a0bfd4c2607487fb%7Ctwcon%5Es1_&amp;ref_url=https%3A%2F%2Fwww.elcomercio.es%2Fasturias%2Fsemana-santa-asturias-2025-tiempo-domingo-ramos-20250411115332-nt.html&amp;src=hashtag_click\" target=\"_blank\" rel=\"noopener noreferrer nofollow\">#FMA<\/a><\/span><span class=\"css-901oao css-16my406 r-poiln3 r-bcqeeo r-qvutc0\"> \/ <\/span><a class=\"css-4rbku5 css-18t94o4 css-901oao css-16my406 r-1loqt21 r-poiln3 r-bcqeeo r-qvutc0\" dir=\"ltr\" role=\"link\" href=\"https:\/\/t.co\/H8yYeZd9kg\" target=\"_blank\" rel=\"noopener noreferrer nofollow\"><span class=\"css-901oao css-16my406 r-poiln3 r-hiw28u r-qvk6io r-bcqeeo r-qvutc0\" aria-hidden=\"true\">http:\/\/<\/span>aemet.es\/es\/eltiempo\/pr<span class=\"css-901oao css-16my406 r-poiln3 r-hiw28u r-qvk6io r-bcqeeo r-qvutc0\" aria-hidden=\"true\">ediccion\/avisos?w=mna&amp;k=ast<\/span><\/a><\/li>\n<\/ul>\n<p style=\"text-align: center\"><a href=\"https:\/\/s1.ppllstatics.com\/elcomercio\/www\/multimedia\/2025\/04\/11\/tiempo-asturias-k8mF-U2301404163085IHH-1200x840@El%20Comercio.jpg\"><img loading=\"lazy\" decoding=\"async\" class=\"aligncenter size-large\" src=\"https:\/\/s1.ppllstatics.com\/elcomercio\/www\/multimedia\/2025\/04\/11\/tiempo-asturias-k8mF-U2301404163085IHH-1200x840@El%20Comercio.jpg\" width=\"1200\" height=\"840\" \/><\/a><\/p>\n<p style=\"text-align: center\"><!--more--><\/p>\n<p>La previsi\u00f3n del tiempu n&#8217;Asturies para esti s\u00e1badu: esp\u00e9rase un d\u00eda inestable. Los cielos van tar nublos mientres pr\u00e1cticamente tol d\u00eda. Pela ma\u00f1ana nun se refuguen y\u00e1 dellos bastios siquier nel cordal, pero va ser a partir del mediud\u00eda cuando aumente la probabilid\u00e1 de precipitaciones nel restu d&#8217;Asturies. Los bastios podr\u00eden aportar a localmente fuertes nel interior por momentos y nun se refuga que vengan acompa\u00f1aos de dalguna qu&#8217;otra nube.<\/p>\n<p>Comoquier, <strong>cuanto m\u00e1s movamos escontra la mari\u00f1a menos frecuentes van ser les ag\u00fces<\/strong>. Los mayores rexistros esp\u00e9rense na met\u00e1 sur asturiana onde, concretamente, podr\u00eden llegar a anotase hasta m\u00e1s de 30 llitros per metro cuadr\u00e1u mientres el s\u00e1badu. Les temperatures, am\u00e1s, van baxar de forma xeneralizada nel casu de les m\u00e1ximes. Dichu descensu va ser notable nel terciu sur (hasta 6 o 7 \u00baC menos qu&#8217;ayeri vienres), m\u00e1s moder\u00e1u nel restu del interior (hasta 4 o 5 \u00baC menos), y menos significativu na mari\u00f1a.<\/p>\n<p><strong>El domingu, d\u00eda de Ramos<\/strong>, a priori esp\u00e9rase una xornada m\u00e1s estable que la de g\u00fcei, anque nun se refuga que puedan escapase delles gotes preferentemente pela ma\u00f1ana. Van predominar les nubes nel cielu pero van ser menos compactes que nel casu d&#8217;esti s\u00e1badu. Les temperatures van baxar un pocu ent\u00e1 ye m\u00e1s polo que nun va ser un d\u00eda bien prestosu en realid\u00e1.<\/p>\n","protected":false},"excerpt":{"rendered":"<p>Los bastios podr\u00eden aportar a localmente fuertes nel interior por momentos y nun se refuga que vengan acompa\u00f1aos de dalguna qu&#8217;otra nube. Fonte: El Comercio \/ AEMET\/ #FMA \/ http:\/\/aemet.es\/es\/eltiempo\/prediccion\/avisos?w=mna&amp;k=ast<\/p>\n","protected":false},"author":117,"featured_media":0,"comment_status":"open","ping_status":"open","sticky":false,"template":"","format":"standard","meta":{"footnotes":""},"categories":[5],"tags":[],"class_list":["post-45875","post","type-post","status-publish","format-standard","hentry","category-tiempu"],"_links":{"self":[{"href":"https:\/\/edublog.educastur.es\/ixuxu\/wp-json\/wp\/v2\/posts\/45875","targetHints":{"allow":["GET"]}}],"collection":[{"href":"https:\/\/edublog.educastur.es\/ixuxu\/wp-json\/wp\/v2\/posts"}],"about":[{"href":"https:\/\/edublog.educastur.es\/ixuxu\/wp-json\/wp\/v2\/types\/post"}],"author":[{"embeddable":true,"href":"https:\/\/edublog.educastur.es\/ixuxu\/wp-json\/wp\/v2\/users\/117"}],"replies":[{"embeddable":true,"href":"https:\/\/edublog.educastur.es\/ixuxu\/wp-json\/wp\/v2\/comments?post=45875"}],"version-history":[{"count":5,"href":"https:\/\/edublog.educastur.es\/ixuxu\/wp-json\/wp\/v2\/posts\/45875\/revisions"}],"predecessor-version":[{"id":45880,"href":"https:\/\/edublog.educastur.es\/ixuxu\/wp-json\/wp\/v2\/posts\/45875\/revisions\/45880"}],"wp:attachment":[{"href":"https:\/\/edublog.educastur.es\/ixuxu\/wp-json\/wp\/v2\/media?parent=45875"}],"wp:term":[{"taxonomy":"category","embeddable":true,"href":"https:\/\/edublog.educastur.es\/ixuxu\/wp-json\/wp\/v2\/categories?post=45875"},{"taxonomy":"post_tag","embeddable":true,"href":"https:\/\/edublog.educastur.es\/ixuxu\/wp-json\/wp\/v2\/tags?post=45875"}],"curies":[{"name":"wp","href":"https:\/\/api.w.org\/{rel}","templated":true}]}}