{"id":45909,"date":"2025-04-13T08:20:56","date_gmt":"2025-04-13T06:20:56","guid":{"rendered":"https:\/\/edublog.educastur.es\/ixuxu\/?p=45909"},"modified":"2025-04-13T17:44:25","modified_gmt":"2025-04-13T15:44:25","slug":"45909","status":"publish","type":"post","link":"https:\/\/edublog.educastur.es\/ixuxu\/2025\/04\/45909\/","title":{"rendered":"El tiempu (El Comercio)"},"content":{"rendered":"<p>La previsi\u00f3n del tiempu n&#8217;Asturies para esti domingu:<strong> esperamos un d\u00eda carg\u00e1u de nubes.<\/strong><\/p>\n<p style=\"text-align: center\"><a href=\"https:\/\/s2.ppllstatics.com\/elcomercio\/www\/multimedia\/2025\/04\/12\/tiempo-asturias-domingo-13-abril-kmNC-U2301404163085IHH-1200x840@El%20Comercio.jpg\"><img loading=\"lazy\" decoding=\"async\" class=\"aligncenter size-large\" src=\"https:\/\/s2.ppllstatics.com\/elcomercio\/www\/multimedia\/2025\/04\/12\/tiempo-asturias-domingo-13-abril-kmNC-U2301404163085IHH-1200x840@El%20Comercio.jpg\" width=\"1200\" height=\"840\" \/><\/a><\/p>\n<p><!--more--><\/p>\n<p>La previsi\u00f3n del tiempu n&#8217;Asturies para esti domingu:<strong> esperamos un d\u00eda carg\u00e1u de nubes.<\/strong> Les precipitaciones van ser de calter d\u00e9bil pela ma\u00f1ana con encl\u00edn a unviar, sobremanera, a partir del mediud\u00eda salvu nel cordal y otres zones del terciu sur asturianu onde ent\u00e1 va poder siguir lloviendo sele mientres el restu de la xornada.<\/p>\n<p>Nun se descarten dellos falopos de nieve nos cumes m\u00e1s altos del Princip\u00e1u cuidao que la cota va rondar los 2000 metros aprosimao. Los vientos van ser fluexos predominando de noroeste.<\/p>\n<p>Les temperatures m\u00e1ximes van baxar un pocu ent\u00e1 ye m\u00e1s tres el descensu sufiertu&#8217;l s\u00e1badu. Concretamente, prevese que baxen unos 3 \u00baC aprosimao salvu nel suroccidente onde se van caltener ensin grandes cambeos. Poro, apenes se van superar los 15 \u00baC na mayor\u00eda de poblaciones asturianes nel d\u00eda del domingu. Tocantes a les temperatures m\u00ednimes, van baxar tami\u00e9n un par de graos y, a priori, van rexistrase a \u00faltima hora del d\u00eda.<\/p>\n<p>El llunes nun se refuguen nuevamente delles precipitaciones pero va ser el martes cuando encaremos un d\u00eda lluviosu en tol Princip\u00e1u d&#8217;Asturies.<\/p>\n","protected":false},"excerpt":{"rendered":"<p>La previsi\u00f3n del tiempu n&#8217;Asturies para esti domingu: esperamos un d\u00eda carg\u00e1u de nubes.<\/p>\n","protected":false},"author":117,"featured_media":0,"comment_status":"open","ping_status":"open","sticky":false,"template":"","format":"standard","meta":{"footnotes":""},"categories":[5],"tags":[],"class_list":["post-45909","post","type-post","status-publish","format-standard","hentry","category-tiempu"],"_links":{"self":[{"href":"https:\/\/edublog.educastur.es\/ixuxu\/wp-json\/wp\/v2\/posts\/45909","targetHints":{"allow":["GET"]}}],"collection":[{"href":"https:\/\/edublog.educastur.es\/ixuxu\/wp-json\/wp\/v2\/posts"}],"about":[{"href":"https:\/\/edublog.educastur.es\/ixuxu\/wp-json\/wp\/v2\/types\/post"}],"author":[{"embeddable":true,"href":"https:\/\/edublog.educastur.es\/ixuxu\/wp-json\/wp\/v2\/users\/117"}],"replies":[{"embeddable":true,"href":"https:\/\/edublog.educastur.es\/ixuxu\/wp-json\/wp\/v2\/comments?post=45909"}],"version-history":[{"count":4,"href":"https:\/\/edublog.educastur.es\/ixuxu\/wp-json\/wp\/v2\/posts\/45909\/revisions"}],"predecessor-version":[{"id":45913,"href":"https:\/\/edublog.educastur.es\/ixuxu\/wp-json\/wp\/v2\/posts\/45909\/revisions\/45913"}],"wp:attachment":[{"href":"https:\/\/edublog.educastur.es\/ixuxu\/wp-json\/wp\/v2\/media?parent=45909"}],"wp:term":[{"taxonomy":"category","embeddable":true,"href":"https:\/\/edublog.educastur.es\/ixuxu\/wp-json\/wp\/v2\/categories?post=45909"},{"taxonomy":"post_tag","embeddable":true,"href":"https:\/\/edublog.educastur.es\/ixuxu\/wp-json\/wp\/v2\/tags?post=45909"}],"curies":[{"name":"wp","href":"https:\/\/api.w.org\/{rel}","templated":true}]}}