{"id":45914,"date":"2025-04-13T10:00:15","date_gmt":"2025-04-13T08:00:15","guid":{"rendered":"https:\/\/edublog.educastur.es\/ixuxu\/?p=45914"},"modified":"2025-04-13T17:59:23","modified_gmt":"2025-04-13T15:59:23","slug":"un-centenar-despecies-en-peligru-nasturies","status":"publish","type":"post","link":"https:\/\/edublog.educastur.es\/ixuxu\/2025\/04\/un-centenar-despecies-en-peligru-nasturies\/","title":{"rendered":"Un centenar d&#8217;especies en peligru n&#8217;Asturies"},"content":{"rendered":"<p>Fonte: <a href=\"https:\/\/www.elcomercio.es\/asturias\/centenar-especies-fauna-peligro-asturias-20250413082351-nt.html\">El Comercio<\/a>\/<\/p>\n<p style=\"text-align: center\"><a href=\"https:\/\/s3.ppllstatics.com\/elcomercio\/www\/multimedia\/2025\/04\/12\/fotolead-animales1-ksCG-U23014508389344w-1200x840@El%20Comercio.jpg\"><img loading=\"lazy\" decoding=\"async\" class=\"aligncenter size-large\" src=\"https:\/\/s3.ppllstatics.com\/elcomercio\/www\/multimedia\/2025\/04\/12\/fotolead-animales1-ksCG-U23014508389344w-1200x840@El%20Comercio.jpg\" width=\"1200\" height=\"840\" \/><\/a><\/p>\n<p>Un centenar d&#8217;especies en peligru n&#8217;Asturies. L&#8217;\u00e9situ de los planes de protecci\u00f3n del osu y el llobu entren en conflictu colos intereses ganaderos y oldeen colos d&#8217;otres especies.<br \/>\n<!--more--><br \/>\nL&#8217;alderique sobro&#8217;l caltenimientu de les especies animales y vexetales ye poli\u00e9dricu, non solo pola sobreabundancia de puntos de vista, sin\u00f3n tami\u00e9n porque les realidaes son bien complexes nel \u00e1mbitu natural y varien enforma de valle a valle, de zona a zona. Simplificando enforma&#8217;l discutiniu, nuna selmana na qu&#8217;Asturies dixo adi\u00f3s a la osa Paca y, con ella, a una concepci\u00f3n del llabor de concienciaci\u00f3n ciudadana sobro los valores naturales, puede dicise qu&#8217;el<span style=\"color: #008080\"><strong> 45% de los vertebraos que se consideren aut\u00f3ctonos n&#8217;Asturies pertenecen a especies consideraes en riesgu nel Llibru Color\u00e1u de la Fauna<\/strong><\/span>, edit\u00e1u pol Princip\u00e1u en 2007 y que seg\u00fan unu de los sos autores, el bi\u00f3logu Carlos Nores, \u00abpresenta un escenariu bien similar al actual\u00bb, magar \u00abagora tase reevaluando, a nivel nacional\u00bb en collaboraci\u00f3n cola Socied\u00e1 Espa\u00f1ola pal Caltenimientu y l&#8217;Estudiu de los Mam\u00edferos y nos pr\u00f3ximos meses va disponese de los datos actualizaos.<\/p>\n<p>Los \u00faltimos datos disponibles indiquen qu&#8217;<span style=\"color: #008080\"><strong>Asturies tien representaes 545 especies de vertebraos del total de 1.047 esistentes n&#8217;Espa\u00f1a.<\/strong><\/span> D&#8217;aqu\u00e9lles, 104 t\u00e1n en dalg\u00fan grau d&#8217;amenaza (de &#8216;vulnerable&#8217; a &#8216;extinta&#8217;, nun casu). Y otres 227 entren nes categor\u00edes de &#8216;casi amenaciada&#8217; (88) y &#8216;esmolici\u00f3n menor&#8217; (139). Eso s\u00ed, naide puede negar qu&#8217;osos y llobos son g\u00fcei muncho m\u00e1s abondosos nos montes qu&#8217;a finales del sieglu XX. Y que los ganaderos son menos.<\/p>\n<p><strong>Los exemplares multipl\u00edquense y pas\u00f3 \u00abde ser escorr\u00edu a ser l&#8217;arguyu d&#8217;Asturies\u00bb. <span style=\"color: #008080\">L&#8217;osu pardu cant\u00e1bricu<\/span><\/strong> Si de daqu\u00e9 sirvi\u00f3 la cautivid\u00e1 de Paca y Tola (y, inda, de Molina) na corralada de Proaza foi, como comenta&#8217;l responsable de caltenimientu de WWF Espa\u00f1a, el bi\u00f3logu y zo\u00f3logu Luis Su\u00e1rez, por que gracies a la divulgaci\u00f3n cient\u00edfica y el llabor de concienciaci\u00f3n que dambes facilitaron mientres m\u00e1s de tr\u00e9s d\u00e9cades \u00abhubiera un importante camb\u00e9u d&#8217;actit\u00fa escontra l&#8217;osu. De ser escorr\u00edu por furtivos y dellos ganaderos, a ser l&#8217;arguyu d&#8217;Asturies, una se\u00f1a d&#8217;identid\u00e1\u00bb. Y un potente reclamu tur\u00edsticu pal monte asturianu.<\/p>\n<p><span style=\"color: #008080\"><strong>Osu pardu Osu pardu<\/strong><\/span> Poblaci\u00f3n\u00a0averada: 370 L&#8217;\u00faltimu censu fiable (2020-21) cifraba en 400 los osos pardos en toa&#8217;l cordal, la pr\u00e1ctica totalid\u00e1 n&#8217;Asturies. Situaci\u00f3n Menos riesgu: Pero riesgu ent\u00e1. Les poblaciones nun se comuniquen y la riqueza xen\u00e9tica resi\u00e9ntese.<\/p>\n<p>Ello ye que dos de los mayores espertos nel osu pardu n&#8217;Asturies son estranxeros que vinieron a la rex\u00f3n atra\u00edos por \u00e9l. Unu ye&#8217;l bi\u00f3logu *Vincenzo Penteriani, que trabaya nel CSIC nel proyectu colectivu<a href=\"https:\/\/en.wikipedia.org\/wiki\/Cantabrian_brown_bear\"><strong> Cantabrian Brown Bear<\/strong><\/a>, nel que collabora la Universid\u00e1 de Lli\u00f3n.<\/p>\n<p>Otru, el franc\u00e9s Romain Guerin, fot\u00f3grafu que vive en Somiedu dende fai m\u00e1s de siete a\u00f1os nuna comuni\u00f3n permanente coles poblaciones d&#8217;osu y llobu -fixo siguimientos de m\u00e1s de tr\u00e9s selmanes completos a exemplares concretos pa entender al pormenor el so comportamientu, y ye gu\u00eda profesional con reconocencia internacional-. Penteriani pon per delantre un avisu contra&#8217;l trunfalismu nos planes de caltenimientu del osu pardu.<\/p>\n<p><span style=\"color: #008080\"><strong> Magar que haya y\u00e1 unos 400 exemplares nel cordal (unos 370 n&#8217;Asturies, la mayor\u00eda na poblaci\u00f3n suroccidental)<\/strong><\/span>, alerta de que \u00absigue bien per debaxo del n\u00famberu m\u00ednimu d&#8217;individuos que podr\u00eda llevar a considerar l&#8217;osu cant\u00e1bricu fora de peligru y por que se pueda realmente falar d&#8217;una poblaci\u00f3n vidable\u00bb, magar s&#8217;empezar a reparar pequenes espansiones fora de la zona orixinal de distribuci\u00f3n nel cordal. Por casu, detect\u00f3se una espansi\u00f3n escontra&#8217;l norte de Portugal, en Sanabria (Zamora) y cerca de Burgos\u00bb.<\/p>\n<p>N&#8217;Asturies, el llobu tien como principal presa&#8217;l xabal\u00edn, anque si la menada ta d\u00e9bil busca animales menos belicosos.<br \/>\n\u00bfCu\u00e1los fueron les claves de la recuperaci\u00f3n del osu? Penteriani lo tien claro: d\u00e9bese al trabayu de los axentes de mediu ambiente y guardes de Patrulles Osu. El llabor continuu de control del furtivismu y d&#8217;indemnizaci\u00f3n de da\u00f1os, am\u00e1s del contactu directu que tienen con llabradores y ganaderos, foi la verdadera raz\u00f3n del \u00e9situ d&#8217;esta poblaci\u00f3n\u00bb.<\/p>\n<p>Per otru llau, tanto Penteriani como Guerin coinciden en que la pilastra principal por que el osu asi\u00e9ntese y espollete son los recursos alimenticios a los que tien accesu. Tr\u00e1tase d&#8217;un omn\u00edvoru qu&#8217;aprovecha casi cada oportunid\u00e1 de quitar la sede la fame. Y en los montes asturianos -nos de Somiedusobremanera- tien la ventaya de que \u00abhai munchos tipos de monte. Nuna pindiu tienes un fayedal y na d&#8217;enfrente, una carbayera. Na zona baxa de Somiedu tienes ablanares, y na alta, escuernacabras\u00bb, ejemplifica Guerin, qu&#8217;a\u00f1ede que \u00abasina tien comida disponible casi tol a\u00f1u\u00bb.<\/p>\n<p>Nesta ll\u00ednea, Penteriani repostia que <span style=\"color: #008080\"><em>\u00abl&#8217;osu pardu del cordal cant\u00e1bricu nun precisa d&#8217;estramb\u00f3ticos proyectos de medr\u00eda de los recursos tr\u00f3ficos -alimenticios-, xeneralmente bien abondosos nel cordal\u00bb<\/em><\/span>, y encamienta centrar los esfuerzos en \u00abamenorgar l&#8217;usu illegal de gardu\u00f1es y venenu, controlar les bat\u00edes de caza y endurecer les penes polos qu&#8217;infringen la llei de protecci\u00f3n absoluta d&#8217;esta especie\u00bb.<\/p>\n<p>Hai coses que faer si quier estendese l&#8217;h\u00e1bitat del osu pardu na midida de lo l\u00f3xico y lo posible. Anota Guerin que al sur del cordal, na contorna de L.laciana, <span style=\"color: #008080\"><em>\u00ablo qu&#8217;hai son carbayeres inmenses, que son bonos p&#8217;alimenta-yos na seronda ya iviernu, pero non el restu del a\u00f1u\u00bb<\/em><\/span>. Y esplica casos como&#8217;l de \u00abun osu radiomarcado en Villar de Vildas que l&#8217;a\u00f1u pas\u00e1u lleg\u00f3 a dir hasta Ria\u00f1u (Lli\u00f3n) y depu\u00e9s hasta Galicia, p&#8217;acabar volviendo a Somiedu\u00bb. Otra actuaci\u00f3n ser\u00eda non tanto enllenar los montes de la redolada de l&#8217;autov\u00eda que parte en dos Asturies -a los efectos del osu- d&#8217;\u00e1rboles de frutu, sin\u00f3n \u00abevitar de dalguna forma que pal osu s\u00eda una barrera, por que les poblaciones entem\u00e9zanse m\u00e1s\u00bb.<\/p>\n<p>\u00bfY por qu\u00e9 querdr\u00edamos eso? Hai delles razones.<\/p>\n<ul>\n<li>Una, \u00abque&#8217;l llargu aislamientu puede dar pie a que-yos asocediera lo mesmo qu&#8217;a los osos de los Apeninos, con un amenorg\u00e1u n\u00famberu d&#8217;exemplares reproduci\u00e9ndose ente s\u00ed, lo que podr\u00eda dar llugar a cambeos xen\u00e9ticos\u00bb non precisamente adaptativos, anota Penteriani.<\/li>\n<li>Otra, que nun s&#8217;avecen a averase a les poblaciones en busca de comida f\u00e1cil (nos contenedores de basura o nos g\u00fcertos). Afirma l&#8217;investigador italianu que \u00abye bastante sospechosu que nos pueblos nun esistan dende va a\u00f1os contenedores de basura que torguen a los osos abrinse pa buscar comida. Nun hai nada qu&#8217;inventar, esisten en Norteam\u00e9rica dende va d\u00e9cades\u00bb. Y encamienta \u00abnun dexar frutales llenos de frutos ensin recoyer dientro de los pueblos nin na so inmediata contorna\u00bb, porque l&#8217;osu va entrar.<\/li>\n<\/ul>\n<p><strong>Un depredador social que xenera m\u00e1s riesgos cuando los exemplares qu\u00e9dense solos. <span style=\"color: #008080\">El llobu ib\u00e9ric<\/span><\/strong>u Luis Su\u00e1rez marca una de les diferencies ente l&#8217;osu y el llobu y la so considerancia social xeneral. \u00abEl tratu escontra&#8217;l llobu nun evolucion\u00f3 tantu, nin no que se piensa polo xeneral d&#8217;\u00e9l, nin tampoco na adopci\u00f3n de mid\u00edes de protecci\u00f3n y prevenci\u00f3n\u00bb. Fai referencia, por casu, a \u00ablos cortinos que nel occidente \u00fasense dende tiempos inmemoriales pa protexer los tru\u00e9banos\u00bb.<\/p>\n<p><span style=\"color: #008080\"><strong>Llobu<\/strong><\/span> Poblaci\u00f3n averada: 160-500 Los ecoloxistes dan la cifra m\u00e1s baxa. Los c\u00e1lculos m\u00e1s altos de los ganaderos falen de m\u00e1s de mediu millar.\u00a0Situaci\u00f3n N&#8217;espansi\u00f3n: La inclusi\u00f3n nel Lespre ayud\u00f3 a la so llegada a zones antes non ocupaes. Hai unes 45 menaes controlaes.<\/p>\n<p>Agora y\u00e1 nun son pocos los ganaderos que, inclusive pal manexu n&#8217;estensivu del gan\u00e1u, adopten mid\u00edes preventives. Unu d&#8217;ellos, de la redolada de Navelgas esplica que \u00abinstal\u00e9 trenta kil\u00f3metros de valles p&#8217;arrodiar toles finques, pero&#8217;l llobu, si quier entrar, entra. Escava galer\u00edes de m\u00e1s de metro y mediu y pasa per debaxo\u00bb. Los baremos de la conseyer\u00eda de Mediu Rural pal pagu de da\u00f1os incl\u00fain medr\u00edes nes cuant\u00edes pa quien tomen mid\u00edes preventives, pero falamos d&#8217;un depredador puru, non d&#8217;un omn\u00edvoru como l&#8217;osu.<\/p>\n<p>El xueves, na xunta del <strong>Conseyu Consultivu del Plan del Llobu<\/strong>, hubo postures contrapuestes. Per parte de los ecoloxistes afirm\u00f3se que la poblaci\u00f3n va rondar los 160 exemplares, con una media \u00abde poco m\u00e1s de tr\u00e9s exemplares por menada\u00bb. Mediu Rural, pela so parte, espunxo que la media ronda los nueve exemplares, lo qu&#8217;asitiar\u00eda la poblaci\u00f3n nun m\u00ednimu de 345 llobos. Y los ganaderos, seg\u00fan el llugar d&#8217;Asturies nel que se fale con ellos, aseguren que \u00abson, seguro, m\u00e1s de 500. El monte nam\u00e1 amuesa la met\u00e1 de lo que tien\u00bb.<\/p>\n<p>Nuna opini\u00f3n que sofita en datos, Carlos Nores apunta que \u00abel llobu ye un depredador del cumal de la cadena tr\u00f3fica, y necesariamente tien qu&#8217;haber menos que llobos. Ello ye que n&#8217;Asturies nun caben m\u00e1s llobos, porque se fadr\u00eden la competencia unos a otros\u00bb. <strong>Los depredadores siempres tienen que ser menos que los animales de los que s&#8217;alimenten.<\/strong><\/p>\n<p>Guerin, dende Somiedu, onde sigue davezu \u00aba los tr\u00e9s o cuatro esquitaes que percuerren estos valles a diariu\u00bb, indica que \u00abdir\u00eda que cada menada anda ente 4 y 7 exemplares, anque suelen movese en pareyes\u00bb.<\/p>\n<p>Y da una clave interesante sobre la xesti\u00f3n del llobu y l&#8217;eliminaci\u00f3n d&#8217;exemplares: <strong>\u00abel xabal\u00edn ye la pieza principal pa los llobos equ\u00ed, en parte pol so sobreabundancia\u00bb<\/strong>. Si van esaniciase llobos, hai que faelo con muncho curi\u00e1u y escoyendo perbi\u00e9n los exemplares, porque \u00absi debilitasen a les menaes, lo m\u00e1s normal ye que se vaigan lo m\u00e1s f\u00e1cil, el gan\u00e1u\u00bb. Un exemplu d&#8217;esto: \u00abNel valle de Saliencia hubo sarna qu&#8217;afect\u00f3 a llobos. Quedaben ensin pelo pel hibiernu y ten\u00eden que comer el doble pa compensar el calor corporal que perd\u00eden y, como taben d\u00e9biles pola sarna, lo que fa\u00eden yera dise a los pueblos a comer lo que pillaben. Y ceb\u00e1ronse colos perros\u00bb.<\/p>\n<p><span style=\"color: #008080\"><strong>Frang\u00fcesos.\u00a0 <\/strong><\/span>Poblaci\u00f3n averada: 10 Hai cinco pareyes reproductores nos Picos d&#8217;Europa. Va dos selmanes nacieron dos pitucos en Cantabria y unu n&#8217;Asturies..\u00a0A tener en cuenta A la llende: Los intentos de reintroducci\u00f3n empiecen a tener \u00e9situ, pero la poblaci\u00f3n sigue siendo bien escasa. La falta de zones nes que los ganaderos #desfacer del gan\u00e1u muerto enzanca la so alimentaci\u00f3n en llibert\u00e1.<\/p>\n<p><span style=\"color: #008080\"><strong>Urogallo. <\/strong><\/span>Poblaci\u00f3n averada: 60 nel suroccidente Son alredor d&#8217;un quintu del total n&#8217;Espa\u00f1a.<\/p>\n<p>Situaci\u00f3n Grave: Los centros de recuperaci\u00f3n del urogallo en Lla\u00ednes y en Lli\u00f3n faen \u00edmprobos esfuerzos pa llograr pitucos d&#8217;urogallo. En llibert\u00e1 atopense con cada vez menos zones apropiaes pa la so cr\u00eda (escamplaes nos montes), depredadores como la xineta ya invasi\u00f3n del so h\u00e1bitat pol home, nuna especie bien sensible a la presencia humana. El norte d&#8217;Espa\u00f1a ye&#8217;l so llende sur, pos ye una especie boreal.<\/p>\n<p>S\u00eda que non, el Plan de Xesti\u00f3n del Princip\u00e1u, que dende la salida del llobu del Lespre va podese volver aplicar, indica que les retiraes d&#8217;exemplares van centrase en machos, preferentemente solitarios o vieyos, con espresa prohici\u00f3n de matar femessobremanera si t\u00e1n embarazaes. <strong>Tr\u00e1tase de protexer la especie al empar que s&#8217;embriven los da\u00f1os.<\/strong> \u00bfPor qu\u00e9 asina? \u00abPorque si un llobu nun ta na menada, y\u00e1 nun puede cazar xabalinos, nin otres pieces selvaxes como venaos o inclusive robecos\u00bb. Son cazadores sociales, con estratexes, ente que los llobos solitarios tienen qu&#8217;optar por preses f\u00e1ciles, como&#8217;l gan\u00e1usobremanera oveyes o cabres, col agregu de qu&#8217;esti tipu de llobos aisllaos, cuando tienen accesu a un fat\u00e1u \u00absuelen entrar no que se conoz como &#8216;fur killing&#8217;; el so instintu primariu ll\u00e9valos a aprovechar pa matar tou lo que puedan matar, anque depu\u00e9s nun puedan comese a les sos v\u00edctimes\u00bb, de lo qu&#8217;esta mesma selmana foi v\u00edctima una ganader\u00eda de Loro\u00f1e (Colunga) esta mesma selmana. Casi la met\u00e1 de les sos 26 oveyes muertes, a menos d&#8217;un kil\u00f3metru de la sablera.<\/p>\n<p><span style=\"color: #008080\"><strong>El riesgu cierto de que los r\u00edos asturianos dexen de ver salmones remontando<\/strong><\/span> Empieza g\u00fcei la temporada de pesca del salm\u00f3n col alderique cada vez m\u00e1s presente ente los pescadores sobro si les captures tienen de ser con o ensin muerte o, inclusive, si fai falta una moratoria, una veda total por que la especie recup\u00e9rese. Luis Su\u00e1rez, de WWF, pon-y n\u00famberos: \u00aben menos d&#8217;un sieglu pas\u00f3se de pescar 5.000 salmones al a\u00f1u a que la postrera temporada apenes se precintaren 300. Con cualesquier otra especie impondr\u00edase y\u00e1 una prohibici\u00f3n de captures\u00bb. Los r\u00edos \u00abt\u00e1n sufriendo una perda de biodiversid\u00e1, como puede vese n&#8217;especies como l&#8217;anguila (que la so cr\u00eda ye l&#8217;angula) o la falcatr\u00faa ib\u00e9rica\u00bb.<\/p>\n<p>L&#8217;alderique sobro&#8217;l salm\u00f3n llevanta pasiones, pol componente tradicional de la pesca deportiva. El salm\u00f3n mueve muncho dineru, trai turismu -nam\u00e1 l&#8217;osu anda a la tema como curiosu-, pero nun son pocos los que sollerten del riesgu de cargase al salm\u00f3n de les g\u00fceves d&#8217;oru. Ye m\u00e1s, al igual que-y asocede al urogallo, apunta Carlos Nores, el salm\u00f3n at\u00f3pase&#8217;l llende sur de la so \u00e1rea xeogr\u00e1fica de distribuci\u00f3n, \u00aby nun ye que m\u00e1s al norte tea muncho meyor\u00bb. Una pequena medr\u00eda nes temperatures medies de los r\u00edos podr\u00eda dar al traste con \u00e9l.<\/p>\n<p>P&#8217;atenuar el fen\u00f3menu, el Plan del Narcea-Nal\u00f3n impunxo un sistema de xesti\u00f3n que marcaba un m\u00ednimu de peces que ten\u00eden que quedar nel r\u00edu al t\u00e9rminu de la temporada de pesca, pero la oposici\u00f3n a dichu plan llev\u00f3 a la so suspensi\u00f3n, mientres n&#8217;otros r\u00edos cant\u00e1bricos, como&#8217;l Bidasoa, lleven y\u00e1 dos a\u00f1os de veda total. N&#8217;Asturies, l&#8217;Eo y l&#8217;Esva pr\u00e1cticamente nun ven y\u00e1 salmones remontando, apeligra&#8217;l Cares y daqu\u00e9 meyor, pero non en condiciones \u00f3ptimes, t\u00e1n el Sella, el Narcea y el Nal\u00f3n. Imponse un anal\u00eds desapasion\u00e1u pa garantizar el so futuru.<\/p>\n<p><span style=\"color: #008080\"><strong>Otra se\u00f1a d&#8217;identid\u00e1 d&#8217;Asturies ye l&#8217;urogallo o gallu mont\u00e9s<\/strong>.<\/span> Luis Su\u00e1rez cifra en \u00abunos 300 en toa&#8217;l cordal\u00bb los exemplares que queden n&#8217;Espa\u00f1a, de los que \u00abel 20% t\u00e1n nel suroccidente asturianu\u00bb. Esti gran ave ye bien sensible a la presencia humana y sufre \u00abpola perda d&#8217;escamplaes nos montes, que son el so h\u00e1bitat prefer\u00edu\u00bb. La competencia del sobreabundante xabal\u00edn non ayuda, como nun lo fai tampoco la presencia de depredadores como la fo\u00edna, la xineta o&#8217;l vis\u00f3n americanu, especie invasora por fugues y sueltes en granxes de Galicia y el norte de Castiella y Lli\u00f3n. Y esto introduz m\u00e1s elementos nun alderique y\u00e1 bien poli\u00e9dricu.<\/p>\n<p>&nbsp;<\/p>\n","protected":false},"excerpt":{"rendered":"<p>Fonte: El Comercio\/ Un centenar d&#8217;especies en peligru n&#8217;Asturies. L&#8217;\u00e9situ de los planes de protecci\u00f3n del osu y el llobu entren en conflictu colos intereses ganaderos y oldeen colos d&#8217;otres especies.<\/p>\n","protected":false},"author":117,"featured_media":0,"comment_status":"open","ping_status":"open","sticky":false,"template":"","format":"standard","meta":{"footnotes":""},"categories":[1],"tags":[],"class_list":["post-45914","post","type-post","status-publish","format-standard","hentry","category-sin-categoria"],"_links":{"self":[{"href":"https:\/\/edublog.educastur.es\/ixuxu\/wp-json\/wp\/v2\/posts\/45914","targetHints":{"allow":["GET"]}}],"collection":[{"href":"https:\/\/edublog.educastur.es\/ixuxu\/wp-json\/wp\/v2\/posts"}],"about":[{"href":"https:\/\/edublog.educastur.es\/ixuxu\/wp-json\/wp\/v2\/types\/post"}],"author":[{"embeddable":true,"href":"https:\/\/edublog.educastur.es\/ixuxu\/wp-json\/wp\/v2\/users\/117"}],"replies":[{"embeddable":true,"href":"https:\/\/edublog.educastur.es\/ixuxu\/wp-json\/wp\/v2\/comments?post=45914"}],"version-history":[{"count":1,"href":"https:\/\/edublog.educastur.es\/ixuxu\/wp-json\/wp\/v2\/posts\/45914\/revisions"}],"predecessor-version":[{"id":45915,"href":"https:\/\/edublog.educastur.es\/ixuxu\/wp-json\/wp\/v2\/posts\/45914\/revisions\/45915"}],"wp:attachment":[{"href":"https:\/\/edublog.educastur.es\/ixuxu\/wp-json\/wp\/v2\/media?parent=45914"}],"wp:term":[{"taxonomy":"category","embeddable":true,"href":"https:\/\/edublog.educastur.es\/ixuxu\/wp-json\/wp\/v2\/categories?post=45914"},{"taxonomy":"post_tag","embeddable":true,"href":"https:\/\/edublog.educastur.es\/ixuxu\/wp-json\/wp\/v2\/tags?post=45914"}],"curies":[{"name":"wp","href":"https:\/\/api.w.org\/{rel}","templated":true}]}}