{"id":45946,"date":"2025-04-11T18:00:04","date_gmt":"2025-04-11T16:00:04","guid":{"rendered":"https:\/\/edublog.educastur.es\/ixuxu\/?p=45946"},"modified":"2025-04-13T22:23:38","modified_gmt":"2025-04-13T20:23:38","slug":"perguapu-cantar-dedicau-a-paca-y-tola-les-nueses-oses","status":"publish","type":"post","link":"https:\/\/edublog.educastur.es\/ixuxu\/2025\/04\/perguapu-cantar-dedicau-a-paca-y-tola-les-nueses-oses\/","title":{"rendered":"Perguapu cantar dedic\u00e1u a Paca y Tola, les nueses oses s\u00edmbolu d&#8217;Asturies"},"content":{"rendered":"<div id=\"top-row\" class=\"style-scope ytd-watch-metadata\">\n<div id=\"owner\" class=\"item style-scope ytd-watch-metadata\">\n<div id=\"upload-info\" class=\"style-scope ytd-video-owner-renderer\">\n<div id=\"container\" class=\"style-scope ytd-channel-name\">\n<p style=\"text-align: center\">\n<!-- iframe plugin v.6.0 wordpress.org\/plugins\/iframe\/ -->\n<iframe loading=\"lazy\" width=\"572\" height=\"487\" src=\"https:\/\/www.youtube.com\/embed\/Fs2KCH6Tbz0\" title=\"TRIQUITRAQUE: NUEVOS CANTARES INFANTILES N\u00b4ASTURIANU: &amp;quot;Paca y Tola&amp;quot;\" frameborder=\"0\" allow=\"accelerometer; autoplay; clipboard-write; encrypted-media; gyroscope; picture-in-picture; web-share\" referrerpolicy=\"strict-origin-when-cross-origin\" 0=\"allowfullscreen\" 1=\"\/iframe\" scrolling=\"yes\" class=\"iframe-class\"><\/iframe>\n<\/p>\n<ul>\n<li id=\"text-container\" class=\"style-scope ytd-channel-name\"><a class=\"yt-simple-endpoint style-scope yt-formatted-string\" href=\"https:\/\/www.youtube.com\/@triquitraqueanimacionmusic1926\">TRIQUITRAQUE ANIMACI\u00d3N MUSICAL CANCIOS N&#8217;ASTURIANU<\/a>\/ Y<a href=\"https:\/\/youtu.be\/Fs2KCH6Tbz0\">outube<\/a><\/li>\n<\/ul>\n<\/div>\n<\/div>\n<\/div>\n<\/div>\n<div id=\"bottom-row\" class=\"style-scope ytd-watch-metadata\">\n<div id=\"description\" class=\"item style-scope ytd-watch-metadata\">\n<blockquote>\n<div id=\"description-inner\" class=\"style-scope ytd-watch-metadata\">\n<div id=\"info-container\" class=\"style-scope ytd-watch-info-text\"><em><span class=\"yt-core-attributed-string yt-core-attributed-string--white-space-pre-wrap\" dir=\"auto\" role=\"text\"><span class=\"yt-core-attributed-string--link-inherit-color\" dir=\"auto\">Paca y Tola son una de les imaxes del Para\u00edsu Natural y nesti casu, en forma de cantar, ens\u00e9\u00f1ennos delles zones y localidaes de los territorios oseros d&#8217;Asturies.<\/span><\/span><\/em><\/div>\n<div><\/div>\n<\/div>\n<\/blockquote>\n<div id=\"description-inner\" class=\"style-scope ytd-watch-metadata\">\n<div id=\"snippet\" class=\"style-scope ytd-text-inline-expander\"><span style=\"color: #008080\">Milenta gracies a <a href=\"https:\/\/www.youtube.com\/@triquitraqueanimacionmusic1926\"><strong>Triquitraque animaci\u00f3n Musical<\/strong>.<\/a> Tar\u00eda perbien tener equ\u00ed la lletra pa poder cantala les clases de Llingua Asturiana de toa Asturies&#8230;<\/span><\/div>\n<\/div>\n<\/div>\n<\/div>\n","protected":false},"excerpt":{"rendered":"<p>TRIQUITRAQUE ANIMACI\u00d3N MUSICAL CANCIOS N&#8217;ASTURIANU\/ Youtube Paca y Tola son una de les imaxes del Para\u00edsu Natural y nesti casu, en forma de cantar, ens\u00e9\u00f1ennos delles zones y localidaes de los territorios oseros d&#8217;Asturies. Milenta gracies a Triquitraque animaci\u00f3n Musical. Tar\u00eda perbien tener equ\u00ed la lletra pa poder cantala les clases de Llingua Asturiana de [&hellip;]<\/p>\n","protected":false},"author":117,"featured_media":0,"comment_status":"open","ping_status":"open","sticky":false,"template":"","format":"standard","meta":{"footnotes":""},"categories":[35],"tags":[],"class_list":["post-45946","post","type-post","status-publish","format-standard","hentry","category-musica"],"_links":{"self":[{"href":"https:\/\/edublog.educastur.es\/ixuxu\/wp-json\/wp\/v2\/posts\/45946","targetHints":{"allow":["GET"]}}],"collection":[{"href":"https:\/\/edublog.educastur.es\/ixuxu\/wp-json\/wp\/v2\/posts"}],"about":[{"href":"https:\/\/edublog.educastur.es\/ixuxu\/wp-json\/wp\/v2\/types\/post"}],"author":[{"embeddable":true,"href":"https:\/\/edublog.educastur.es\/ixuxu\/wp-json\/wp\/v2\/users\/117"}],"replies":[{"embeddable":true,"href":"https:\/\/edublog.educastur.es\/ixuxu\/wp-json\/wp\/v2\/comments?post=45946"}],"version-history":[{"count":3,"href":"https:\/\/edublog.educastur.es\/ixuxu\/wp-json\/wp\/v2\/posts\/45946\/revisions"}],"predecessor-version":[{"id":45949,"href":"https:\/\/edublog.educastur.es\/ixuxu\/wp-json\/wp\/v2\/posts\/45946\/revisions\/45949"}],"wp:attachment":[{"href":"https:\/\/edublog.educastur.es\/ixuxu\/wp-json\/wp\/v2\/media?parent=45946"}],"wp:term":[{"taxonomy":"category","embeddable":true,"href":"https:\/\/edublog.educastur.es\/ixuxu\/wp-json\/wp\/v2\/categories?post=45946"},{"taxonomy":"post_tag","embeddable":true,"href":"https:\/\/edublog.educastur.es\/ixuxu\/wp-json\/wp\/v2\/tags?post=45946"}],"curies":[{"name":"wp","href":"https:\/\/api.w.org\/{rel}","templated":true}]}}