{"id":4595,"date":"2021-03-20T07:00:43","date_gmt":"2021-03-20T05:00:43","guid":{"rendered":"https:\/\/edublog.educastur.es\/ixuxu\/?p=4595"},"modified":"2021-03-29T00:00:58","modified_gmt":"2021-03-28T22:00:58","slug":"el-bulevar-de-la-sidra-espon-versos","status":"publish","type":"post","link":"https:\/\/edublog.educastur.es\/ixuxu\/2021\/03\/el-bulevar-de-la-sidra-espon-versos\/","title":{"rendered":"El Bulevar de la Sidra esp\u00f3n versos"},"content":{"rendered":"<p><em>El Bulevar de la Sidra esp\u00f3n nes sos chigres versos de nueve autores asturianos para fomentar la cultura y \u201cescaecer los problemes del a\u00f1u\u201d<\/em><\/p>\n<p style=\"text-align: center\"><img loading=\"lazy\" decoding=\"async\" class=\"alignnone size-full\" src=\"https:\/\/estaticos-cdn.prensaiberica.es\/clip\/e0ac6370-a5e2-4ced-9f68-239c041cd0fb_21-9-aspect-ratio_default_1031302.jpg\" width=\"1280\" height=\"548\" \/><\/p>\n<p style=\"text-align: center\"><em>\u00a0Pedro Caram\u00e9s, Jaime \u00c1lvarez, Alfonso M\u00e9ndez, Alicia Men\u00e9ndez, Juan Carlos Mart\u00ednez y Fernando Alberto Rodr\u00edguez | Semeya de Luisma Murias<\/em><\/p>\n<ul>\n<li><a href=\"https:\/\/www.lne.es\/oviedo\/2021\/03\/20\/mantel-poesia-maridaje-gascona-43575013.html?fbclid=IwAR3cssK1QlT72fRttNzbl50VssNUXfyYYa4DWxQEtRiL_pP5rmAZd61netM\">Fonte: LNE<\/a><\/li>\n<\/ul>\n<p>Sidra y poes\u00eda xuni\u00e9ronse en Gascona para crear un maridaje perfectu ente gastronom\u00eda, ociu y cultura en tiempos de pandemia.<\/p>\n<p><!--more--><\/p>\n<p><span style=\"font-size: 20px\"> Los locales del Bulevar de la Sidra llucen dende ayeri nes sos fachaes ya interiores poes\u00edes de nueve autores asturianos. En concretu, de <strong><span style=\"color: #008080\">Marta Mori, Berta Pi\u00f1\u00e1n, Pablo Tex\u00f3n, Aurelio Gonz\u00e1lez, Xuan Bellu, Manuel Garc\u00eda, Ceferino Monta\u00f1\u00e9s, Luis de Tapia y Francisco Jos\u00e9 Fern\u00e1ndez Palacios.<\/span><\/strong> D&#8217;esta manera, l&#8217;Asociaci\u00f3n de Sidrer\u00edes de Gascona s\u00famase a la celebraci\u00f3n del <span style=\"text-decoration: underline\"><em><strong><span style=\"color: #008080;text-decoration: underline\">D\u00eda mundial de la Poes\u00eda<\/span><\/strong><\/em><\/span>, xuna cita marcada esti domingu nel calendariu y na qu&#8217;Asturies va xugar un papel fundamental convirti\u00e9ndose na capital internacional d&#8217;esta conmemoraci\u00f3n gracies a la iniciativa de Graciano Garc\u00eda, director em\u00e9ritu vitaliciu de la Fundaci\u00f3n Princesa d&#8217;Asturies.<\/span><\/p>\n","protected":false},"excerpt":{"rendered":"<p>El Bulevar de la Sidra esp\u00f3n nes sos chigres versos de nueve autores asturianos para fomentar la cultura y \u201cescaecer los problemes del a\u00f1u\u201d \u00a0Pedro Caram\u00e9s, Jaime \u00c1lvarez, Alfonso M\u00e9ndez, Alicia Men\u00e9ndez, Juan Carlos Mart\u00ednez y Fernando Alberto Rodr\u00edguez | Semeya de Luisma Murias Fonte: LNE Sidra y poes\u00eda xuni\u00e9ronse en Gascona para crear un [&hellip;]<\/p>\n","protected":false},"author":117,"featured_media":0,"comment_status":"open","ping_status":"open","sticky":false,"template":"","format":"standard","meta":{"footnotes":""},"categories":[39],"tags":[],"class_list":["post-4595","post","type-post","status-publish","format-standard","hentry","category-poesia"],"_links":{"self":[{"href":"https:\/\/edublog.educastur.es\/ixuxu\/wp-json\/wp\/v2\/posts\/4595","targetHints":{"allow":["GET"]}}],"collection":[{"href":"https:\/\/edublog.educastur.es\/ixuxu\/wp-json\/wp\/v2\/posts"}],"about":[{"href":"https:\/\/edublog.educastur.es\/ixuxu\/wp-json\/wp\/v2\/types\/post"}],"author":[{"embeddable":true,"href":"https:\/\/edublog.educastur.es\/ixuxu\/wp-json\/wp\/v2\/users\/117"}],"replies":[{"embeddable":true,"href":"https:\/\/edublog.educastur.es\/ixuxu\/wp-json\/wp\/v2\/comments?post=4595"}],"version-history":[{"count":2,"href":"https:\/\/edublog.educastur.es\/ixuxu\/wp-json\/wp\/v2\/posts\/4595\/revisions"}],"predecessor-version":[{"id":4597,"href":"https:\/\/edublog.educastur.es\/ixuxu\/wp-json\/wp\/v2\/posts\/4595\/revisions\/4597"}],"wp:attachment":[{"href":"https:\/\/edublog.educastur.es\/ixuxu\/wp-json\/wp\/v2\/media?parent=4595"}],"wp:term":[{"taxonomy":"category","embeddable":true,"href":"https:\/\/edublog.educastur.es\/ixuxu\/wp-json\/wp\/v2\/categories?post=4595"},{"taxonomy":"post_tag","embeddable":true,"href":"https:\/\/edublog.educastur.es\/ixuxu\/wp-json\/wp\/v2\/tags?post=4595"}],"curies":[{"name":"wp","href":"https:\/\/api.w.org\/{rel}","templated":true}]}}