{"id":46014,"date":"2025-04-14T14:50:24","date_gmt":"2025-04-14T12:50:24","guid":{"rendered":"https:\/\/edublog.educastur.es\/ixuxu\/?p=46014"},"modified":"2025-04-14T14:58:40","modified_gmt":"2025-04-14T12:58:40","slug":"dexando-perclaro-que-faigo-col-asturianu-inaciu-iglesias","status":"publish","type":"post","link":"https:\/\/edublog.educastur.es\/ixuxu\/2025\/04\/dexando-perclaro-que-faigo-col-asturianu-inaciu-iglesias\/","title":{"rendered":"Dexando perclaro qu\u00e9 faigo col asturianu&#8230; (Inaciu Iglesias)"},"content":{"rendered":"<p style=\"text-align: center\">\n<!-- iframe plugin v.6.0 wordpress.org\/plugins\/iframe\/ -->\n<iframe loading=\"lazy\" src=\"https:\/\/www.facebook.com\/plugins\/video.php?height=314&#038;href=https%3A%2F%2Fwww.facebook.com%2Finaciuiglesias%2Fvideos%2F1001183812125377%2F&#038;show_text=false&#038;width=560&#038;t=0\" width=\"560\" height=\"314\" style=\"border:none;overflow:hidden\" scrolling=\"no\" frameborder=\"0\" allowfullscreen=\"true\" allow=\"autoplay; clipboard-write; encrypted-media; picture-in-picture; web-share\" 0=\"\/iframe\" class=\"iframe-class\"><\/iframe>\n<\/p>\n<div class=\"x78zum5 x1q0g3np\">\n<div class=\"x1iyjqo2 x1emribx xr9ek0c\">\n<div class=\"x78zum5 xdt5ytf xz62fqu x16ldp7u\">\n<div class=\"xu06os2 x1ok221b\">\n<div class=\"html-div xdj266r x11i5rnm xat24cr x1mh8g0r xexx8yu x4uap5 x18d9i69 xkhd6sd\" data-ad-rendering-role=\"profile_name\">\n<h2 class=\"html-h2 x11i5rnm xat24cr x1mh8g0r xexx8yu x4uap5 x18d9i69 xkhd6sd x1vvkbs x1heor9g x1qlqyl8 x1pd3egz x1a2a7pz x1gslohp x1yc453h\" style=\"text-align: center\"><span style=\"font-size: 20px\"><em><span class=\"xt0psk2\"><a class=\"x1i10hfl xjbqb8w x1ejq31n xd10rxx x1sy0etr x17r0tee x972fbf xcfux6l x1qhh985 xm0m39n x9f619 x1ypdohk xt0psk2 xe8uvvx xdj266r x11i5rnm xat24cr x1mh8g0r xexx8yu x4uap5 x18d9i69 xkhd6sd x16tdsg8 x1hl2dhg xggy1nq x1a2a7pz xkrqix3 x1sur9pj xzsf02u x1s688f\" role=\"link\" href=\"https:\/\/www.facebook.com\/inaciuiglesias?__cft__[0]=AZWw0tIBaps8Su56AB4UF2iAGPaUSaDclnELYM20b7yesxmT4A5TkdpX-R2Nc7Ku4tGH1JK__mefWQqrwOYZRR1ksOpfLHdXSkxglWR4qIp6lxJACCvLWGb2vslad-5m71XKrkVVHQhLhr3CAaoP7UA6BDQ087Q0LewhnteeRavQEX9Z-uXeZqT5MGbF7YNCEDU&amp;__tn__=-UC-R\"><strong class=\"html-strong xdj266r x11i5rnm xat24cr x1mh8g0r xexx8yu x4uap5 x18d9i69 xkhd6sd x1hl2dhg x16tdsg8 x1vvkbs x1s688f\"><span class=\"html-span xdj266r x11i5rnm xat24cr x1mh8g0r xexx8yu x4uap5 x18d9i69 xkhd6sd x1hl2dhg x16tdsg8 x1vvkbs\">Inaciu Iglesias<\/span><\/strong><\/a><\/span><\/em><\/span><\/h2>\n<\/div>\n<\/div>\n<\/div>\n<\/div>\n<\/div>\n<p><!--more--><\/p>\n<div dir=\"auto\" style=\"text-align: center\">\n<!-- iframe plugin v.6.0 wordpress.org\/plugins\/iframe\/ -->\n<iframe loading=\"lazy\" src=\"https:\/\/www.facebook.com\/plugins\/video.php?height=314&#038;href=https%3A%2F%2Fwww.facebook.com%2Finaciuiglesias%2Fvideos%2F1227342809005748%2F&#038;show_text=false&#038;width=560&#038;t=0\" width=\"560\" height=\"314\" style=\"border:none;overflow:hidden\" scrolling=\"no\" frameborder=\"0\" allowfullscreen=\"true\" allow=\"autoplay; clipboard-write; encrypted-media; picture-in-picture; web-share\" 0=\"\/iframe\" class=\"iframe-class\"><\/iframe>\n<\/div>\n<blockquote>\n<div dir=\"auto\"><\/div>\n<div dir=\"auto\"><em>Esti d\u00eda, 4 d&#8217;abril, tuvi la oportunid\u00e1 de comparecer, con bien d&#8217;otros expertos, na Xunta Xeneral pa dar la nuestra opini\u00f3n, nel mio casu como empresariu, nel proyectu de reforma del Estatutu d&#8217;Autonom\u00eda pa procurar la oficialid\u00e1 de les lling\u00fces d&#8217;Asturies.<\/em><\/div>\n<div dir=\"auto\"><em>Nesti cachu falo de la voluntaried\u00e1.<\/em><\/div>\n<\/blockquote>\n<div dir=\"auto\" style=\"text-align: center\"><a href=\"https:\/\/asturtic.es\/wp-content\/uploads\/2025\/02\/inaciu-2048x1586.jpg\"><img loading=\"lazy\" decoding=\"async\" class=\"aligncenter size-large\" src=\"https:\/\/asturtic.es\/wp-content\/uploads\/2025\/02\/inaciu-2048x1586.jpg\" width=\"2048\" height=\"1586\" \/><\/a><\/div>\n<p style=\"text-align: center\"><em>Entrevista con Inaciu Iglesias , CEO Cartonaxes VIR<\/em><\/p>\n<ul>\n<li dir=\"auto\"><a href=\"https:\/\/asturtic.es\/entrevista-con-inaciu-iglesias-ceo-cartonajes-vir\/?fbclid=IwY2xjawJp5FlleHRuA2FlbQIxMQABHtzxedS_4w3b_CjPuJy3kCW-kXkLDtLpLvAJOg2GLTFfFyiVhI042UD3oFxR_aem_uZfnj4A_ZX5rcjywHcmy1g\">Entrevista<\/a> Asturtic\/<\/li>\n<\/ul>\n<p><strong>\u00bfQui\u00e9n ye Inaciu Iglesias y c\u00f3mo naci\u00f3 Cartonaxes VIR? <\/strong>Soi empresariu, conf\u00edesolo; y de tercer xeneraci\u00f3n: esa que, seg\u00fan el t\u00f3picu, funde los negocios familiares. Anque Cartonaxes VIR paez que s&#8217;aguanta. Va munchos a\u00f1os, en 1932, un dependiente de comerciu y una caxera y maestra d&#8217;escuela decidieron fabricar artesanalmente les sos primeres caxes de cart\u00f3n y convertise asina n&#8217;industriales independientes. Yeren los mios g\u00fcelos: Julieta Vincelle Arg\u00fcelles y Vicente Iglesias Rodr\u00edguez, VIR.<\/p>\n<p><strong>La dixitalizaci\u00f3n tresform\u00f3 munchos sectores. \u00bfC\u00f3mo influy\u00f3 nesti sector y na xesti\u00f3n de la empresa? <\/strong>Ordenando y poniendo rigor. N\u00f3s dise\u00f1amos, fabricamos y apurrimos m\u00e1s de doscientes mil caxes, acald\u00eda. Son munches operaciones, millones de datos. Y eso ensin m\u00e9todu resulta imposible. La dixitalizaci\u00f3n ay\u00fadanos, a n\u00f3s y a tol sector, a consiguir qu&#8217;un productu tan humilde como&#8217;l cart\u00f3n resulte fiable, trazable y competitivu.<\/p>\n<p><strong>\u00bfCu\u00e1los son los principales desaf\u00edos a los que s&#8217;enfrenta angua\u00f1o la industria del cart\u00f3n n&#8217;Espa\u00f1a y c\u00f3mo afecten a Cartonaxes Vir? <\/strong>Inventar soluciones est\u00e9tiques, hix\u00e9niques y pr\u00e1ctiques que dexen a los nuesos veceros vender meyor los sos productos. En tiempu y forma, ese ye&#8217;l retu. Ensin desperdiciar recursos, fadiando lo menos posible y apurriendo valor. El bon pa\u00f1u nun se viende na arca y esa ye la nuesa misi\u00f3n: arrexuntar, protexer, tresportar y vender; al serviciu de los nuesos veceros.<\/p>\n<p><strong>\u00bfQu\u00e9 importancia tien para Cartonaxes VIR tar allugada n&#8217;Asturies? \u00bfCreen que la rex\u00f3n ufierta oportunidaes para&#8217;l sector? <\/strong>Somos asturianos de naci\u00f3n y de vocaci\u00f3n: nacimos nesta tierra y equ\u00ed queremos siguir. La familia propietaria ye asturiana; los nuesos veceros m\u00e1s importantes t\u00e1n equ\u00ed; munchos de los nuesos provisores tami\u00e9n; tenemos los meyores trabayadores; y una redolada social correctu y c\u00f3mpliz. Ameyorable, poques gracies, pero llenu d&#8217;oportunidaes; y y\u00e1 ta bien de centranos, como asturianos, solo no negativo: si queremos, podemos convertir la nuesa tierra nun para\u00edsu tami\u00e9n empresarial.<\/p>\n<p><strong>\u00bfC\u00f3mo valora&#8217;l panorama del emprendimiento n&#8217;Asturies y qu\u00e9 oportunidaes y desaf\u00edos atopa para les nueves empreses? <\/strong>Tenemos que creenos lo m\u00e1s. Y asumir riesgos. Si yo fuera&#8217;l gobiernu escuchar\u00eda m\u00e1s a los empresarios y pondr\u00edame a la so disposici\u00f3n, harmonizando y simplificando impuestos. Y si fuera empresariu que lo soi, escuchar\u00eda a los mios veceros y pondr\u00edame a la so disposici\u00f3n; por casu, inventando m\u00e1s soluciones econ\u00f3miques, curioses y sostenibles.<\/p>\n<p style=\"text-align: center\"><a href=\"https:\/\/asturtic.es\/wp-content\/uploads\/2025\/02\/IGF_9567-1-1536x1024.jpg\"><img loading=\"lazy\" decoding=\"async\" class=\"aligncenter size-large\" src=\"https:\/\/asturtic.es\/wp-content\/uploads\/2025\/02\/IGF_9567-1-1536x1024.jpg\" width=\"1536\" height=\"1024\" \/><\/a><\/p>\n<p><strong>\u00bfQu\u00e9 papel xuega la sostenibilid\u00e1 en Cartonaxes VIR y qu\u00e9 mid\u00edes implementaron p&#8217;afaese a les nueves esixencies medioambientales? <\/strong>Usar papeles cien per cien reciclables, reciclaos y compostables; imprimir con tintes a l&#8217;agua; embrivir consumos; optimizar tresportes; calcular la buelga de carbonu; ecu-dise\u00f1ar los productos; garantizar les nueses materies primes; diversificar les nueses fontes d&#8217;enerx\u00eda; aplicar la responsabilid\u00e1 corporativa; y ser conscientes del planeta nel que vivimos.<\/p>\n<p><strong>\u00bfCu\u00e1los son los sos planes de futuru pa la empresa y c\u00f3mo ven la evoluci\u00f3n del sector nos pr\u00f3ximos a\u00f1os? <\/strong>Tenemos que siguir modernizando les nueses instalaciones, procesos y maquinaria pa garantizar a toos nuesos veceros un serviciu escelente, en calid\u00e1 y cantid\u00e1. Nun ye f\u00e1cil. Va costar dineru, compromisu y esfuerzu. Pero creo que disponemos del meyor forno humanu y l&#8217;ambici\u00f3n necesaria pa cumplir con tou esto y con m\u00e1s. En siete a\u00f1os vamos llegar a centenarios y siguimos pensando que&#8217;l cart\u00f3n merez enforma la pena. Por n\u00f3s nun va quedar.<\/p>\n<p style=\"text-align: center\"><a href=\"https:\/\/asturtic.es\/wp-content\/uploads\/2025\/02\/IGF_9405-1536x1024.jpg\"><img loading=\"lazy\" decoding=\"async\" class=\"aligncenter size-large\" src=\"https:\/\/asturtic.es\/wp-content\/uploads\/2025\/02\/IGF_9405-1536x1024.jpg\" width=\"1536\" height=\"1024\" \/><\/a><\/p>\n<blockquote>\n<div><\/div>\n<\/blockquote>\n","protected":false},"excerpt":{"rendered":"<p>Inaciu Iglesias<\/p>\n","protected":false},"author":117,"featured_media":0,"comment_status":"open","ping_status":"open","sticky":false,"template":"","format":"video","meta":{"footnotes":""},"categories":[44,51],"tags":[],"class_list":["post-46014","post","type-post","status-publish","format-video","hentry","category-asturianu","category-oficialida","post_format-post-format-video"],"_links":{"self":[{"href":"https:\/\/edublog.educastur.es\/ixuxu\/wp-json\/wp\/v2\/posts\/46014","targetHints":{"allow":["GET"]}}],"collection":[{"href":"https:\/\/edublog.educastur.es\/ixuxu\/wp-json\/wp\/v2\/posts"}],"about":[{"href":"https:\/\/edublog.educastur.es\/ixuxu\/wp-json\/wp\/v2\/types\/post"}],"author":[{"embeddable":true,"href":"https:\/\/edublog.educastur.es\/ixuxu\/wp-json\/wp\/v2\/users\/117"}],"replies":[{"embeddable":true,"href":"https:\/\/edublog.educastur.es\/ixuxu\/wp-json\/wp\/v2\/comments?post=46014"}],"version-history":[{"count":7,"href":"https:\/\/edublog.educastur.es\/ixuxu\/wp-json\/wp\/v2\/posts\/46014\/revisions"}],"predecessor-version":[{"id":46021,"href":"https:\/\/edublog.educastur.es\/ixuxu\/wp-json\/wp\/v2\/posts\/46014\/revisions\/46021"}],"wp:attachment":[{"href":"https:\/\/edublog.educastur.es\/ixuxu\/wp-json\/wp\/v2\/media?parent=46014"}],"wp:term":[{"taxonomy":"category","embeddable":true,"href":"https:\/\/edublog.educastur.es\/ixuxu\/wp-json\/wp\/v2\/categories?post=46014"},{"taxonomy":"post_tag","embeddable":true,"href":"https:\/\/edublog.educastur.es\/ixuxu\/wp-json\/wp\/v2\/tags?post=46014"}],"curies":[{"name":"wp","href":"https:\/\/api.w.org\/{rel}","templated":true}]}}