{"id":46077,"date":"2025-04-15T15:00:39","date_gmt":"2025-04-15T13:00:39","guid":{"rendered":"https:\/\/edublog.educastur.es\/ixuxu\/?p=46077"},"modified":"2025-04-15T21:15:49","modified_gmt":"2025-04-15T19:15:49","slug":"san-tiso-dabres-preparase-para-la-xxvi-feria-de-les-rosques","status":"publish","type":"post","link":"https:\/\/edublog.educastur.es\/ixuxu\/2025\/04\/san-tiso-dabres-preparase-para-la-xxvi-feria-de-les-rosques\/","title":{"rendered":"San Tiso d\u2019Abres prep\u00e1rase para la XXVI Feria de les Rosques"},"content":{"rendered":"<div class=\"html-div xdj266r x11i5rnm xat24cr x1mh8g0r xsag5q8 xz9dl7a x1pi30zi x1swvt13 x1jx94hy\">\n<div class=\"html-div xdj266r x11i5rnm xat24cr x1mh8g0r xexx8yu x4uap5 x18d9i69 xkhd6sd x78zum5 x1q0g3np x1ba4aug\">\n<div class=\"html-div xdj266r x11i5rnm xat24cr x1mh8g0r xexx8yu x4uap5 x18d9i69 xkhd6sd x1iyjqo2 xeuugli\">\n<div class=\"x78zum5 xdt5ytf xz62fqu x16ldp7u\">\n<div class=\"xu06os2 x1ok221b\">\n<ul>\n<li class=\"html-h3 x11i5rnm xat24cr x1mh8g0r xexx8yu x4uap5 x18d9i69 xkhd6sd x1vvkbs x1heor9g x1qlqyl8 x1pd3egz x1a2a7pz x1gslohp x1yc453h\"><span class=\"xt0psk2\"><a class=\"x1i10hfl xjbqb8w x1ejq31n xd10rxx x1sy0etr x17r0tee x972fbf xcfux6l x1qhh985 xm0m39n x9f619 x1ypdohk xt0psk2 xe8uvvx xdj266r x11i5rnm xat24cr x1mh8g0r xexx8yu x4uap5 x18d9i69 xkhd6sd x16tdsg8 x1hl2dhg xggy1nq x1a2a7pz xkrqix3 x1sur9pj xzsf02u x1s688f\" role=\"link\" href=\"https:\/\/www.facebook.com\/verasturies?__cft__[0]=AZWGMbfM_kVUZy1H-0vmTBPypOa4cQaUrakee93wlkb5nEEFrLrT_wrlYkkzuS4ZzT3fpVhLrnkm0QXXEPVGOf89xlGHzN4yo9Qu9oL3hx2fdVMyD51l62EypfqQLlTmsOpaEuB0iD_D4MsYCPI0tJJEK69e8Zr4Hh4fGsFfk8sAz_omzgE8ZKNoa8LoK3NP9ONd3yn39AIEVhVx9GVjlCq2&amp;__tn__=-UC%2CP-y-R\"><strong class=\"html-strong xdj266r x11i5rnm xat24cr x1mh8g0r xexx8yu x4uap5 x18d9i69 xkhd6sd x1hl2dhg x16tdsg8 x1vvkbs x1s688f\"><span class=\"html-span xdj266r x11i5rnm xat24cr x1mh8g0r xexx8yu x4uap5 x18d9i69 xkhd6sd x1hl2dhg x16tdsg8 x1vvkbs\">Ver Asturies<\/span><\/strong><\/a><\/span> \/\u00a0 <a href=\"https:\/\/verasturies.com\/wp-content\/uploads\/2022\/04\/20220408113402_00001-1200x675.jpg\">imaxe<\/a>\u00a0 \u00a0\/ <a href=\"https:\/\/verasturies.com\/san-tiso-dabres-se-prepara-para-la-xxvi-feria-de-las-roscas\/?fbclid=IwY2xjawJrjr1leHRuA2FlbQIxMQABHliNKaW6eKKazH0W5jo95t6VCjHYRnnSt8vXT4APzSs8bgFxvIWitJi4zSON_aem_qrT2-PKawUdlDgn_j91Hng\">Entrada<\/a> \/<\/li>\n<\/ul>\n<\/div>\n<div class=\"xu06os2 x1ok221b\">\n<div class=\"html-div xdj266r x11i5rnm xat24cr x1mh8g0r xexx8yu x4uap5 x18d9i69 xkhd6sd x1q0g3np\" style=\"text-align: center\"><a href=\"https:\/\/verasturies.com\/wp-content\/uploads\/2022\/04\/20220408113402_00001-1200x675.jpg\"><img loading=\"lazy\" decoding=\"async\" class=\"aligncenter size-large\" src=\"https:\/\/verasturies.com\/wp-content\/uploads\/2022\/04\/20220408113402_00001-1200x675.jpg\" width=\"1200\" height=\"675\" \/><\/a><\/div>\n<\/div>\n<\/div>\n<\/div>\n<\/div>\n<\/div>\n<div class=\"html-div xdj266r x11i5rnm xat24cr x1mh8g0r xexx8yu x4uap5 x18d9i69 xkhd6sd\" dir=\"auto\">\n<div class=\"html-div xdj266r x11i5rnm xat24cr x1mh8g0r xexx8yu x4uap5 x18d9i69 xkhd6sd\" dir=\"auto\">\n<div class=\"html-div xdj266r x11i5rnm xat24cr x1mh8g0r xexx8yu x4uap5 x18d9i69 xkhd6sd\" data-ad-rendering-role=\"story_message\">\n<div class=\"x1l90r2v x1iorvi4 x1ye3gou xn6708d\" data-ad-comet-preview=\"message\" data-ad-preview=\"message\">\n<div class=\"x78zum5 xdt5ytf xz62fqu x16ldp7u\">\n<div class=\"xu06os2 x1ok221b\">\n<div class=\"xdj266r x11i5rnm xat24cr x1mh8g0r x1vvkbs x126k92a\">\n<div dir=\"auto\"><span class=\"html-span xexx8yu x4uap5 x18d9i69 xkhd6sd x1hl2dhg x16tdsg8 x1vvkbs x3nfvp2 x1j61x8r x1fcty0u xdj266r xat24cr xgzva0m xhhsvwb xxymvpz xlup9mm x1kky2od\"><img loading=\"lazy\" decoding=\"async\" class=\"xz74otr x168nmei x13lgxp2 x5pf9jr xo71vjh\" src=\"https:\/\/static.xx.fbcdn.net\/images\/emoji.php\/v9\/t51\/1\/16\/1f449.png\" alt=\"\ud83d\udc49\" width=\"16\" height=\"16\" \/><\/span>San Tiso d&#8217;Abres, prepar\u00e1u pa la Feria de les Rosques.<\/div>\n<\/div>\n<div class=\"x11i5rnm xat24cr x1mh8g0r x1vvkbs xtlvy1s x126k92a\">\n<div dir=\"auto\"><!--more--><\/div>\n<div dir=\"auto\">\n<p><strong><span style=\"color: #008080\">El pr\u00f3ximu 17 y 18 d&#8217;abril de 2025, el conceyu de Santiso d&#8217;Abres, nel occidente asturianu<\/span><\/strong>, va acoyer la ventiavu sesta edici\u00f3n de la <span style=\"color: #008080\"><strong>Feria de les Rosques<\/strong><\/span>, una cita y\u00e1 emblem\u00e1tica qu&#8217;a\u00fana productos agroalimentarios, turismu y, sobremanera, tradiciones locales fondamente enraigonaes. Esti eventu, que cunta con entrada gratuita y actividaes para tolos p\u00fablicos, busca rindir homenaxe a unu de los dulces m\u00e1s caracter\u00edsticos de la Selmana Santa tirse\u00f1a: les rosques de Santiso.<\/p>\n<p>Entamada pol Conceyu de Santiso d&#8217;Abres y cola collaboraci\u00f3n de Caxa Rural d&#8217;Asturies, la feria va cuntar con una amplia programaci\u00f3n que combina m\u00fasica, talleres, degustaciones, sorteos y entretenimientu para ne\u00f1os. Les actividaes van #desenvolver ente les 11:00 y les 20:00 hores en dambos d\u00edes, dexando a vecinos y visitantes esfrutar d&#8217;una xornada completa d&#8217;ociu, cultura y gastronom\u00eda.<\/p>\n<p><strong>Xueves 17: m\u00fasica, homenaxe y taller de rosques. <\/strong>El xueves 17, la feria va empezar a les 11:00 de la ma\u00f1ana con un pasacais a cargu del grupu de gaites \u201cA Chocolateira\u201d, que va enllenar d&#8217;ambiente festivo les cais del conceyu. A les 11:30, los m\u00e1s pequenos van poder esfrutar d&#8217;enchibles gratuitos, una activid\u00e1 que se va repitir a lo llargo del eventu, garantizando diversi\u00f3n familiar.<\/p>\n<p>A mediud\u00eda, a les 12:00 hores, va tener llugar unu de los momentos m\u00e1s emotivos de la xornada: la inauguraci\u00f3n oficial de la feria y un homenaxe especial a \u201cAs Rosqueiras\u201d, les muyeres que caltuvieron viva la tradici\u00f3n d&#8217;ellaborar les famoses rosques de Selmana Santa. Esta reconocencia pon en valor la importancia del saber popular tresmit\u00edu de xeneraci\u00f3n en xeneraci\u00f3n, seg\u00fan el papel de la muyer nel caltenimientu del patrimoniu gastron\u00f3micu local.<\/p>\n<p>Y\u00e1 pela tarde, a les 15:30, la m\u00fasica volver\u00e1 ser protagonista cola actuaci\u00f3n de \u201cSilvia Acordionista\u201d, que va apurrir un toque tradicional y festivo a la xornada. El puntu culminante va llegar a les 17:30 con un taller titul\u00e1u \u201cEllaboraci\u00f3n de rosques de Santiso\u201d, nel que se va ense\u00f1ar a los asistentes c\u00f3mo preparar esti dulce t\u00edpicu. La invitaci\u00f3n ye abierta: \u201cVen a aprender a faer les nueses rosques de Selmana Santa\u201d, reza&#8217;l cartelu promocional.<\/p>\n<p><strong>Vienres 18: degustaciones, m\u00fasica y sort\u00e9u. <\/strong>El vienres 18 les actividaes van siguir a les 11:30 con nuevos enchibles gratuitos pa los ne\u00f1os. Pela tarde, a les 15:30, va vivise un momentu musical cola presentaci\u00f3n del \u201cD\u00fao Colimbo\u201d, que va ufiertar el so repertoriu al p\u00fablicu asistente. Paralelamente, van caltenese les actividaes infantiles con m\u00e1s enchibles pa garantizar una xornada l\u00fadica completa.<\/p>\n<p>Unu de los grandes curiosos del d\u00eda va ser la degustaci\u00f3n gratuita de rosques de Santiso con chocolate, que se va celebrar tami\u00e9n a les 15:30. Esta activid\u00e1 va dexar a los asistentes esfrutar del sabor \u00fanico d&#8217;esti productu tradicional acompa\u00f1\u00e1u d&#8217;un toque duce, nuna redolada atopadizo y festivo.<\/p>\n<p>Pa cerrar la feria con broche d&#8217;oru, a les 19:45 va celebrase&#8217;l sort\u00e9u \u201cConoz el to pueblu\u201d, una iniciativa que busca fomentar l&#8217;inter\u00e9s pol patrimoniu local y promover la participaci\u00f3n comu\u00f1al.<\/p>\n<p>Mientres los dos d\u00edes de feria, tami\u00e9n va haber demostraciones d&#8217;artesan\u00eda en vivu, con artesanos locales amosando los sos oficios y t\u00e9cniques. L&#8217;eventu va disponer de serviciu de chigre y pulper\u00eda, pa quien deseyen esfrutar d&#8217;una ufierta gastron\u00f3mica m\u00e1s amplia nun ambiente distend\u00edu.<\/p>\n<\/div>\n<\/div>\n<\/div>\n<\/div>\n<\/div>\n<\/div>\n<\/div>\n<\/div>\n<p>&nbsp;<\/p>\n","protected":false},"excerpt":{"rendered":"<p>Ver Asturies \/\u00a0 imaxe\u00a0 \u00a0\/ Entrada \/ San Tiso d&#8217;Abres, prepar\u00e1u pa la Feria de les Rosques.<\/p>\n","protected":false},"author":117,"featured_media":0,"comment_status":"open","ping_status":"open","sticky":false,"template":"","format":"standard","meta":{"footnotes":""},"categories":[138,167],"tags":[],"class_list":["post-46077","post","type-post","status-publish","format-standard","hentry","category-alimentos","category-feries"],"_links":{"self":[{"href":"https:\/\/edublog.educastur.es\/ixuxu\/wp-json\/wp\/v2\/posts\/46077","targetHints":{"allow":["GET"]}}],"collection":[{"href":"https:\/\/edublog.educastur.es\/ixuxu\/wp-json\/wp\/v2\/posts"}],"about":[{"href":"https:\/\/edublog.educastur.es\/ixuxu\/wp-json\/wp\/v2\/types\/post"}],"author":[{"embeddable":true,"href":"https:\/\/edublog.educastur.es\/ixuxu\/wp-json\/wp\/v2\/users\/117"}],"replies":[{"embeddable":true,"href":"https:\/\/edublog.educastur.es\/ixuxu\/wp-json\/wp\/v2\/comments?post=46077"}],"version-history":[{"count":1,"href":"https:\/\/edublog.educastur.es\/ixuxu\/wp-json\/wp\/v2\/posts\/46077\/revisions"}],"predecessor-version":[{"id":46078,"href":"https:\/\/edublog.educastur.es\/ixuxu\/wp-json\/wp\/v2\/posts\/46077\/revisions\/46078"}],"wp:attachment":[{"href":"https:\/\/edublog.educastur.es\/ixuxu\/wp-json\/wp\/v2\/media?parent=46077"}],"wp:term":[{"taxonomy":"category","embeddable":true,"href":"https:\/\/edublog.educastur.es\/ixuxu\/wp-json\/wp\/v2\/categories?post=46077"},{"taxonomy":"post_tag","embeddable":true,"href":"https:\/\/edublog.educastur.es\/ixuxu\/wp-json\/wp\/v2\/tags?post=46077"}],"curies":[{"name":"wp","href":"https:\/\/api.w.org\/{rel}","templated":true}]}}